{"id":11532,"date":"2024-12-13T09:42:01","date_gmt":"2024-12-13T08:42:01","guid":{"rendered":"https:\/\/agora.xtec.cat\/iesdecelra\/?p=11532"},"modified":"2024-12-15T22:01:41","modified_gmt":"2024-12-15T21:01:41","slug":"resultat-concursos-setmana-de-la-ciencia","status":"publish","type":"post","link":"https:\/\/agora.xtec.cat\/iesdecelra\/cursos\/eso\/resultat-concursos-setmana-de-la-ciencia\/","title":{"rendered":"RESULTAT CONCURSOS SETMANA DE LA CI\u00c8NCIA"},"content":{"rendered":"<p>La setmana d l&#8217;11 al 20 de novembre v\u00e0rem celebrar la Setmana de la ci\u00e8ncia a l&#8217;institut. Com cada any s&#8217;han dut a terme diversos concursos relacionats amb l&#8217;\u00e0mbit cient\u00edfic, matem\u00e0tic i tecnol\u00f2gic que us recollim tot seguit.<\/p>\n<p>Guanyadors del concurs de coets del 20 de novembre:<\/p>\n<ul>\n<li>Carla S\u00e1nchez, Jana Rossell i Aina Otero de 1r D<\/li>\n<li>Cesc Vald\u00e9s 2n E, Dario Reyes 2n B i Noe Padilla 2n B<\/li>\n<\/ul>\n<p>Premiats al concurs d\u2019emoticones:<\/p>\n<ul>\n<li>Premiats, amb 3 o 4 respostes correctes: Mariamu Keita 1r Bat, Mariona Barco 1r Bat, Laia Matarrodona 1r Bat, Zoe Dilm\u00e9 3r E i\u00a0 Laia Delgado 2n A.<\/li>\n<li>Per proposar una seq\u00fc\u00e8ncia d&#8217;emoticones: David Paredes 3r E i Laura Fructuoso.<\/li>\n<\/ul>\n<p>Concurs de fotografia: Aquest any ha quedat desert.<\/p>\n<p>Convoquem als guanyadors el pr\u00f2xim dijous 19 de desembre al segon pati al Laboratori Rosalind Franklin.<\/p>\n\r\n\t<div class=\"slideshow_container slideshow_container_style-light\" style=\"height: 500px; \" data-slideshow-id=\"11708\" data-style-name=\"style-light\" data-style-version=\"2.3.1\" >\r\n\r\n\t\t\t\t\t<div class=\"slideshow_loading_icon\"><\/div>\r\n\t\t\r\n\t\t<div class=\"slideshow_content\" style=\"display: none;\">\r\n\r\n\t\t\t<div class=\"slideshow_view\">\r\n\t\t\t\t<div class=\"slideshow_slide slideshow_slide_image\">\r\n\t\t\t\t\t\t\t\t\t\t\t<img src=\"https:\/\/agora.xtec.cat\/iesdecelra\/wp-content\/uploads\/usu1789\/2024\/12\/WhatsApp-Image-2024-12-11-at-13.04.41.jpeg\" alt=\"WhatsApp Image 2024-12-11 at 13.04.41\" width=\"1200\" height=\"1600\" \/>\r\n\t\t\t\t\t\t\t\t\t\t<div class=\"slideshow_description_box slideshow_transparent\">\r\n\t\t\t\t\t\t\t\t\t\t\t\t\t\t\t\t\t<\/div>\r\n\t\t\t\t<\/div>\r\n\r\n\t\t\t\t\t\t<div style=\"clear: both;\"><\/div><\/div><div class=\"slideshow_view\">\r\n\t\t\t\t<div class=\"slideshow_slide slideshow_slide_image\">\r\n\t\t\t\t\t\t\t\t\t\t\t<img src=\"https:\/\/agora.xtec.cat\/iesdecelra\/wp-content\/uploads\/usu1789\/2024\/12\/WhatsApp-Image-2024-12-11-at-13.04.41-1.jpeg\" alt=\"WhatsApp Image 2024-12-11 at 13.04.41 (1)\" width=\"1200\" height=\"1600\" \/>\r\n\t\t\t\t\t\t\t\t\t\t<div class=\"slideshow_description_box slideshow_transparent\">\r\n\t\t\t\t\t\t\t\t\t\t\t\t\t\t\t\t\t<\/div>\r\n\t\t\t\t<\/div>\r\n\r\n\t\t\t\t\t\t<div style=\"clear: both;\"><\/div><\/div><div class=\"slideshow_view\">\r\n\t\t\t\t<div class=\"slideshow_slide slideshow_slide_image\">\r\n\t\t\t\t\t\t\t\t\t\t\t<img src=\"https:\/\/agora.xtec.cat\/iesdecelra\/wp-content\/uploads\/usu1789\/2024\/12\/WhatsApp-Image-2024-12-11-at-13.04.41-2.jpeg\" alt=\"WhatsApp Image 2024-12-11 at 13.04.41 (2)\" width=\"1200\" height=\"1600\" \/>\r\n\t\t\t\t\t\t\t\t\t\t<div class=\"slideshow_description_box slideshow_transparent\">\r\n\t\t\t\t\t\t\t\t\t\t\t\t\t\t\t\t\t<\/div>\r\n\t\t\t\t<\/div>\r\n\r\n\t\t\t\t\t\t<div style=\"clear: both;\"><\/div><\/div><div class=\"slideshow_view\">\r\n\t\t\t\t<div class=\"slideshow_slide slideshow_slide_image\">\r\n\t\t\t\t\t<a href=\"https:\/\/drive.google.com\/file\/d\/1xoszM25KBCEXcghVtR7pGdH6A9p56uk5\/view?usp=drive_link\" target=\"_self\" >\t\t\t\t\t\t<img src=\"https:\/\/agora.xtec.cat\/iesdecelra\/wp-content\/uploads\/usu1789\/2024\/12\/WhatsApp-Image-2024-12-11-at-13.04.42.jpeg\" alt=\"\" width=\"1200\" height=\"1600\" \/>\r\n\t\t\t\t\t<\/a>\t\t\t\t\t<div class=\"slideshow_description_box slideshow_transparent\">\r\n\t\t\t\t\t\t\t\t\t\t\t\t\t\t\t\t\t<\/div>\r\n\t\t\t\t<\/div>\r\n\r\n\t\t\t\t\t\t<div style=\"clear: both;\"><\/div><\/div>\r\n\t\t<\/div>\r\n\r\n\t\t<div class=\"slideshow_controlPanel slideshow_transparent\" style=\"display: none;\"><ul><li class=\"slideshow_togglePlay\" data-play-text=\"Visualitza\" data-pause-text=\"Pausa\"><\/li><\/ul><\/div>\r\n\r\n\t\t<div class=\"slideshow_button slideshow_previous slideshow_transparent\" role=\"button\" data-previous-text=\"Anterior\" style=\"display: none;\"><\/div>\r\n\t\t<div class=\"slideshow_button slideshow_next slideshow_transparent\" role=\"button\" data-next-text=\"Seg\u00fcent\" style=\"display: none;\"><\/div>\r\n\r\n\t\t<div class=\"slideshow_pagination\" style=\"display: none;\" data-go-to-text=\"V\u00e9s a la diapositiva\"><div class=\"slideshow_pagination_center\"><\/div><\/div>\r\n\r\n\t\t<!-- WordPress Slideshow Version 2.3.1 -->\r\n\r\n\t\t\t<\/div>\r\n\r\n\n<p>&nbsp;<\/p>\n","protected":false},"excerpt":{"rendered":"<p>La setmana d l&#8217;11 al 20 de novembre v\u00e0rem celebrar la Setmana de la ci\u00e8ncia a l&#8217;institut. Com cada any s&#8217;han dut a terme diversos concursos relacionats amb l&#8217;\u00e0mbit cient\u00edfic, matem\u00e0tic i tecnol\u00f2gic que us recollim tot seguit.<br \/>\nGuanyadors del concurs de coets del 20 de&hellip;  <a href=\"https:\/\/agora.xtec.cat\/iesdecelra\/cursos\/eso\/resultat-concursos-setmana-de-la-ciencia\/\" title=\"Read RESULTAT CONCURSOS SETMANA DE LA CI\u00c8NCIA\">Llegeix m\u00e9s\u00bb<\/a><\/p>\n","protected":false},"author":1,"featured_media":11720,"comment_status":"open","ping_status":"closed","sticky":false,"template":"","format":"standard","meta":{"_bbp_topic_count":0,"_bbp_reply_count":0,"_bbp_total_topic_count":0,"_bbp_total_reply_count":0,"_bbp_voice_count":0,"_bbp_anonymous_reply_count":0,"_bbp_topic_count_hidden":0,"_bbp_reply_count_hidden":0,"_bbp_forum_subforum_count":0,"footnotes":""},"categories":[103,3,299],"tags":[168,370,144],"class_list":["post-11532","post","type-post","status-publish","format-standard","has-post-thumbnail","hentry","category-actualitat","category-eso","category-insteam","tag-concursos","tag-curs-2024-2025","tag-setmana-de-la-ciencia"],"post_mailing_queue_ids":[],"_links":{"self":[{"href":"https:\/\/agora.xtec.cat\/iesdecelra\/wp-json\/wp\/v2\/posts\/11532","targetHints":{"allow":["GET"]}}],"collection":[{"href":"https:\/\/agora.xtec.cat\/iesdecelra\/wp-json\/wp\/v2\/posts"}],"about":[{"href":"https:\/\/agora.xtec.cat\/iesdecelra\/wp-json\/wp\/v2\/types\/post"}],"author":[{"embeddable":true,"href":"https:\/\/agora.xtec.cat\/iesdecelra\/wp-json\/wp\/v2\/users\/1"}],"replies":[{"embeddable":true,"href":"https:\/\/agora.xtec.cat\/iesdecelra\/wp-json\/wp\/v2\/comments?post=11532"}],"version-history":[{"count":6,"href":"https:\/\/agora.xtec.cat\/iesdecelra\/wp-json\/wp\/v2\/posts\/11532\/revisions"}],"predecessor-version":[{"id":11724,"href":"https:\/\/agora.xtec.cat\/iesdecelra\/wp-json\/wp\/v2\/posts\/11532\/revisions\/11724"}],"wp:featuredmedia":[{"embeddable":true,"href":"https:\/\/agora.xtec.cat\/iesdecelra\/wp-json\/wp\/v2\/media\/11720"}],"wp:attachment":[{"href":"https:\/\/agora.xtec.cat\/iesdecelra\/wp-json\/wp\/v2\/media?parent=11532"}],"wp:term":[{"taxonomy":"category","embeddable":true,"href":"https:\/\/agora.xtec.cat\/iesdecelra\/wp-json\/wp\/v2\/categories?post=11532"},{"taxonomy":"post_tag","embeddable":true,"href":"https:\/\/agora.xtec.cat\/iesdecelra\/wp-json\/wp\/v2\/tags?post=11532"}],"curies":[{"name":"wp","href":"https:\/\/api.w.org\/{rel}","templated":true}]}}