{"id":11446,"date":"2024-11-13T09:39:43","date_gmt":"2024-11-13T08:39:43","guid":{"rendered":"https:\/\/agora.xtec.cat\/iesdecelra\/?p=11446"},"modified":"2024-11-13T09:42:54","modified_gmt":"2024-11-13T08:42:54","slug":"la-literatura-cura","status":"publish","type":"post","link":"https:\/\/agora.xtec.cat\/iesdecelra\/actualitat\/la-literatura-cura\/","title":{"rendered":"LA LITERATURA CURA"},"content":{"rendered":"<p>Des del 12 de novembre, alumnes i professors disposen d\u2019un expositor amb textos literaris que poden agafar sempre que necessitin. Es presenta com si fos una farmaciola amb el lema: \u201cLA LITERATURA CURA\u201d. La finalitat \u00e9s clara: vetllar per la salut liter\u00e0ria de tots els membres de l\u2019institut.<\/p>\n<p>Cada dos mesos aproximadament, hi haur\u00e0 canvis i noves propostes liter\u00e0ries. Per aquests mesos de tardor, es proposen els seg\u00fcents g\u00e8neres, segons els s\u00edmptomes:<br \/>\n1. T\u2019han trencat al cor? Alguna ferida sentimental? Agafa unes gotes d\u2019amor. Si pots ser abans d\u2019esmorzar, aplica-te-les dins els ulls perqu\u00e8 t\u2019ajudaran a veure-ho tot de color de rosa.<br \/>\n2. No pots dormir? Les cab\u00f2ries no et deixen descansar? Et falta una mica de fantasia. Una pastilla abans d\u2019anar al llit, et far\u00e0 somniar amb altres mons, totalment possibles en la ficci\u00f3.<br \/>\n3. T\u2019apropes massa a l\u2019avorriment? Potser ja has caigut en la monotonia? Doncs necessites les vitamines d\u2019una bona hist\u00f2ria de misteri amb alguns grams de por. Tanca portes i finestres, sobretot.<br \/>\n4. T\u2019estressa tanta xerinola, la hipocresia de la felicitat permanent i els somriures de Mr. Wonderful? Una p\u00edndola de transcend\u00e8ncia sobre la mort, sempre sorprenent, et pot reconfortar i allunyar-te de la imbecil\u00b7litat, sobretot despr\u00e9s de sopar.<br \/>\n5. Has perdut la gana? Tens problemes intestinals? Potser s\u00f3n dubtes existencials? Un comprimit efervescent de reflexions al voltant de la vida i de l\u2019\u00e9sser hum\u00e0 al capvespre \u00e9s el millor per fer una bona digesti\u00f3 de tot plegat. Es recomana compartir-la, si pot ser al pati o a la cantina.<br \/>\n6. Has tingut atacs d\u2019angoixa? T\u2019agafes la vida massa a la valenta? Treu-hi ferro i pren-te, a qualsevol hora del dia, unes c\u00e0psules d\u2019humor.<\/p>\n<p>I RECORDEU: MANTINGUEU SEMPRE LA LITERATURA A L\u2019ABAST DELS NENS!<\/p>\n<p><a href=\"https:\/\/agora.xtec.cat\/iesdecelra\/wp-content\/uploads\/usu1789\/2024\/11\/LA-LITERATURA-CURA.pdf\"><img loading=\"lazy\" decoding=\"async\" class=\"aligncenter size-full wp-image-11453\" src=\"https:\/\/agora.xtec.cat\/iesdecelra\/wp-content\/uploads\/usu1789\/2024\/11\/Captura-de-pantalla-2024-11-13-093719.png\" alt=\"\" width=\"351\" height=\"875\" srcset=\"https:\/\/agora.xtec.cat\/iesdecelra\/wp-content\/uploads\/usu1789\/2024\/11\/Captura-de-pantalla-2024-11-13-093719.png 351w, https:\/\/agora.xtec.cat\/iesdecelra\/wp-content\/uploads\/usu1789\/2024\/11\/Captura-de-pantalla-2024-11-13-093719-120x300.png 120w\" sizes=\"auto, (max-width: 351px) 100vw, 351px\" \/><\/a> <a href=\"https:\/\/agora.xtec.cat\/iesdecelra\/wp-content\/uploads\/usu1789\/2024\/11\/INSTRUCCIONES-DISPENSARIO-OTONO.pdf\"><img loading=\"lazy\" decoding=\"async\" class=\"aligncenter wp-image-11454\" src=\"https:\/\/agora.xtec.cat\/iesdecelra\/wp-content\/uploads\/usu1789\/2024\/11\/Captura-de-pantalla-2024-11-13-093747.png\" alt=\"\" width=\"545\" height=\"731\" srcset=\"https:\/\/agora.xtec.cat\/iesdecelra\/wp-content\/uploads\/usu1789\/2024\/11\/Captura-de-pantalla-2024-11-13-093747.png 620w, https:\/\/agora.xtec.cat\/iesdecelra\/wp-content\/uploads\/usu1789\/2024\/11\/Captura-de-pantalla-2024-11-13-093747-224x300.png 224w\" sizes=\"auto, (max-width: 545px) 100vw, 545px\" \/><\/a><\/p>\n","protected":false},"excerpt":{"rendered":"<p>Des del 12 de novembre, alumnes i professors disposen d\u2019un expositor amb textos literaris que poden agafar sempre que necessitin. Es presenta com si fos una farmaciola amb el lema: \u201cLA LITERATURA CURA\u201d. La finalitat \u00e9s clara: vetllar per la salut liter\u00e0ria de tots els&hellip;  <a href=\"https:\/\/agora.xtec.cat\/iesdecelra\/actualitat\/la-literatura-cura\/\" title=\"Read LA LITERATURA CURA\">Llegeix m\u00e9s\u00bb<\/a><\/p>\n","protected":false},"author":1,"featured_media":11451,"comment_status":"open","ping_status":"closed","sticky":false,"template":"","format":"standard","meta":{"_bbp_topic_count":0,"_bbp_reply_count":0,"_bbp_total_topic_count":0,"_bbp_total_reply_count":0,"_bbp_voice_count":0,"_bbp_anonymous_reply_count":0,"_bbp_topic_count_hidden":0,"_bbp_reply_count_hidden":0,"_bbp_forum_subforum_count":0,"footnotes":""},"categories":[103],"tags":[370,174],"class_list":["post-11446","post","type-post","status-publish","format-standard","has-post-thumbnail","hentry","category-actualitat","tag-curs-2024-2025","tag-departament-de-castella"],"post_mailing_queue_ids":[],"_links":{"self":[{"href":"https:\/\/agora.xtec.cat\/iesdecelra\/wp-json\/wp\/v2\/posts\/11446","targetHints":{"allow":["GET"]}}],"collection":[{"href":"https:\/\/agora.xtec.cat\/iesdecelra\/wp-json\/wp\/v2\/posts"}],"about":[{"href":"https:\/\/agora.xtec.cat\/iesdecelra\/wp-json\/wp\/v2\/types\/post"}],"author":[{"embeddable":true,"href":"https:\/\/agora.xtec.cat\/iesdecelra\/wp-json\/wp\/v2\/users\/1"}],"replies":[{"embeddable":true,"href":"https:\/\/agora.xtec.cat\/iesdecelra\/wp-json\/wp\/v2\/comments?post=11446"}],"version-history":[{"count":3,"href":"https:\/\/agora.xtec.cat\/iesdecelra\/wp-json\/wp\/v2\/posts\/11446\/revisions"}],"predecessor-version":[{"id":11455,"href":"https:\/\/agora.xtec.cat\/iesdecelra\/wp-json\/wp\/v2\/posts\/11446\/revisions\/11455"}],"wp:featuredmedia":[{"embeddable":true,"href":"https:\/\/agora.xtec.cat\/iesdecelra\/wp-json\/wp\/v2\/media\/11451"}],"wp:attachment":[{"href":"https:\/\/agora.xtec.cat\/iesdecelra\/wp-json\/wp\/v2\/media?parent=11446"}],"wp:term":[{"taxonomy":"category","embeddable":true,"href":"https:\/\/agora.xtec.cat\/iesdecelra\/wp-json\/wp\/v2\/categories?post=11446"},{"taxonomy":"post_tag","embeddable":true,"href":"https:\/\/agora.xtec.cat\/iesdecelra\/wp-json\/wp\/v2\/tags?post=11446"}],"curies":[{"name":"wp","href":"https:\/\/api.w.org\/{rel}","templated":true}]}}