{"id":11236,"date":"2024-10-03T09:55:38","date_gmt":"2024-10-03T07:55:38","guid":{"rendered":"https:\/\/agora.xtec.cat\/iesdecelra\/?p=11236"},"modified":"2024-10-02T10:00:03","modified_gmt":"2024-10-02T08:00:03","slug":"24-25-sortida-optativa_projecte-rius","status":"publish","type":"post","link":"https:\/\/agora.xtec.cat\/iesdecelra\/actualitat\/24-25-sortida-optativa_projecte-rius\/","title":{"rendered":"SORTIDA OPTATIVA BIG_PROJECTE RIUS"},"content":{"rendered":"<p><span style=\"font-weight: 400;\">El passat dimarts dia 24 de setembre, l&#8217;alumnat de l\u2019optativa de biologia i geologia van anar al riu Ter per poder dur a terme el <\/span><b>projecte rius<\/b><span style=\"font-weight: 400;\">. Aquest projecte tracta de fer una s\u00e8rie de proves a les aig\u00fces del riu Ter, per veure i controlar com evoluciona la fauna i la flora de l\u2019ecosistema. En aquesta sortida s\u2019analitzen diferents aspectes, ja sigui de l\u2019aigua (pH, oxigen, velocitat del riu, profunditat\u2026), o dels \u00e9ssers vius (petits invertebrats, diferenciar esp\u00e8cies d\u2019animals, controlar la flora\u2026). Un cop que s\u2019analitzen totes les dades, s\u2019envien els resultats als bi\u00f2legs i ge\u00f2legs del projecte, aix\u00ed podem tenir un control de com van evolucionant els rius a Espanya, en el nostre cas el riu Ter.\u00a0<\/span><\/p>\n<p>Alumnat de l&#8217;optativa de 4t d&#8217;ESO de Biologia i Geologia<\/p>\n\r\n\t<div class=\"slideshow_container slideshow_container_style-light\" style=\"height: 500px; \" data-slideshow-id=\"11238\" data-style-name=\"style-light\" data-style-version=\"2.3.1\" >\r\n\r\n\t\t\t\t\t<div class=\"slideshow_loading_icon\"><\/div>\r\n\t\t\r\n\t\t<div class=\"slideshow_content\" style=\"display: none;\">\r\n\r\n\t\t\t<div class=\"slideshow_view\">\r\n\t\t\t\t<div class=\"slideshow_slide slideshow_slide_image\">\r\n\t\t\t\t\t\t\t\t\t\t\t<img src=\"https:\/\/agora.xtec.cat\/iesdecelra\/wp-content\/uploads\/usu1789\/2024\/10\/Captura-de-Pantalla-2024-10-02-a-les-9.50.19.png\" alt=\"Captura de Pantalla 2024-10-02 a les 9.50.19\" width=\"719\" height=\"567\" \/>\r\n\t\t\t\t\t\t\t\t\t\t<div class=\"slideshow_description_box slideshow_transparent\">\r\n\t\t\t\t\t\t<div class=\"slideshow_title\">Captura de Pantalla 2024-10-02 a les 9.50.19<\/div>\t\t\t\t\t\t\t\t\t\t\t<\/div>\r\n\t\t\t\t<\/div>\r\n\r\n\t\t\t\t\t\t<div style=\"clear: both;\"><\/div><\/div><div class=\"slideshow_view\">\r\n\t\t\t\t<div class=\"slideshow_slide slideshow_slide_image\">\r\n\t\t\t\t\t\t\t\t\t\t\t<img src=\"https:\/\/agora.xtec.cat\/iesdecelra\/wp-content\/uploads\/usu1789\/2024\/10\/Captura-de-Pantalla-2024-10-02-a-les-9.50.29.png\" alt=\"Captura de Pantalla 2024-10-02 a les 9.50.29\" width=\"710\" height=\"616\" \/>\r\n\t\t\t\t\t\t\t\t\t\t<div class=\"slideshow_description_box slideshow_transparent\">\r\n\t\t\t\t\t\t<div class=\"slideshow_title\">Captura de Pantalla 2024-10-02 a les 9.50.29<\/div>\t\t\t\t\t\t\t\t\t\t\t<\/div>\r\n\t\t\t\t<\/div>\r\n\r\n\t\t\t\t\t\t<div style=\"clear: both;\"><\/div><\/div><div class=\"slideshow_view\">\r\n\t\t\t\t<div class=\"slideshow_slide slideshow_slide_image\">\r\n\t\t\t\t\t\t\t\t\t\t\t<img src=\"https:\/\/agora.xtec.cat\/iesdecelra\/wp-content\/uploads\/usu1789\/2024\/10\/Captura-de-Pantalla-2024-10-02-a-les-9.50.46.png\" alt=\"Captura de Pantalla 2024-10-02 a les 9.50.46\" width=\"258\" height=\"379\" \/>\r\n\t\t\t\t\t\t\t\t\t\t<div class=\"slideshow_description_box slideshow_transparent\">\r\n\t\t\t\t\t\t<div class=\"slideshow_title\">Captura de Pantalla 2024-10-02 a les 9.50.46<\/div>\t\t\t\t\t\t\t\t\t\t\t<\/div>\r\n\t\t\t\t<\/div>\r\n\r\n\t\t\t\t\t\t<div style=\"clear: both;\"><\/div><\/div><div class=\"slideshow_view\">\r\n\t\t\t\t<div class=\"slideshow_slide slideshow_slide_image\">\r\n\t\t\t\t\t\t\t\t\t\t\t<img src=\"https:\/\/agora.xtec.cat\/iesdecelra\/wp-content\/uploads\/usu1789\/2024\/10\/Captura-de-Pantalla-2024-10-02-a-les-9.50.56.png\" alt=\"Captura de Pantalla 2024-10-02 a les 9.50.56\" width=\"491\" height=\"540\" \/>\r\n\t\t\t\t\t\t\t\t\t\t<div class=\"slideshow_description_box slideshow_transparent\">\r\n\t\t\t\t\t\t<div class=\"slideshow_title\">Captura de Pantalla 2024-10-02 a les 9.50.56<\/div>\t\t\t\t\t\t\t\t\t\t\t<\/div>\r\n\t\t\t\t<\/div>\r\n\r\n\t\t\t\t\t\t<div style=\"clear: both;\"><\/div><\/div><div class=\"slideshow_view\">\r\n\t\t\t\t<div class=\"slideshow_slide slideshow_slide_image\">\r\n\t\t\t\t\t\t\t\t\t\t\t<img src=\"https:\/\/agora.xtec.cat\/iesdecelra\/wp-content\/uploads\/usu1789\/2024\/10\/Captura-de-Pantalla-2024-10-02-a-les-9.51.04.png\" alt=\"Captura de Pantalla 2024-10-02 a les 9.51.04\" width=\"608\" height=\"271\" \/>\r\n\t\t\t\t\t\t\t\t\t\t<div class=\"slideshow_description_box slideshow_transparent\">\r\n\t\t\t\t\t\t<div class=\"slideshow_title\">Captura de Pantalla 2024-10-02 a les 9.51.04<\/div>\t\t\t\t\t\t\t\t\t\t\t<\/div>\r\n\t\t\t\t<\/div>\r\n\r\n\t\t\t\t\t\t<div style=\"clear: both;\"><\/div><\/div>\r\n\t\t<\/div>\r\n\r\n\t\t<div class=\"slideshow_controlPanel slideshow_transparent\" style=\"display: none;\"><ul><li class=\"slideshow_togglePlay\" data-play-text=\"Visualitza\" data-pause-text=\"Pausa\"><\/li><\/ul><\/div>\r\n\r\n\t\t<div class=\"slideshow_button slideshow_previous slideshow_transparent\" role=\"button\" data-previous-text=\"Anterior\" style=\"display: none;\"><\/div>\r\n\t\t<div class=\"slideshow_button slideshow_next slideshow_transparent\" role=\"button\" data-next-text=\"Seg\u00fcent\" style=\"display: none;\"><\/div>\r\n\r\n\t\t<div class=\"slideshow_pagination\" style=\"display: none;\" data-go-to-text=\"V\u00e9s a la diapositiva\"><div class=\"slideshow_pagination_center\"><\/div><\/div>\r\n\r\n\t\t<!-- WordPress Slideshow Version 2.3.1 -->\r\n\r\n\t\t\t<\/div>\r\n\r\n\n<p><br style=\"font-weight: 400;\" \/><br style=\"font-weight: 400;\" \/><\/p>\n","protected":false},"excerpt":{"rendered":"<p>El passat dimarts dia 24 de setembre, l&#8217;alumnat de l\u2019optativa de biologia i geologia van anar al riu Ter per poder dur a terme el projecte rius. Aquest projecte tracta de fer una s\u00e8rie de proves a les aig\u00fces del riu Ter, per veure i&hellip;  <a href=\"https:\/\/agora.xtec.cat\/iesdecelra\/actualitat\/24-25-sortida-optativa_projecte-rius\/\" title=\"Read SORTIDA OPTATIVA BIG_PROJECTE RIUS\">Llegeix m\u00e9s\u00bb<\/a><\/p>\n","protected":false},"author":1,"featured_media":11243,"comment_status":"open","ping_status":"closed","sticky":false,"template":"","format":"standard","meta":{"_bbp_topic_count":0,"_bbp_reply_count":0,"_bbp_total_topic_count":0,"_bbp_total_reply_count":0,"_bbp_voice_count":0,"_bbp_anonymous_reply_count":0,"_bbp_topic_count_hidden":0,"_bbp_reply_count_hidden":0,"_bbp_forum_subforum_count":0,"footnotes":""},"categories":[103,345],"tags":[374,376,370,375,377,294],"class_list":["post-11236","post","type-post","status-publish","format-standard","has-post-thumbnail","hentry","category-actualitat","category-escola-verda","tag-biologia","tag-biologiaigeologia","tag-curs-2024-2025","tag-geologia","tag-optativa","tag-projecte-rius"],"post_mailing_queue_ids":[],"_links":{"self":[{"href":"https:\/\/agora.xtec.cat\/iesdecelra\/wp-json\/wp\/v2\/posts\/11236","targetHints":{"allow":["GET"]}}],"collection":[{"href":"https:\/\/agora.xtec.cat\/iesdecelra\/wp-json\/wp\/v2\/posts"}],"about":[{"href":"https:\/\/agora.xtec.cat\/iesdecelra\/wp-json\/wp\/v2\/types\/post"}],"author":[{"embeddable":true,"href":"https:\/\/agora.xtec.cat\/iesdecelra\/wp-json\/wp\/v2\/users\/1"}],"replies":[{"embeddable":true,"href":"https:\/\/agora.xtec.cat\/iesdecelra\/wp-json\/wp\/v2\/comments?post=11236"}],"version-history":[{"count":3,"href":"https:\/\/agora.xtec.cat\/iesdecelra\/wp-json\/wp\/v2\/posts\/11236\/revisions"}],"predecessor-version":[{"id":11245,"href":"https:\/\/agora.xtec.cat\/iesdecelra\/wp-json\/wp\/v2\/posts\/11236\/revisions\/11245"}],"wp:featuredmedia":[{"embeddable":true,"href":"https:\/\/agora.xtec.cat\/iesdecelra\/wp-json\/wp\/v2\/media\/11243"}],"wp:attachment":[{"href":"https:\/\/agora.xtec.cat\/iesdecelra\/wp-json\/wp\/v2\/media?parent=11236"}],"wp:term":[{"taxonomy":"category","embeddable":true,"href":"https:\/\/agora.xtec.cat\/iesdecelra\/wp-json\/wp\/v2\/categories?post=11236"},{"taxonomy":"post_tag","embeddable":true,"href":"https:\/\/agora.xtec.cat\/iesdecelra\/wp-json\/wp\/v2\/tags?post=11236"}],"curies":[{"name":"wp","href":"https:\/\/api.w.org\/{rel}","templated":true}]}}