{"id":1116,"date":"2018-11-09T11:11:22","date_gmt":"2018-11-09T10:11:22","guid":{"rendered":"http:\/\/agora.xtec.cat\/iesdecelra\/?p=1116"},"modified":"2018-11-09T11:15:40","modified_gmt":"2018-11-09T10:15:40","slug":"cambridge-ceremony-2","status":"publish","type":"post","link":"https:\/\/agora.xtec.cat\/iesdecelra\/actualitat\/cambridge-ceremony-2\/","title":{"rendered":"CAMBRIDGE CEREMONY"},"content":{"rendered":"<p>El dijous 8 de novembre va tenir lloc la cerim\u00f2nia d\u2019entrega dels certificats de Cambridge obtinguts el curs passat.<\/p>\n<p>El candidats que van superar el KET, PET i FCE a les convocat\u00f2ries d\u2019abril i juny de 2017 van recollir el seu t\u00edtol acompanyats per Thomas Wogan, assessor d\u2019ex\u00e0mens Cambridge a Catalunya, Andorra, Balears i Castell\u00f3, juntament amb Mary Jane Pratt de Centre d\u2019Ex\u00e0mens Girona. Des del Departament de Lleng\u00fces Estrangeres agra\u00efm la seva pres\u00e8ncia a l\u2019acte i donem l\u2019enhorabona als candidats.<\/p>\n\n\t\t<style type=\"text\/css\">\n\t\t\t#gallery-1 {\n\t\t\t\tmargin: auto;\n\t\t\t}\n\t\t\t#gallery-1 .gallery-item {\n\t\t\t\tfloat: left;\n\t\t\t\tmargin-top: 10px;\n\t\t\t\ttext-align: center;\n\t\t\t\twidth: 33%;\n\t\t\t}\n\t\t\t#gallery-1 img {\n\t\t\t\tborder: 2px solid #cfcfcf;\n\t\t\t}\n\t\t\t#gallery-1 .gallery-caption {\n\t\t\t\tmargin-left: 0;\n\t\t\t}\n\t\t\t\/* see gallery_shortcode() in wp-includes\/media.php *\/\n\t\t<\/style>\n\t\t<div id='gallery-1' class='gallery galleryid-1116 gallery-columns-3 gallery-size-medium'><dl class='gallery-item'>\n\t\t\t<dt class='gallery-icon portrait'>\n\t\t\t\t<a href='https:\/\/agora.xtec.cat\/iesdecelra\/actualitat\/cambridge-ceremony-2\/attachment\/photo-2018-11-08-19-26-11\/'><img loading=\"lazy\" decoding=\"async\" width=\"225\" height=\"300\" src=\"https:\/\/agora.xtec.cat\/iesdecelra\/wp-content\/uploads\/usu1789\/2018\/11\/PHOTO-2018-11-08-19-26-11-225x300.jpg\" class=\"attachment-medium size-medium\" alt=\"\" srcset=\"https:\/\/agora.xtec.cat\/iesdecelra\/wp-content\/uploads\/usu1789\/2018\/11\/PHOTO-2018-11-08-19-26-11-225x300.jpg 225w, https:\/\/agora.xtec.cat\/iesdecelra\/wp-content\/uploads\/usu1789\/2018\/11\/PHOTO-2018-11-08-19-26-11-768x1024.jpg 768w, https:\/\/agora.xtec.cat\/iesdecelra\/wp-content\/uploads\/usu1789\/2018\/11\/PHOTO-2018-11-08-19-26-11.jpg 1200w\" sizes=\"auto, (max-width: 225px) 100vw, 225px\" \/><\/a>\n\t\t\t<\/dt><\/dl><dl class='gallery-item'>\n\t\t\t<dt class='gallery-icon portrait'>\n\t\t\t\t<a href='https:\/\/agora.xtec.cat\/iesdecelra\/actualitat\/cambridge-ceremony-2\/attachment\/photo-2018-11-08-19-26-11_1\/'><img loading=\"lazy\" decoding=\"async\" width=\"225\" height=\"300\" src=\"https:\/\/agora.xtec.cat\/iesdecelra\/wp-content\/uploads\/usu1789\/2018\/11\/PHOTO-2018-11-08-19-26-11_1-225x300.jpg\" class=\"attachment-medium size-medium\" alt=\"\" srcset=\"https:\/\/agora.xtec.cat\/iesdecelra\/wp-content\/uploads\/usu1789\/2018\/11\/PHOTO-2018-11-08-19-26-11_1-225x300.jpg 225w, https:\/\/agora.xtec.cat\/iesdecelra\/wp-content\/uploads\/usu1789\/2018\/11\/PHOTO-2018-11-08-19-26-11_1-768x1024.jpg 768w, https:\/\/agora.xtec.cat\/iesdecelra\/wp-content\/uploads\/usu1789\/2018\/11\/PHOTO-2018-11-08-19-26-11_1.jpg 1200w\" sizes=\"auto, (max-width: 225px) 100vw, 225px\" \/><\/a>\n\t\t\t<\/dt><\/dl><dl class='gallery-item'>\n\t\t\t<dt class='gallery-icon portrait'>\n\t\t\t\t<a href='https:\/\/agora.xtec.cat\/iesdecelra\/actualitat\/cambridge-ceremony-2\/attachment\/photo-2018-11-08-19-26-12\/'><img loading=\"lazy\" decoding=\"async\" width=\"225\" height=\"300\" src=\"https:\/\/agora.xtec.cat\/iesdecelra\/wp-content\/uploads\/usu1789\/2018\/11\/PHOTO-2018-11-08-19-26-12-225x300.jpg\" class=\"attachment-medium size-medium\" alt=\"\" srcset=\"https:\/\/agora.xtec.cat\/iesdecelra\/wp-content\/uploads\/usu1789\/2018\/11\/PHOTO-2018-11-08-19-26-12-225x300.jpg 225w, https:\/\/agora.xtec.cat\/iesdecelra\/wp-content\/uploads\/usu1789\/2018\/11\/PHOTO-2018-11-08-19-26-12-768x1024.jpg 768w, https:\/\/agora.xtec.cat\/iesdecelra\/wp-content\/uploads\/usu1789\/2018\/11\/PHOTO-2018-11-08-19-26-12.jpg 1200w\" sizes=\"auto, (max-width: 225px) 100vw, 225px\" \/><\/a>\n\t\t\t<\/dt><\/dl><br style=\"clear: both\" \/><dl class='gallery-item'>\n\t\t\t<dt class='gallery-icon portrait'>\n\t\t\t\t<a href='https:\/\/agora.xtec.cat\/iesdecelra\/actualitat\/cambridge-ceremony-2\/attachment\/photo-2018-11-08-19-26-13\/'><img loading=\"lazy\" decoding=\"async\" width=\"225\" height=\"300\" src=\"https:\/\/agora.xtec.cat\/iesdecelra\/wp-content\/uploads\/usu1789\/2018\/11\/PHOTO-2018-11-08-19-26-13-225x300.jpg\" class=\"attachment-medium size-medium\" alt=\"\" srcset=\"https:\/\/agora.xtec.cat\/iesdecelra\/wp-content\/uploads\/usu1789\/2018\/11\/PHOTO-2018-11-08-19-26-13-225x300.jpg 225w, https:\/\/agora.xtec.cat\/iesdecelra\/wp-content\/uploads\/usu1789\/2018\/11\/PHOTO-2018-11-08-19-26-13-768x1024.jpg 768w, https:\/\/agora.xtec.cat\/iesdecelra\/wp-content\/uploads\/usu1789\/2018\/11\/PHOTO-2018-11-08-19-26-13.jpg 1200w\" sizes=\"auto, (max-width: 225px) 100vw, 225px\" \/><\/a>\n\t\t\t<\/dt><\/dl><dl class='gallery-item'>\n\t\t\t<dt class='gallery-icon portrait'>\n\t\t\t\t<a href='https:\/\/agora.xtec.cat\/iesdecelra\/actualitat\/cambridge-ceremony-2\/attachment\/photo-2018-11-08-19-26-13_1\/'><img loading=\"lazy\" decoding=\"async\" width=\"225\" height=\"300\" src=\"https:\/\/agora.xtec.cat\/iesdecelra\/wp-content\/uploads\/usu1789\/2018\/11\/PHOTO-2018-11-08-19-26-13_1-225x300.jpg\" class=\"attachment-medium size-medium\" alt=\"\" srcset=\"https:\/\/agora.xtec.cat\/iesdecelra\/wp-content\/uploads\/usu1789\/2018\/11\/PHOTO-2018-11-08-19-26-13_1-225x300.jpg 225w, https:\/\/agora.xtec.cat\/iesdecelra\/wp-content\/uploads\/usu1789\/2018\/11\/PHOTO-2018-11-08-19-26-13_1-768x1024.jpg 768w, https:\/\/agora.xtec.cat\/iesdecelra\/wp-content\/uploads\/usu1789\/2018\/11\/PHOTO-2018-11-08-19-26-13_1.jpg 1200w\" sizes=\"auto, (max-width: 225px) 100vw, 225px\" \/><\/a>\n\t\t\t<\/dt><\/dl><dl class='gallery-item'>\n\t\t\t<dt class='gallery-icon portrait'>\n\t\t\t\t<a href='https:\/\/agora.xtec.cat\/iesdecelra\/actualitat\/cambridge-ceremony-2\/attachment\/photo-2018-11-08-19-26-14\/'><img loading=\"lazy\" decoding=\"async\" width=\"225\" height=\"300\" src=\"https:\/\/agora.xtec.cat\/iesdecelra\/wp-content\/uploads\/usu1789\/2018\/11\/PHOTO-2018-11-08-19-26-14-225x300.jpg\" class=\"attachment-medium size-medium\" alt=\"\" srcset=\"https:\/\/agora.xtec.cat\/iesdecelra\/wp-content\/uploads\/usu1789\/2018\/11\/PHOTO-2018-11-08-19-26-14-225x300.jpg 225w, https:\/\/agora.xtec.cat\/iesdecelra\/wp-content\/uploads\/usu1789\/2018\/11\/PHOTO-2018-11-08-19-26-14-768x1024.jpg 768w, https:\/\/agora.xtec.cat\/iesdecelra\/wp-content\/uploads\/usu1789\/2018\/11\/PHOTO-2018-11-08-19-26-14.jpg 1200w\" sizes=\"auto, (max-width: 225px) 100vw, 225px\" \/><\/a>\n\t\t\t<\/dt><\/dl><br style=\"clear: both\" \/><dl class='gallery-item'>\n\t\t\t<dt class='gallery-icon portrait'>\n\t\t\t\t<a href='https:\/\/agora.xtec.cat\/iesdecelra\/actualitat\/cambridge-ceremony-2\/attachment\/photo-2018-11-08-19-26-15\/'><img loading=\"lazy\" decoding=\"async\" width=\"225\" height=\"300\" src=\"https:\/\/agora.xtec.cat\/iesdecelra\/wp-content\/uploads\/usu1789\/2018\/11\/PHOTO-2018-11-08-19-26-15-225x300.jpg\" class=\"attachment-medium size-medium\" alt=\"\" srcset=\"https:\/\/agora.xtec.cat\/iesdecelra\/wp-content\/uploads\/usu1789\/2018\/11\/PHOTO-2018-11-08-19-26-15-225x300.jpg 225w, https:\/\/agora.xtec.cat\/iesdecelra\/wp-content\/uploads\/usu1789\/2018\/11\/PHOTO-2018-11-08-19-26-15-768x1024.jpg 768w, https:\/\/agora.xtec.cat\/iesdecelra\/wp-content\/uploads\/usu1789\/2018\/11\/PHOTO-2018-11-08-19-26-15.jpg 1200w\" sizes=\"auto, (max-width: 225px) 100vw, 225px\" \/><\/a>\n\t\t\t<\/dt><\/dl><dl class='gallery-item'>\n\t\t\t<dt class='gallery-icon portrait'>\n\t\t\t\t<a href='https:\/\/agora.xtec.cat\/iesdecelra\/actualitat\/cambridge-ceremony-2\/attachment\/photo-2018-11-08-19-26-16\/'><img loading=\"lazy\" decoding=\"async\" width=\"225\" height=\"300\" src=\"https:\/\/agora.xtec.cat\/iesdecelra\/wp-content\/uploads\/usu1789\/2018\/11\/PHOTO-2018-11-08-19-26-16-225x300.jpg\" class=\"attachment-medium size-medium\" alt=\"\" srcset=\"https:\/\/agora.xtec.cat\/iesdecelra\/wp-content\/uploads\/usu1789\/2018\/11\/PHOTO-2018-11-08-19-26-16-225x300.jpg 225w, https:\/\/agora.xtec.cat\/iesdecelra\/wp-content\/uploads\/usu1789\/2018\/11\/PHOTO-2018-11-08-19-26-16-768x1024.jpg 768w, https:\/\/agora.xtec.cat\/iesdecelra\/wp-content\/uploads\/usu1789\/2018\/11\/PHOTO-2018-11-08-19-26-16.jpg 1200w\" sizes=\"auto, (max-width: 225px) 100vw, 225px\" \/><\/a>\n\t\t\t<\/dt><\/dl><dl class='gallery-item'>\n\t\t\t<dt class='gallery-icon portrait'>\n\t\t\t\t<a href='https:\/\/agora.xtec.cat\/iesdecelra\/actualitat\/cambridge-ceremony-2\/attachment\/photo-2018-11-08-19-26-17\/'><img loading=\"lazy\" decoding=\"async\" width=\"225\" height=\"300\" src=\"https:\/\/agora.xtec.cat\/iesdecelra\/wp-content\/uploads\/usu1789\/2018\/11\/PHOTO-2018-11-08-19-26-17-225x300.jpg\" class=\"attachment-medium size-medium\" alt=\"\" srcset=\"https:\/\/agora.xtec.cat\/iesdecelra\/wp-content\/uploads\/usu1789\/2018\/11\/PHOTO-2018-11-08-19-26-17-225x300.jpg 225w, https:\/\/agora.xtec.cat\/iesdecelra\/wp-content\/uploads\/usu1789\/2018\/11\/PHOTO-2018-11-08-19-26-17-768x1024.jpg 768w, https:\/\/agora.xtec.cat\/iesdecelra\/wp-content\/uploads\/usu1789\/2018\/11\/PHOTO-2018-11-08-19-26-17.jpg 1200w\" sizes=\"auto, (max-width: 225px) 100vw, 225px\" \/><\/a>\n\t\t\t<\/dt><\/dl><br style=\"clear: both\" \/><dl class='gallery-item'>\n\t\t\t<dt class='gallery-icon portrait'>\n\t\t\t\t<a href='https:\/\/agora.xtec.cat\/iesdecelra\/actualitat\/cambridge-ceremony-2\/attachment\/photo-2018-11-08-19-26-17_1\/'><img loading=\"lazy\" decoding=\"async\" width=\"225\" height=\"300\" src=\"https:\/\/agora.xtec.cat\/iesdecelra\/wp-content\/uploads\/usu1789\/2018\/11\/PHOTO-2018-11-08-19-26-17_1-225x300.jpg\" class=\"attachment-medium size-medium\" alt=\"\" srcset=\"https:\/\/agora.xtec.cat\/iesdecelra\/wp-content\/uploads\/usu1789\/2018\/11\/PHOTO-2018-11-08-19-26-17_1-225x300.jpg 225w, https:\/\/agora.xtec.cat\/iesdecelra\/wp-content\/uploads\/usu1789\/2018\/11\/PHOTO-2018-11-08-19-26-17_1-768x1024.jpg 768w, https:\/\/agora.xtec.cat\/iesdecelra\/wp-content\/uploads\/usu1789\/2018\/11\/PHOTO-2018-11-08-19-26-17_1.jpg 1200w\" sizes=\"auto, (max-width: 225px) 100vw, 225px\" \/><\/a>\n\t\t\t<\/dt><\/dl><dl class='gallery-item'>\n\t\t\t<dt class='gallery-icon portrait'>\n\t\t\t\t<a href='https:\/\/agora.xtec.cat\/iesdecelra\/actualitat\/cambridge-ceremony-2\/attachment\/photo-2018-11-08-19-26-21_1\/'><img loading=\"lazy\" decoding=\"async\" width=\"225\" height=\"300\" src=\"https:\/\/agora.xtec.cat\/iesdecelra\/wp-content\/uploads\/usu1789\/2018\/11\/PHOTO-2018-11-08-19-26-21_1-225x300.jpg\" class=\"attachment-medium size-medium\" alt=\"\" srcset=\"https:\/\/agora.xtec.cat\/iesdecelra\/wp-content\/uploads\/usu1789\/2018\/11\/PHOTO-2018-11-08-19-26-21_1-225x300.jpg 225w, https:\/\/agora.xtec.cat\/iesdecelra\/wp-content\/uploads\/usu1789\/2018\/11\/PHOTO-2018-11-08-19-26-21_1-768x1024.jpg 768w, https:\/\/agora.xtec.cat\/iesdecelra\/wp-content\/uploads\/usu1789\/2018\/11\/PHOTO-2018-11-08-19-26-21_1.jpg 1200w\" sizes=\"auto, (max-width: 225px) 100vw, 225px\" \/><\/a>\n\t\t\t<\/dt><\/dl>\n\t\t\t<br style='clear: both' \/>\n\t\t<\/div>\n\n","protected":false},"excerpt":{"rendered":"<p>El dijous 8 de novembre va tenir lloc la cerim\u00f2nia d\u2019entrega dels certificats de Cambridge obtinguts el curs passat.<br \/>\nEl candidats que van superar el KET, PET i FCE a les convocat\u00f2ries d\u2019abril i juny de 2017 van recollir el seu t\u00edtol acompanyats per Thomas Wogan,&hellip;  <a href=\"https:\/\/agora.xtec.cat\/iesdecelra\/actualitat\/cambridge-ceremony-2\/\" title=\"Read CAMBRIDGE CEREMONY\">Llegeix m\u00e9s\u00bb<\/a><\/p>\n","protected":false},"author":16,"featured_media":1117,"comment_status":"open","ping_status":"closed","sticky":false,"template":"","format":"standard","meta":{"_bbp_topic_count":0,"_bbp_reply_count":0,"_bbp_total_topic_count":0,"_bbp_total_reply_count":0,"_bbp_voice_count":0,"_bbp_anonymous_reply_count":0,"_bbp_topic_count_hidden":0,"_bbp_reply_count_hidden":0,"_bbp_forum_subforum_count":0,"footnotes":""},"categories":[103],"tags":[42,135,117],"class_list":["post-1116","post","type-post","status-publish","format-standard","has-post-thumbnail","hentry","category-actualitat","tag-angles","tag-cambridge-exams","tag-curs-2018-2019"],"post_mailing_queue_ids":[],"_links":{"self":[{"href":"https:\/\/agora.xtec.cat\/iesdecelra\/wp-json\/wp\/v2\/posts\/1116","targetHints":{"allow":["GET"]}}],"collection":[{"href":"https:\/\/agora.xtec.cat\/iesdecelra\/wp-json\/wp\/v2\/posts"}],"about":[{"href":"https:\/\/agora.xtec.cat\/iesdecelra\/wp-json\/wp\/v2\/types\/post"}],"author":[{"embeddable":true,"href":"https:\/\/agora.xtec.cat\/iesdecelra\/wp-json\/wp\/v2\/users\/16"}],"replies":[{"embeddable":true,"href":"https:\/\/agora.xtec.cat\/iesdecelra\/wp-json\/wp\/v2\/comments?post=1116"}],"version-history":[{"count":1,"href":"https:\/\/agora.xtec.cat\/iesdecelra\/wp-json\/wp\/v2\/posts\/1116\/revisions"}],"predecessor-version":[{"id":1129,"href":"https:\/\/agora.xtec.cat\/iesdecelra\/wp-json\/wp\/v2\/posts\/1116\/revisions\/1129"}],"wp:featuredmedia":[{"embeddable":true,"href":"https:\/\/agora.xtec.cat\/iesdecelra\/wp-json\/wp\/v2\/media\/1117"}],"wp:attachment":[{"href":"https:\/\/agora.xtec.cat\/iesdecelra\/wp-json\/wp\/v2\/media?parent=1116"}],"wp:term":[{"taxonomy":"category","embeddable":true,"href":"https:\/\/agora.xtec.cat\/iesdecelra\/wp-json\/wp\/v2\/categories?post=1116"},{"taxonomy":"post_tag","embeddable":true,"href":"https:\/\/agora.xtec.cat\/iesdecelra\/wp-json\/wp\/v2\/tags?post=1116"}],"curies":[{"name":"wp","href":"https:\/\/api.w.org\/{rel}","templated":true}]}}