{"id":11117,"date":"2024-09-18T17:34:54","date_gmt":"2024-09-18T15:34:54","guid":{"rendered":"https:\/\/agora.xtec.cat\/iesdecelra\/?p=11117"},"modified":"2024-09-19T14:49:26","modified_gmt":"2024-09-19T12:49:26","slug":"llicons-inaugurals-curs-2024-2025","status":"publish","type":"post","link":"https:\/\/agora.xtec.cat\/iesdecelra\/cursos\/eso\/llicons-inaugurals-curs-2024-2025\/","title":{"rendered":"LLI\u00c7ONS INAUGURALS CURS 2024-2025"},"content":{"rendered":"<p>Durant la primera setmana del curs 2024-2025 s&#8217;han dut a terme un seguit de <strong>lli\u00e7ons inaugurals<\/strong> per a donar la <strong>benvinguda<\/strong> a tot l&#8217;alumnat i aix\u00ed donar el tret de sortida a aquest nou curs.<\/p>\n<p>Hem tingut l&#8217;oportunitat de poder tenir grans professionals que han compartit amb nosaltres les seves experi\u00e8ncies, totes elles, lligades al lema del curs actual: &#8220;<strong>Activa la intel\u00b7lig\u00e8ncia humana<\/strong>&#8220;. Amb aquest lema volem donar import\u00e0ncia a tot all\u00f2 que podem fer les persones i les m\u00e0quines no poden.<\/p>\n<p>Els i les ponents que han compartit amb nosaltres les seves experi\u00e8ncies s\u00f3n:<\/p>\n<ul>\n<li><strong>1r d&#8217;ESO- Assumpta Montell\u00e0:<\/strong> Nascuda a Matar\u00f3 l\u2019any 1958 i llicenciada en Hist\u00f2ria Contempor\u00e0nia a l\u2019UAB, ha treballat en el Museu de l\u2019exili de la Jonquera, i en el grup de Cultura ARA. Ha col\u00b7laborat de manera continuada en treballs de recerca pel Memorial Democr\u00e0tic de la Generalitat de Catalunya. \u00c9s historiadora per devoci\u00f3, amb passi\u00f3, amb intensitat, i aix\u00f2 fa que no sigui una historiadora convencional. Li agraden les hist\u00f2ries que mai faran hist\u00f2ria. Un alumne de 4t d\u2019ESO la va definir com \u201cuna col\u00b7leccionista d\u2019hist\u00f2ries\u201d. La xerrada d&#8217;aquest curs s&#8217;ha centrat en com educar i aprendre amb valors i intel\u00b7lig\u00e8ncia humana.<\/li>\n<li><strong>2n d&#8217;ESO- Marc Buxaderas:<\/strong> En Marc va n\u00e9ixer l&#8217;any 1999 amb par\u00e0lisi cerebral tetrapl\u00e8gica esp\u00e0stica i actualment est\u00e0 estudiant periodisme a la UAB. Des del 2016 \u00e9s responsable d&#8217;un projecte de divulgaci\u00f3 i normalitzaci\u00f3 de la discapacitat amb l&#8217;objectiu que la gent canvi\u00ef la seva percepci\u00f3 sobre les persones amb discapacitat. La xerrada d&#8217;aquest curs s&#8217;ha enfocat a potenciar els valors i la intel\u00b7lig\u00e8ncia humana en conviv\u00e8ncia amb l&#8217;era tecnol\u00f2gica i digital.<\/li>\n<li><strong>3r d&#8217;ESO- David Bassa:<\/strong> Periodista i escriptor de Granollers nascut al 1971, director d&#8217;informatius de Televisi\u00f3 de Catalunya des del 2016. Com a periodista, ha escrit diversos llibres d&#8217;assaig i dirigit documentals on ha estat reconegut amb diversos premis. Com a redactor d&#8217;Informatius de Televisi\u00f3 de Catalunya ha estat el responsable de la informaci\u00f3 dels programes La nit al dia, Hora Q i \u00c0gora. Tamb\u00e9 ha estat reporter del programa Catalunya Avui, de Televisi\u00f3 Espanyola. Va fer la informaci\u00f3 d&#8217;El mat\u00ed de Catalunya R\u00e0dio, dirigit per M\u00f2nica Terribas. Recentment ha publicat juntament amb Marta Narberhaus el llibre &#8220;Pantalles, que no ens dominin!&#8221; dirigit especialment als alumnes d&#8217;ESO que permet activar els adolescents per gestionar i dominar l&#8217;\u00fas de les pantalles.<\/li>\n<li><strong>4t d&#8217;ESO- \u00c0lex Letosa:<\/strong> Nascut al 1974, psic\u00f2leg, logopeda i directiu educatiu. Ha treballat des d&#8217;educaci\u00f3 infantil a batxillerat, i com a docent universitari a la UB i la UOC, amb tesi doctoral sobre Psicologia Cl\u00ednica i de la Salut. Va ser director d&#8217;un centre d&#8217;educaci\u00f3 secund\u00e0ria amb un projecte centrat en la Innovaci\u00f3 educativa i la millora de la conviv\u00e8ncia, i ha obtingut diversos reconeixements a nivell nacional i internacional. \u00c9s autor de llibres i publicacions cient\u00edfiques i de diverses presentacions en congressos de psicologia i educaci\u00f3. A la xerrada impartida ha proposat eines per a adolescents per comen\u00e7ar un nou curs, eines necess\u00e0ries per iniciar nous reptes i canvis acad\u00e8mics, gestionar el temps adequadament, oferir als altres suport i l\u00edmits, com ens influeix la pres\u00e8ncia de la intel\u00b7lig\u00e8ncia artificial i eines digitals a la vida acad\u00e8mica i quotidiana, com comunicar-nos de manera efectiva, cooperar, oferir bon model, gestionar les emocions, neurologia de l&#8217;h\u00e0bit&#8230;<\/li>\n<li><strong>Batxillerat- Marta Teixid\u00f3:<\/strong>\u00a0integradora i educadora social que forma part de l&#8217;equip de &#8220;Capitans de la Informaci\u00f3 &#8221; d&#8217;Open Arms. Aquest equip de persones es dediquen a sensibilitzar i informar de la realitat migrat\u00f2ria i donar a con\u00e8ixer les causes que provoquen els fluxos migratoris. Volunt\u00e0ria de l&#8217;entitat des de fa 3 anys. A nivell professional fa 18 anys que treballa amb col\u00b7lectius vulnerables i persones immigrants. Ens oferir\u00e0 un taller participatiu on l&#8217;alumnat \u00e9s convidat a reflexionar sobre les causes del fenomen migratori i la preservaci\u00f3 dels drets humans, qu\u00e8 podem fer com a humans per aconseguir una societat amb m\u00e9s just\u00edcia social. Es focalitzar\u00e0 en com despertar l&#8217;inter\u00e8s i la recerca en els alumnes davant les injust\u00edcies socials, lluitar contra la desinformaci\u00f3, la creaci\u00f3 de corrents d&#8217;opini\u00f3 a trav\u00e9s de l&#8217;\u00fas de la IA i les xarxes socials&#8230; per fomentar valors com la just\u00edcia, la informaci\u00f3 vera\u00e7, el respecte i la dignitat<\/li>\n<\/ul>\n\r\n\t<div class=\"slideshow_container slideshow_container_style-light\" style=\"height: 500px; \" data-slideshow-id=\"11131\" data-style-name=\"style-light\" data-style-version=\"2.3.1\" >\r\n\r\n\t\t\t\t\t<div class=\"slideshow_loading_icon\"><\/div>\r\n\t\t\r\n\t\t<div class=\"slideshow_content\" style=\"display: none;\">\r\n\r\n\t\t\t<div class=\"slideshow_view\">\r\n\t\t\t\t<div class=\"slideshow_slide slideshow_slide_image\">\r\n\t\t\t\t\t\t\t\t\t\t\t<img src=\"https:\/\/agora.xtec.cat\/iesdecelra\/wp-content\/uploads\/usu1789\/2024\/09\/IMG_4198-scaled.jpg\" alt=\"IMG_4198\" width=\"1920\" height=\"2560\" \/>\r\n\t\t\t\t\t\t\t\t\t\t<div class=\"slideshow_description_box slideshow_transparent\">\r\n\t\t\t\t\t\t<div class=\"slideshow_title\">IMG_4198<\/div>\t\t\t\t\t\t\t\t\t\t\t<\/div>\r\n\t\t\t\t<\/div>\r\n\r\n\t\t\t\t\t\t<div style=\"clear: both;\"><\/div><\/div><div class=\"slideshow_view\">\r\n\t\t\t\t<div class=\"slideshow_slide slideshow_slide_image\">\r\n\t\t\t\t\t\t\t\t\t\t\t<img src=\"https:\/\/agora.xtec.cat\/iesdecelra\/wp-content\/uploads\/usu1789\/2024\/09\/IMG_4199-scaled.jpg\" alt=\"IMG_4199\" width=\"1920\" height=\"2560\" \/>\r\n\t\t\t\t\t\t\t\t\t\t<div class=\"slideshow_description_box slideshow_transparent\">\r\n\t\t\t\t\t\t<div class=\"slideshow_title\">IMG_4199<\/div>\t\t\t\t\t\t\t\t\t\t\t<\/div>\r\n\t\t\t\t<\/div>\r\n\r\n\t\t\t\t\t\t<div style=\"clear: both;\"><\/div><\/div><div class=\"slideshow_view\">\r\n\t\t\t\t<div class=\"slideshow_slide slideshow_slide_image\">\r\n\t\t\t\t\t\t\t\t\t\t\t<img src=\"https:\/\/agora.xtec.cat\/iesdecelra\/wp-content\/uploads\/usu1789\/2024\/09\/IMG_4200-scaled.jpg\" alt=\"IMG_4200\" width=\"1920\" height=\"2560\" \/>\r\n\t\t\t\t\t\t\t\t\t\t<div class=\"slideshow_description_box slideshow_transparent\">\r\n\t\t\t\t\t\t<div class=\"slideshow_title\">IMG_4200<\/div>\t\t\t\t\t\t\t\t\t\t\t<\/div>\r\n\t\t\t\t<\/div>\r\n\r\n\t\t\t\t\t\t<div style=\"clear: both;\"><\/div><\/div><div class=\"slideshow_view\">\r\n\t\t\t\t<div class=\"slideshow_slide slideshow_slide_image\">\r\n\t\t\t\t\t\t\t\t\t\t\t<img src=\"https:\/\/agora.xtec.cat\/iesdecelra\/wp-content\/uploads\/usu1789\/2024\/09\/IMG_4226-scaled.jpg\" alt=\"IMG_4226\" width=\"1920\" height=\"2560\" \/>\r\n\t\t\t\t\t\t\t\t\t\t<div class=\"slideshow_description_box slideshow_transparent\">\r\n\t\t\t\t\t\t<div class=\"slideshow_title\">IMG_4226<\/div>\t\t\t\t\t\t\t\t\t\t\t<\/div>\r\n\t\t\t\t<\/div>\r\n\r\n\t\t\t\t\t\t<div style=\"clear: both;\"><\/div><\/div><div class=\"slideshow_view\">\r\n\t\t\t\t<div class=\"slideshow_slide slideshow_slide_image\">\r\n\t\t\t\t\t\t\t\t\t\t\t<img src=\"https:\/\/agora.xtec.cat\/iesdecelra\/wp-content\/uploads\/usu1789\/2024\/09\/IMG_4227-scaled.jpg\" alt=\"IMG_4227\" width=\"1920\" height=\"2560\" \/>\r\n\t\t\t\t\t\t\t\t\t\t<div class=\"slideshow_description_box slideshow_transparent\">\r\n\t\t\t\t\t\t<div class=\"slideshow_title\">IMG_4227<\/div>\t\t\t\t\t\t\t\t\t\t\t<\/div>\r\n\t\t\t\t<\/div>\r\n\r\n\t\t\t\t\t\t<div style=\"clear: both;\"><\/div><\/div><div class=\"slideshow_view\">\r\n\t\t\t\t<div class=\"slideshow_slide slideshow_slide_image\">\r\n\t\t\t\t\t\t\t\t\t\t\t<img src=\"https:\/\/agora.xtec.cat\/iesdecelra\/wp-content\/uploads\/usu1789\/2024\/09\/IMG_5261-scaled.jpg\" alt=\"IMG_5261\" width=\"2560\" height=\"1440\" \/>\r\n\t\t\t\t\t\t\t\t\t\t<div class=\"slideshow_description_box slideshow_transparent\">\r\n\t\t\t\t\t\t<div class=\"slideshow_title\">IMG_5261<\/div>\t\t\t\t\t\t\t\t\t\t\t<\/div>\r\n\t\t\t\t<\/div>\r\n\r\n\t\t\t\t\t\t<div style=\"clear: both;\"><\/div><\/div><div class=\"slideshow_view\">\r\n\t\t\t\t<div class=\"slideshow_slide slideshow_slide_image\">\r\n\t\t\t\t\t\t\t\t\t\t\t<img src=\"https:\/\/agora.xtec.cat\/iesdecelra\/wp-content\/uploads\/usu1789\/2024\/09\/IMG_5255-scaled.jpg\" alt=\"IMG_5255\" width=\"2560\" height=\"1440\" \/>\r\n\t\t\t\t\t\t\t\t\t\t<div class=\"slideshow_description_box slideshow_transparent\">\r\n\t\t\t\t\t\t<div class=\"slideshow_title\">IMG_5255<\/div>\t\t\t\t\t\t\t\t\t\t\t<\/div>\r\n\t\t\t\t<\/div>\r\n\r\n\t\t\t\t\t\t<div style=\"clear: both;\"><\/div><\/div><div class=\"slideshow_view\">\r\n\t\t\t\t<div class=\"slideshow_slide slideshow_slide_image\">\r\n\t\t\t\t\t\t\t\t\t\t\t<img src=\"https:\/\/agora.xtec.cat\/iesdecelra\/wp-content\/uploads\/usu1789\/2024\/09\/WhatsApp-Image-2024-09-12-at-09.49.14.jpeg\" alt=\"WhatsApp Image 2024-09-12 at 09.49.14\" width=\"1600\" height=\"1200\" \/>\r\n\t\t\t\t\t\t\t\t\t\t<div class=\"slideshow_description_box slideshow_transparent\">\r\n\t\t\t\t\t\t<div class=\"slideshow_title\">WhatsApp Image 2024-09-12 at 09.49.14<\/div>\t\t\t\t\t\t\t\t\t\t\t<\/div>\r\n\t\t\t\t<\/div>\r\n\r\n\t\t\t\t\t\t<div style=\"clear: both;\"><\/div><\/div><div class=\"slideshow_view\">\r\n\t\t\t\t<div class=\"slideshow_slide slideshow_slide_image\">\r\n\t\t\t\t\t\t\t\t\t\t\t<img src=\"https:\/\/agora.xtec.cat\/iesdecelra\/wp-content\/uploads\/usu1789\/2024\/09\/WhatsApp-Image-2024-09-12-at-09.49.14-5.jpeg\" alt=\"WhatsApp Image 2024-09-12 at 09.49.14 5\" width=\"1600\" height=\"1200\" \/>\r\n\t\t\t\t\t\t\t\t\t\t<div class=\"slideshow_description_box slideshow_transparent\">\r\n\t\t\t\t\t\t<div class=\"slideshow_title\">WhatsApp Image 2024-09-12 at 09.49.14 5<\/div>\t\t\t\t\t\t\t\t\t\t\t<\/div>\r\n\t\t\t\t<\/div>\r\n\r\n\t\t\t\t\t\t<div style=\"clear: both;\"><\/div><\/div><div class=\"slideshow_view\">\r\n\t\t\t\t<div class=\"slideshow_slide slideshow_slide_image\">\r\n\t\t\t\t\t\t\t\t\t\t\t<img src=\"https:\/\/agora.xtec.cat\/iesdecelra\/wp-content\/uploads\/usu1789\/2024\/09\/WhatsApp-Image-2024-09-12-at-09.49.14-4.jpeg\" alt=\"WhatsApp Image 2024-09-12 at 09.49.14 4\" width=\"1600\" height=\"1200\" \/>\r\n\t\t\t\t\t\t\t\t\t\t<div class=\"slideshow_description_box slideshow_transparent\">\r\n\t\t\t\t\t\t<div class=\"slideshow_title\">WhatsApp Image 2024-09-12 at 09.49.14 4<\/div>\t\t\t\t\t\t\t\t\t\t\t<\/div>\r\n\t\t\t\t<\/div>\r\n\r\n\t\t\t\t\t\t<div style=\"clear: both;\"><\/div><\/div><div class=\"slideshow_view\">\r\n\t\t\t\t<div class=\"slideshow_slide slideshow_slide_image\">\r\n\t\t\t\t\t\t\t\t\t\t\t<img src=\"https:\/\/agora.xtec.cat\/iesdecelra\/wp-content\/uploads\/usu1789\/2024\/09\/WhatsApp-Image-2024-09-12-at-09.49.14-3.jpeg\" alt=\"WhatsApp Image 2024-09-12 at 09.49.14 3\" width=\"1600\" height=\"1200\" \/>\r\n\t\t\t\t\t\t\t\t\t\t<div class=\"slideshow_description_box slideshow_transparent\">\r\n\t\t\t\t\t\t<div class=\"slideshow_title\">WhatsApp Image 2024-09-12 at 09.49.14 3<\/div>\t\t\t\t\t\t\t\t\t\t\t<\/div>\r\n\t\t\t\t<\/div>\r\n\r\n\t\t\t\t\t\t<div style=\"clear: both;\"><\/div><\/div><div class=\"slideshow_view\">\r\n\t\t\t\t<div class=\"slideshow_slide slideshow_slide_image\">\r\n\t\t\t\t\t\t\t\t\t\t\t<img src=\"https:\/\/agora.xtec.cat\/iesdecelra\/wp-content\/uploads\/usu1789\/2024\/09\/WhatsApp-Image-2024-09-12-at-09.49.14-2.jpeg\" alt=\"WhatsApp Image 2024-09-12 at 09.49.14 2\" width=\"1600\" height=\"1200\" \/>\r\n\t\t\t\t\t\t\t\t\t\t<div class=\"slideshow_description_box slideshow_transparent\">\r\n\t\t\t\t\t\t<div class=\"slideshow_title\">WhatsApp Image 2024-09-12 at 09.49.14 2<\/div>\t\t\t\t\t\t\t\t\t\t\t<\/div>\r\n\t\t\t\t<\/div>\r\n\r\n\t\t\t\t\t\t<div style=\"clear: both;\"><\/div><\/div><div class=\"slideshow_view\">\r\n\t\t\t\t<div class=\"slideshow_slide slideshow_slide_image\">\r\n\t\t\t\t\t\t\t\t\t\t\t<img src=\"https:\/\/agora.xtec.cat\/iesdecelra\/wp-content\/uploads\/usu1789\/2024\/09\/IMG_4227-1.heic\" alt=\"IMG_4227\"   \/>\r\n\t\t\t\t\t\t\t\t\t\t<div class=\"slideshow_description_box slideshow_transparent\">\r\n\t\t\t\t\t\t<div class=\"slideshow_title\">IMG_4227<\/div>\t\t\t\t\t\t\t\t\t\t\t<\/div>\r\n\t\t\t\t<\/div>\r\n\r\n\t\t\t\t\t\t<div style=\"clear: both;\"><\/div><\/div>\r\n\t\t<\/div>\r\n\r\n\t\t<div class=\"slideshow_controlPanel slideshow_transparent\" style=\"display: none;\"><ul><li class=\"slideshow_togglePlay\" data-play-text=\"Visualitza\" data-pause-text=\"Pausa\"><\/li><\/ul><\/div>\r\n\r\n\t\t<div class=\"slideshow_button slideshow_previous slideshow_transparent\" role=\"button\" data-previous-text=\"Anterior\" style=\"display: none;\"><\/div>\r\n\t\t<div class=\"slideshow_button slideshow_next slideshow_transparent\" role=\"button\" data-next-text=\"Seg\u00fcent\" style=\"display: none;\"><\/div>\r\n\r\n\t\t<div class=\"slideshow_pagination\" style=\"display: none;\" data-go-to-text=\"V\u00e9s a la diapositiva\"><div class=\"slideshow_pagination_center\"><\/div><\/div>\r\n\r\n\t\t<!-- WordPress Slideshow Version 2.3.1 -->\r\n\r\n\t\t\t<\/div>\r\n\r\n\n<p>&nbsp;<\/p>\n","protected":false},"excerpt":{"rendered":"<p>Durant la primera setmana del curs 2024-2025 s&#8217;han dut a terme un seguit de lli\u00e7ons inaugurals per a donar la benvinguda a tot l&#8217;alumnat i aix\u00ed donar el tret de sortida a aquest nou curs.<br \/>\nHem tingut l&#8217;oportunitat de poder tenir grans professionals que han compartit&hellip;  <a href=\"https:\/\/agora.xtec.cat\/iesdecelra\/cursos\/eso\/llicons-inaugurals-curs-2024-2025\/\" title=\"Read LLI\u00c7ONS INAUGURALS CURS 2024-2025\">Llegeix m\u00e9s\u00bb<\/a><\/p>\n","protected":false},"author":1,"featured_media":11144,"comment_status":"open","ping_status":"closed","sticky":false,"template":"","format":"standard","meta":{"_bbp_topic_count":0,"_bbp_reply_count":0,"_bbp_total_topic_count":0,"_bbp_total_reply_count":0,"_bbp_voice_count":0,"_bbp_anonymous_reply_count":0,"_bbp_topic_count_hidden":0,"_bbp_reply_count_hidden":0,"_bbp_forum_subforum_count":0,"footnotes":""},"categories":[103,8,3,4,5,6,7],"tags":[370,371,243,121],"class_list":["post-11117","post","type-post","status-publish","format-standard","has-post-thumbnail","hentry","category-actualitat","category-batxillerat","category-eso","category-eso-1","category-eso-2","category-eso-3","category-eso-4","tag-curs-2024-2025","tag-intelligencia-humana","tag-lema","tag-llico-inaugural"],"post_mailing_queue_ids":[],"_links":{"self":[{"href":"https:\/\/agora.xtec.cat\/iesdecelra\/wp-json\/wp\/v2\/posts\/11117","targetHints":{"allow":["GET"]}}],"collection":[{"href":"https:\/\/agora.xtec.cat\/iesdecelra\/wp-json\/wp\/v2\/posts"}],"about":[{"href":"https:\/\/agora.xtec.cat\/iesdecelra\/wp-json\/wp\/v2\/types\/post"}],"author":[{"embeddable":true,"href":"https:\/\/agora.xtec.cat\/iesdecelra\/wp-json\/wp\/v2\/users\/1"}],"replies":[{"embeddable":true,"href":"https:\/\/agora.xtec.cat\/iesdecelra\/wp-json\/wp\/v2\/comments?post=11117"}],"version-history":[{"count":7,"href":"https:\/\/agora.xtec.cat\/iesdecelra\/wp-json\/wp\/v2\/posts\/11117\/revisions"}],"predecessor-version":[{"id":11155,"href":"https:\/\/agora.xtec.cat\/iesdecelra\/wp-json\/wp\/v2\/posts\/11117\/revisions\/11155"}],"wp:featuredmedia":[{"embeddable":true,"href":"https:\/\/agora.xtec.cat\/iesdecelra\/wp-json\/wp\/v2\/media\/11144"}],"wp:attachment":[{"href":"https:\/\/agora.xtec.cat\/iesdecelra\/wp-json\/wp\/v2\/media?parent=11117"}],"wp:term":[{"taxonomy":"category","embeddable":true,"href":"https:\/\/agora.xtec.cat\/iesdecelra\/wp-json\/wp\/v2\/categories?post=11117"},{"taxonomy":"post_tag","embeddable":true,"href":"https:\/\/agora.xtec.cat\/iesdecelra\/wp-json\/wp\/v2\/tags?post=11117"}],"curies":[{"name":"wp","href":"https:\/\/api.w.org\/{rel}","templated":true}]}}