{"id":1106,"date":"2018-11-04T20:28:12","date_gmt":"2018-11-04T19:28:12","guid":{"rendered":"http:\/\/agora.xtec.cat\/iesdecelra\/?p=1106"},"modified":"2018-11-04T20:28:47","modified_gmt":"2018-11-04T19:28:47","slug":"1r-deso-a-sant-miquel","status":"publish","type":"post","link":"https:\/\/agora.xtec.cat\/iesdecelra\/cursos\/eso\/eso-1\/1r-deso-a-sant-miquel\/","title":{"rendered":"1r d&#8217;ESO A SANT MIQUEL"},"content":{"rendered":"<div>El dimecres 24 d&#8217;octubre els alumnes de primer d&#8217;ESO van fer la primera excursi\u00f3 de tutoria.<\/div>\n<p>Van sortir de l&#8217;institut i es van dirigir a la pedrera i al forn de cal\u00e7 del bosc de Can Taberner. All\u00e0 van explicar-los com es treia la pedra, quina utilitat tenia, com eren els forns de cal\u00e7, com s&#8217;escalfava la pedra, els usos de la cal\u00e7, etc. Despr\u00e9s van comen\u00e7ar la ruta cap a Sant Miquel, per\u00f2 es van\u00a0aturar a esmorzar a la sortida de Celr\u00e0, just abans de comen\u00e7ar la pujada.<\/p>\n<p>El dia era magn\u00edfic i des de dalt de Sant Miquel van poder observar que hi ha unes vistes impressionants; van veure el coll del Pert\u00fas, Roses, el Montgr\u00ed i les Illes Medes, Girona, Banyoles&#8230; i la majoria dels nostres pobles de la llera del Ter!<\/p>\n<p>Tot i que molts dels alumnes van fer fotografies, podeu veure l&#8217;\u00e0lbum d&#8217;algunes de les imatges que van fer els professors; i tamb\u00e9 podeu mirar el v\u00eddeo de tots els alumnes junts a mitja pujada (fan molta patxoca!).<\/p>\n<p style=\"text-align: center;\"><a href=\"https:\/\/photos.app.goo.gl\/vVdMfxKWxM8junpMA\"><strong>\u00c0LBUM DE FOTOGRAFIES<\/strong><\/a><a href=\"https:\/\/agora.xtec.cat\/iesdecelra\/wp-content\/uploads\/usu1789\/2018\/11\/retocada-2.jpg\"><img loading=\"lazy\" decoding=\"async\" class=\" wp-image-1107 aligncenter\" src=\"https:\/\/agora.xtec.cat\/iesdecelra\/wp-content\/uploads\/usu1789\/2018\/11\/retocada-2-1024x768.jpg\" alt=\"\" width=\"467\" height=\"350\" srcset=\"https:\/\/agora.xtec.cat\/iesdecelra\/wp-content\/uploads\/usu1789\/2018\/11\/retocada-2-1024x768.jpg 1024w, https:\/\/agora.xtec.cat\/iesdecelra\/wp-content\/uploads\/usu1789\/2018\/11\/retocada-2-300x225.jpg 300w, https:\/\/agora.xtec.cat\/iesdecelra\/wp-content\/uploads\/usu1789\/2018\/11\/retocada-2-768x576.jpg 768w, https:\/\/agora.xtec.cat\/iesdecelra\/wp-content\/uploads\/usu1789\/2018\/11\/retocada-2-200x150.jpg 200w, https:\/\/agora.xtec.cat\/iesdecelra\/wp-content\/uploads\/usu1789\/2018\/11\/retocada-2.jpg 2000w\" sizes=\"auto, (max-width: 467px) 100vw, 467px\" \/><\/a><\/p>\n<p>&nbsp;<\/p>\n<p style=\"text-align: center;\"><a href=\"https:\/\/youtu.be\/1HKdQujjEBg\"><strong>V\u00cdDEO: L&#8217;ONADA DE 1r d&#8217;ESO<\/strong><\/a><\/p>\n<p><iframe loading=\"lazy\" title=\"L&#039;onada de 1r d&#039;ESO\" width=\"500\" height=\"281\" src=\"https:\/\/www.youtube.com\/embed\/1HKdQujjEBg?feature=oembed\" frameborder=\"0\" allow=\"accelerometer; autoplay; clipboard-write; encrypted-media; gyroscope; picture-in-picture; web-share\" referrerpolicy=\"strict-origin-when-cross-origin\" allowfullscreen><\/iframe><\/p>\n<p>&nbsp;<\/p>\n<p>&nbsp;<\/p>\n","protected":false},"excerpt":{"rendered":"<p>El dimecres 24 d&#8217;octubre els alumnes de primer d&#8217;ESO van fer la primera excursi\u00f3 de tutoria.<br \/>\nVan sortir de l&#8217;institut i es van dirigir a la pedrera i al forn de cal\u00e7 del bosc de Can Taberner. All\u00e0 van explicar-los com es treia la pedra, quina&hellip;  <a href=\"https:\/\/agora.xtec.cat\/iesdecelra\/cursos\/eso\/eso-1\/1r-deso-a-sant-miquel\/\" title=\"Read 1r d&#8217;ESO A SANT MIQUEL\">Llegeix m\u00e9s\u00bb<\/a><\/p>\n","protected":false},"author":1,"featured_media":1109,"comment_status":"open","ping_status":"closed","sticky":false,"template":"","format":"standard","meta":{"_bbp_topic_count":0,"_bbp_reply_count":0,"_bbp_total_topic_count":0,"_bbp_total_reply_count":0,"_bbp_voice_count":0,"_bbp_anonymous_reply_count":0,"_bbp_topic_count_hidden":0,"_bbp_reply_count_hidden":0,"_bbp_forum_subforum_count":0,"footnotes":""},"categories":[103,4],"tags":[120,117,39],"class_list":["post-1106","post","type-post","status-publish","format-standard","has-post-thumbnail","hentry","category-actualitat","category-eso-1","tag-1r-deso","tag-curs-2018-2019","tag-sortides"],"post_mailing_queue_ids":[],"_links":{"self":[{"href":"https:\/\/agora.xtec.cat\/iesdecelra\/wp-json\/wp\/v2\/posts\/1106","targetHints":{"allow":["GET"]}}],"collection":[{"href":"https:\/\/agora.xtec.cat\/iesdecelra\/wp-json\/wp\/v2\/posts"}],"about":[{"href":"https:\/\/agora.xtec.cat\/iesdecelra\/wp-json\/wp\/v2\/types\/post"}],"author":[{"embeddable":true,"href":"https:\/\/agora.xtec.cat\/iesdecelra\/wp-json\/wp\/v2\/users\/1"}],"replies":[{"embeddable":true,"href":"https:\/\/agora.xtec.cat\/iesdecelra\/wp-json\/wp\/v2\/comments?post=1106"}],"version-history":[{"count":3,"href":"https:\/\/agora.xtec.cat\/iesdecelra\/wp-json\/wp\/v2\/posts\/1106\/revisions"}],"predecessor-version":[{"id":1111,"href":"https:\/\/agora.xtec.cat\/iesdecelra\/wp-json\/wp\/v2\/posts\/1106\/revisions\/1111"}],"wp:featuredmedia":[{"embeddable":true,"href":"https:\/\/agora.xtec.cat\/iesdecelra\/wp-json\/wp\/v2\/media\/1109"}],"wp:attachment":[{"href":"https:\/\/agora.xtec.cat\/iesdecelra\/wp-json\/wp\/v2\/media?parent=1106"}],"wp:term":[{"taxonomy":"category","embeddable":true,"href":"https:\/\/agora.xtec.cat\/iesdecelra\/wp-json\/wp\/v2\/categories?post=1106"},{"taxonomy":"post_tag","embeddable":true,"href":"https:\/\/agora.xtec.cat\/iesdecelra\/wp-json\/wp\/v2\/tags?post=1106"}],"curies":[{"name":"wp","href":"https:\/\/api.w.org\/{rel}","templated":true}]}}