{"id":11048,"date":"2024-07-01T10:41:38","date_gmt":"2024-07-01T08:41:38","guid":{"rendered":"https:\/\/agora.xtec.cat\/iesdecelra\/?p=11048"},"modified":"2024-09-12T15:47:57","modified_gmt":"2024-09-12T13:47:57","slug":"donacio-a-save-de-children","status":"publish","type":"post","link":"https:\/\/agora.xtec.cat\/iesdecelra\/cursos\/eso\/eso-4\/donacio-a-save-de-children\/","title":{"rendered":"DONACI\u00d3 A SAVE THE CHILDREN"},"content":{"rendered":"<p>Com cada any, una part dels beneficis generats amb la cooperava van destinats a fer una aportaci\u00f3 econ\u00f2mica solid\u00e0ria. Aquest curs 2023-24, els alumnes de 4tA que han format part de la cooperativa COOPSU han escollit l&#8217;entitat <em>Save the Children<\/em>. Estem molt satisfets de la feina feta i orgullosos d&#8217;haver aportat el nostre granet de sorra amb una donaci\u00f3 a Save the Children de 165\u20ac que ha estat possible a tots els que en algun moment aquest curs heu participat amb la compra de productes de la cooperativa.<\/p>\n<p>Us estem molt agra\u00efts i esperem que ens continueu fent confian\u00e7a en les pr\u00f2ximes edicions.<\/p>\n<p>Bon estiu!<\/p>\n<p>Cooperativa COOPSU<\/p>\n<p><img loading=\"lazy\" decoding=\"async\" class=\"aligncenter wp-image-11049\" src=\"https:\/\/agora.xtec.cat\/iesdecelra\/wp-content\/uploads\/usu1789\/2024\/07\/donacio-24.jpg\" alt=\"\" width=\"762\" height=\"381\" srcset=\"https:\/\/agora.xtec.cat\/iesdecelra\/wp-content\/uploads\/usu1789\/2024\/07\/donacio-24.jpg 1164w, https:\/\/agora.xtec.cat\/iesdecelra\/wp-content\/uploads\/usu1789\/2024\/07\/donacio-24-300x150.jpg 300w, https:\/\/agora.xtec.cat\/iesdecelra\/wp-content\/uploads\/usu1789\/2024\/07\/donacio-24-1024x512.jpg 1024w, https:\/\/agora.xtec.cat\/iesdecelra\/wp-content\/uploads\/usu1789\/2024\/07\/donacio-24-768x384.jpg 768w\" sizes=\"auto, (max-width: 762px) 100vw, 762px\" \/><\/p>\n<p><span style=\"font-weight: 400;\">7\u00e8. Inter\u00e8s per la comunitat: <\/span><span style=\"font-weight: 400;\">Aportaci\u00f3 econ\u00f2mica solid\u00e0ria, organitzaci\u00f3 d\u2019accions en benefici a la comunitat (carnestoltes, torneig esportiu\u2026)<\/span><\/p>\n<p>curs la Cooperativa Coopsu ha volgut donar una part dels seus beneficis a l&#8217;entitat Save de Children<\/p>\n","protected":false},"excerpt":{"rendered":"<p>Com cada any, una part dels beneficis generats amb la cooperava van destinats a fer una aportaci\u00f3 econ\u00f2mica solid\u00e0ria. Aquest curs 2023-24, els alumnes de 4tA que han format part de la cooperativa COOPSU han escollit l&#8217;entitat Save the Children. Estem molt satisfets de la&hellip;  <a href=\"https:\/\/agora.xtec.cat\/iesdecelra\/cursos\/eso\/eso-4\/donacio-a-save-de-children\/\" title=\"Read DONACI\u00d3 A SAVE THE CHILDREN\">Llegeix m\u00e9s\u00bb<\/a><\/p>\n","protected":false},"author":1,"featured_media":11049,"comment_status":"open","ping_status":"closed","sticky":false,"template":"","format":"standard","meta":{"_bbp_topic_count":0,"_bbp_reply_count":0,"_bbp_total_topic_count":0,"_bbp_total_reply_count":0,"_bbp_voice_count":0,"_bbp_anonymous_reply_count":0,"_bbp_topic_count_hidden":0,"_bbp_reply_count_hidden":0,"_bbp_forum_subforum_count":0,"footnotes":""},"categories":[103,347,7],"tags":[179,355],"class_list":["post-11048","post","type-post","status-publish","format-standard","has-post-thumbnail","hentry","category-actualitat","category-cooperativa","category-eso-4","tag-cooperativa","tag-curs-2023-2024"],"post_mailing_queue_ids":[],"_links":{"self":[{"href":"https:\/\/agora.xtec.cat\/iesdecelra\/wp-json\/wp\/v2\/posts\/11048","targetHints":{"allow":["GET"]}}],"collection":[{"href":"https:\/\/agora.xtec.cat\/iesdecelra\/wp-json\/wp\/v2\/posts"}],"about":[{"href":"https:\/\/agora.xtec.cat\/iesdecelra\/wp-json\/wp\/v2\/types\/post"}],"author":[{"embeddable":true,"href":"https:\/\/agora.xtec.cat\/iesdecelra\/wp-json\/wp\/v2\/users\/1"}],"replies":[{"embeddable":true,"href":"https:\/\/agora.xtec.cat\/iesdecelra\/wp-json\/wp\/v2\/comments?post=11048"}],"version-history":[{"count":2,"href":"https:\/\/agora.xtec.cat\/iesdecelra\/wp-json\/wp\/v2\/posts\/11048\/revisions"}],"predecessor-version":[{"id":11116,"href":"https:\/\/agora.xtec.cat\/iesdecelra\/wp-json\/wp\/v2\/posts\/11048\/revisions\/11116"}],"wp:featuredmedia":[{"embeddable":true,"href":"https:\/\/agora.xtec.cat\/iesdecelra\/wp-json\/wp\/v2\/media\/11049"}],"wp:attachment":[{"href":"https:\/\/agora.xtec.cat\/iesdecelra\/wp-json\/wp\/v2\/media?parent=11048"}],"wp:term":[{"taxonomy":"category","embeddable":true,"href":"https:\/\/agora.xtec.cat\/iesdecelra\/wp-json\/wp\/v2\/categories?post=11048"},{"taxonomy":"post_tag","embeddable":true,"href":"https:\/\/agora.xtec.cat\/iesdecelra\/wp-json\/wp\/v2\/tags?post=11048"}],"curies":[{"name":"wp","href":"https:\/\/api.w.org\/{rel}","templated":true}]}}