{"id":11019,"date":"2024-06-20T09:14:34","date_gmt":"2024-06-20T07:14:34","guid":{"rendered":"https:\/\/agora.xtec.cat\/iesdecelra\/?p=11019"},"modified":"2024-06-26T09:19:48","modified_gmt":"2024-06-26T07:19:48","slug":"premi-concurs-que-es-per-tu-europa","status":"publish","type":"post","link":"https:\/\/agora.xtec.cat\/iesdecelra\/cursos\/eso\/eso-4\/premi-concurs-que-es-per-tu-europa\/","title":{"rendered":"PREMI CONCURS QU\u00c8 \u00c9S PER TU EUROPA?"},"content":{"rendered":"<p>La proposta de les alumnes Luna Rivera i l&#8217;Aina Maduell, de l&#8217;optativa Emprenedoria Europea de 4t ESO, ha sigut premiada en la categoria d&#8217;Altres formats Art\u00edstics del concurs &#8220;Qu\u00e8 \u00e9s per a tu Europa?&#8221; organitzada per la Fundaci\u00f3 Catalunya Europa, posant en valor la creativitat i tamb\u00e9 el pensament cr\u00edtic.<\/p>\n<p style=\"text-align: center;\"><img loading=\"lazy\" decoding=\"async\" class=\"aligncenter size-full wp-image-11021\" src=\"https:\/\/agora.xtec.cat\/iesdecelra\/wp-content\/uploads\/usu1789\/2024\/06\/20240613_154840.jpg\" alt=\"\" width=\"1280\" height=\"960\" srcset=\"https:\/\/agora.xtec.cat\/iesdecelra\/wp-content\/uploads\/usu1789\/2024\/06\/20240613_154840.jpg 1280w, https:\/\/agora.xtec.cat\/iesdecelra\/wp-content\/uploads\/usu1789\/2024\/06\/20240613_154840-300x225.jpg 300w, https:\/\/agora.xtec.cat\/iesdecelra\/wp-content\/uploads\/usu1789\/2024\/06\/20240613_154840-1024x768.jpg 1024w, https:\/\/agora.xtec.cat\/iesdecelra\/wp-content\/uploads\/usu1789\/2024\/06\/20240613_154840-768x576.jpg 768w, https:\/\/agora.xtec.cat\/iesdecelra\/wp-content\/uploads\/usu1789\/2024\/06\/20240613_154840-200x150.jpg 200w\" sizes=\"auto, (max-width: 1280px) 100vw, 1280px\" \/><\/p>\n","protected":false},"excerpt":{"rendered":"<p>La proposta de les alumnes Luna Rivera i l&#8217;Aina Maduell, de l&#8217;optativa Emprenedoria Europea de 4t ESO, ha sigut premiada en la categoria d&#8217;Altres formats Art\u00edstics del concurs &#8220;Qu\u00e8 \u00e9s per a tu Europa?&#8221; organitzada per la Fundaci\u00f3 Catalunya Europa, posant en valor la creativitat&hellip;  <a href=\"https:\/\/agora.xtec.cat\/iesdecelra\/cursos\/eso\/eso-4\/premi-concurs-que-es-per-tu-europa\/\" title=\"Read PREMI CONCURS QU\u00c8 \u00c9S PER TU EUROPA?\">Llegeix m\u00e9s\u00bb<\/a><\/p>\n","protected":false},"author":1,"featured_media":11020,"comment_status":"open","ping_status":"closed","sticky":false,"template":"","format":"standard","meta":{"_bbp_topic_count":0,"_bbp_reply_count":0,"_bbp_total_topic_count":0,"_bbp_total_reply_count":0,"_bbp_voice_count":0,"_bbp_anonymous_reply_count":0,"_bbp_topic_count_hidden":0,"_bbp_reply_count_hidden":0,"_bbp_forum_subforum_count":0,"footnotes":""},"categories":[103,218,7],"tags":[355,360],"class_list":["post-11019","post","type-post","status-publish","format-standard","has-post-thumbnail","hentry","category-actualitat","category-concursos-i-premis","category-eso-4","tag-curs-2023-2024","tag-emprenedoria-europea"],"post_mailing_queue_ids":[],"_links":{"self":[{"href":"https:\/\/agora.xtec.cat\/iesdecelra\/wp-json\/wp\/v2\/posts\/11019","targetHints":{"allow":["GET"]}}],"collection":[{"href":"https:\/\/agora.xtec.cat\/iesdecelra\/wp-json\/wp\/v2\/posts"}],"about":[{"href":"https:\/\/agora.xtec.cat\/iesdecelra\/wp-json\/wp\/v2\/types\/post"}],"author":[{"embeddable":true,"href":"https:\/\/agora.xtec.cat\/iesdecelra\/wp-json\/wp\/v2\/users\/1"}],"replies":[{"embeddable":true,"href":"https:\/\/agora.xtec.cat\/iesdecelra\/wp-json\/wp\/v2\/comments?post=11019"}],"version-history":[{"count":2,"href":"https:\/\/agora.xtec.cat\/iesdecelra\/wp-json\/wp\/v2\/posts\/11019\/revisions"}],"predecessor-version":[{"id":11023,"href":"https:\/\/agora.xtec.cat\/iesdecelra\/wp-json\/wp\/v2\/posts\/11019\/revisions\/11023"}],"wp:featuredmedia":[{"embeddable":true,"href":"https:\/\/agora.xtec.cat\/iesdecelra\/wp-json\/wp\/v2\/media\/11020"}],"wp:attachment":[{"href":"https:\/\/agora.xtec.cat\/iesdecelra\/wp-json\/wp\/v2\/media?parent=11019"}],"wp:term":[{"taxonomy":"category","embeddable":true,"href":"https:\/\/agora.xtec.cat\/iesdecelra\/wp-json\/wp\/v2\/categories?post=11019"},{"taxonomy":"post_tag","embeddable":true,"href":"https:\/\/agora.xtec.cat\/iesdecelra\/wp-json\/wp\/v2\/tags?post=11019"}],"curies":[{"name":"wp","href":"https:\/\/api.w.org\/{rel}","templated":true}]}}