{"id":1101,"date":"2018-11-04T18:38:21","date_gmt":"2018-11-04T17:38:21","guid":{"rendered":"http:\/\/agora.xtec.cat\/iesdecelra\/?p=1101"},"modified":"2018-11-04T18:39:09","modified_gmt":"2018-11-04T17:39:09","slug":"club-de-lectura-jove-a-la-bilioteca-de-linstitut","status":"publish","type":"post","link":"https:\/\/agora.xtec.cat\/iesdecelra\/afa\/club-de-lectura-jove-a-la-bilioteca-de-linstitut\/","title":{"rendered":"CLUB DE LECTURA JOVE A LA BILIOTECA DE L&#8217;INSTITUT"},"content":{"rendered":"<p>El dimarts 30 d&#8217;octubre, durant el segon pati, va tenir lloc la presentaci\u00f3 del Club de Lectura Jove a la Biblioteca del nostre institut.<\/p>\n<p>El Club de lectura Jove \u00e9s una iniciativa impulsa per l&#8217;AMPA de l&#8217;Institut de Celr\u00e0 juntament amb la bibliotec\u00e0ria del centre i la Biblioteca P\u00fablica de Celr\u00e0. Fruit d&#8217;aquesta coordinaci\u00f3 neix aquest Club de lectura amb voluntat d&#8217;oferir una bona estona a tots els joves de Celr\u00e0 i voltants. Cada mes es proposar\u00e0 una lectura que comentarem virtualment a trav\u00e9s de la plataforma <a href=\"http:\/\/www.quellegeixes.cat\/\" target=\"_blank\" rel=\"noopener\" data-saferedirecturl=\"https:\/\/www.google.com\/url?q=http:\/\/www.quellegeixes.cat&amp;source=gmail&amp;ust=1541435852794000&amp;usg=AFQjCNEzk86nIJqZdJwZPW0os1-N1U3kkQ\">www.quellegeixes.cat<\/a> i un cop cada trimestre farem una trobada presencial, en qu\u00e8 esperem oferir una experi\u00e8ncia que vagi m\u00e9s enll\u00e0 de la lectura.<\/p>\n<p>Els joves poden fer les inscripcions gratu\u00eftament tant a la biblioteca del centre com a la Biblioteca Municipal de Celr\u00e0, amb el carnet de biblioteca.<\/p>\n<p>Esperem que sigui una iniciativa que us agradi, que us faci passar una bona estona i que d&#8217;ara en endavant siguem quelcom m\u00e9s que un club!<\/p>\n<p><a href=\"https:\/\/agora.xtec.cat\/iesdecelra\/wp-content\/uploads\/usu1789\/2018\/11\/club-lectura-biblioteca-2.jpg\"><img loading=\"lazy\" decoding=\"async\" class=\"wp-image-1102 aligncenter\" src=\"https:\/\/agora.xtec.cat\/iesdecelra\/wp-content\/uploads\/usu1789\/2018\/11\/club-lectura-biblioteca-2.jpg\" alt=\"\" width=\"563\" height=\"563\" srcset=\"https:\/\/agora.xtec.cat\/iesdecelra\/wp-content\/uploads\/usu1789\/2018\/11\/club-lectura-biblioteca-2.jpg 800w, https:\/\/agora.xtec.cat\/iesdecelra\/wp-content\/uploads\/usu1789\/2018\/11\/club-lectura-biblioteca-2-150x150.jpg 150w, https:\/\/agora.xtec.cat\/iesdecelra\/wp-content\/uploads\/usu1789\/2018\/11\/club-lectura-biblioteca-2-300x300.jpg 300w, https:\/\/agora.xtec.cat\/iesdecelra\/wp-content\/uploads\/usu1789\/2018\/11\/club-lectura-biblioteca-2-768x768.jpg 768w\" sizes=\"auto, (max-width: 563px) 100vw, 563px\" \/><\/a><\/p>\n","protected":false},"excerpt":{"rendered":"<p>El dimarts 30 d&#8217;octubre, durant el segon pati, va tenir lloc la presentaci\u00f3 del Club de Lectura Jove a la Biblioteca del nostre institut.<br \/>\nEl Club de lectura Jove \u00e9s una iniciativa impulsa per l&#8217;AMPA de l&#8217;Institut de Celr\u00e0 juntament amb la bibliotec\u00e0ria del centre i&hellip;  <a href=\"https:\/\/agora.xtec.cat\/iesdecelra\/afa\/club-de-lectura-jove-a-la-bilioteca-de-linstitut\/\" title=\"Read CLUB DE LECTURA JOVE A LA BILIOTECA DE L&#8217;INSTITUT\">Llegeix m\u00e9s\u00bb<\/a><\/p>\n","protected":false},"author":1,"featured_media":1103,"comment_status":"open","ping_status":"closed","sticky":false,"template":"","format":"standard","meta":{"_bbp_topic_count":0,"_bbp_reply_count":0,"_bbp_total_topic_count":0,"_bbp_total_reply_count":0,"_bbp_voice_count":0,"_bbp_anonymous_reply_count":0,"_bbp_topic_count_hidden":0,"_bbp_reply_count_hidden":0,"_bbp_forum_subforum_count":0,"footnotes":""},"categories":[103,31],"tags":[130,117],"class_list":["post-1101","post","type-post","status-publish","format-standard","has-post-thumbnail","hentry","category-actualitat","category-afa","tag-biblioteca","tag-curs-2018-2019"],"post_mailing_queue_ids":[],"_links":{"self":[{"href":"https:\/\/agora.xtec.cat\/iesdecelra\/wp-json\/wp\/v2\/posts\/1101","targetHints":{"allow":["GET"]}}],"collection":[{"href":"https:\/\/agora.xtec.cat\/iesdecelra\/wp-json\/wp\/v2\/posts"}],"about":[{"href":"https:\/\/agora.xtec.cat\/iesdecelra\/wp-json\/wp\/v2\/types\/post"}],"author":[{"embeddable":true,"href":"https:\/\/agora.xtec.cat\/iesdecelra\/wp-json\/wp\/v2\/users\/1"}],"replies":[{"embeddable":true,"href":"https:\/\/agora.xtec.cat\/iesdecelra\/wp-json\/wp\/v2\/comments?post=1101"}],"version-history":[{"count":1,"href":"https:\/\/agora.xtec.cat\/iesdecelra\/wp-json\/wp\/v2\/posts\/1101\/revisions"}],"predecessor-version":[{"id":1104,"href":"https:\/\/agora.xtec.cat\/iesdecelra\/wp-json\/wp\/v2\/posts\/1101\/revisions\/1104"}],"wp:featuredmedia":[{"embeddable":true,"href":"https:\/\/agora.xtec.cat\/iesdecelra\/wp-json\/wp\/v2\/media\/1103"}],"wp:attachment":[{"href":"https:\/\/agora.xtec.cat\/iesdecelra\/wp-json\/wp\/v2\/media?parent=1101"}],"wp:term":[{"taxonomy":"category","embeddable":true,"href":"https:\/\/agora.xtec.cat\/iesdecelra\/wp-json\/wp\/v2\/categories?post=1101"},{"taxonomy":"post_tag","embeddable":true,"href":"https:\/\/agora.xtec.cat\/iesdecelra\/wp-json\/wp\/v2\/tags?post=1101"}],"curies":[{"name":"wp","href":"https:\/\/api.w.org\/{rel}","templated":true}]}}