{"id":10931,"date":"2024-06-11T15:57:43","date_gmt":"2024-06-11T13:57:43","guid":{"rendered":"https:\/\/agora.xtec.cat\/iesdecelra\/?p=10931"},"modified":"2024-06-11T16:00:04","modified_gmt":"2024-06-11T14:00:04","slug":"xxixa-mostra-de-teatre-de-blanes","status":"publish","type":"post","link":"https:\/\/agora.xtec.cat\/iesdecelra\/cursos\/eso\/eso-4\/xxixa-mostra-de-teatre-de-blanes\/","title":{"rendered":"XXIXa MOSTRA DE TEATRE DE BLANES"},"content":{"rendered":"<p dir=\"ltr\">Com cada any, els alumnes de l\u2019optativa de teatre de 4t d\u2019ESO de l\u2019Institut de Celr\u00e0 el 23 i 24 de maig van participar en la\u00a0XXIXa MOSTRA DE TEATRE DE BLANES\u00a0amb\u00a0l\u2019obra\u00a0Per qu\u00e8 he plorat.<\/p>\n<p><span style=\"font-size: 10pt;\">ALUMNES: Roc Albareda Rovira,\u00a0Jan Batlle Casas,\u00a0Caterina Carrera Pi\u00f1ar,\u00a0Ilona Hollanti Miguelez, Mariyamu Keita Kamara, Guillem Nadal Tufet, Ivan\u00a0Oliver Valldeperas,\u00a0 Anna Patr\u00edcia Padilla Calix,\u00a0Aina Salvatella Porrera,\u00a0Clara Alonso Gonz\u00e1lez-Carrato, Isona\u00a0Arjona Dom\u00e8nech, J\u00falia\u00a0Bonache Motera, Alba\u00a0Cuestas Pacheco, Aina Maduell Siches, \u00d2ria Masgrau Massa, Berta Pi Bartrina, Arnau\u00a0Pons Borrell,\u00a0 Luna Rivera Puigti\u00f3, Aitor Ayll\u00f3n Su\u00e1rez i Patricia Mart\u00ednez Pop.<\/span><\/p>\n\r\n\t<div class=\"slideshow_container slideshow_container_style-light\" style=\"height: 500px; \" data-slideshow-id=\"10933\" data-style-name=\"style-light\" data-style-version=\"2.3.1\" >\r\n\r\n\t\t\t\t\t<div class=\"slideshow_loading_icon\"><\/div>\r\n\t\t\r\n\t\t<div class=\"slideshow_content\" style=\"display: none;\">\r\n\r\n\t\t\t<div class=\"slideshow_view\">\r\n\t\t\t\t<div class=\"slideshow_slide slideshow_slide_image\">\r\n\t\t\t\t\t\t\t\t\t\t\t<img src=\"https:\/\/agora.xtec.cat\/iesdecelra\/wp-content\/uploads\/usu1789\/2024\/06\/TEATRE-1.jpg\" alt=\"TEATRE 1\" width=\"1080\" height=\"442\" \/>\r\n\t\t\t\t\t\t\t\t\t\t<div class=\"slideshow_description_box slideshow_transparent\">\r\n\t\t\t\t\t\t<div class=\"slideshow_title\">TEATRE 1<\/div>\t\t\t\t\t\t\t\t\t\t\t<\/div>\r\n\t\t\t\t<\/div>\r\n\r\n\t\t\t\t\t\t<div style=\"clear: both;\"><\/div><\/div><div class=\"slideshow_view\">\r\n\t\t\t\t<div class=\"slideshow_slide slideshow_slide_image\">\r\n\t\t\t\t\t\t\t\t\t\t\t<img src=\"https:\/\/agora.xtec.cat\/iesdecelra\/wp-content\/uploads\/usu1789\/2024\/06\/foto-teatre-grup-premi.jpg\" alt=\"foto teatre grup premi\" width=\"880\" height=\"514\" \/>\r\n\t\t\t\t\t\t\t\t\t\t<div class=\"slideshow_description_box slideshow_transparent\">\r\n\t\t\t\t\t\t<div class=\"slideshow_title\">foto teatre grup premi<\/div>\t\t\t\t\t\t\t\t\t\t\t<\/div>\r\n\t\t\t\t<\/div>\r\n\r\n\t\t\t\t\t\t<div style=\"clear: both;\"><\/div><\/div><div class=\"slideshow_view\">\r\n\t\t\t\t<div class=\"slideshow_slide slideshow_slide_image\">\r\n\t\t\t\t\t\t\t\t\t\t\t<img src=\"https:\/\/agora.xtec.cat\/iesdecelra\/wp-content\/uploads\/usu1789\/2024\/06\/foto-premi-teatre.jpg\" alt=\"foto premi teatre\" width=\"2048\" height=\"1537\" \/>\r\n\t\t\t\t\t\t\t\t\t\t<div class=\"slideshow_description_box slideshow_transparent\">\r\n\t\t\t\t\t\t<div class=\"slideshow_title\">foto premi teatre<\/div>\t\t\t\t\t\t\t\t\t\t\t<\/div>\r\n\t\t\t\t<\/div>\r\n\r\n\t\t\t\t\t\t<div style=\"clear: both;\"><\/div><\/div><div class=\"slideshow_view\">\r\n\t\t\t\t<div class=\"slideshow_slide slideshow_slide_image\">\r\n\t\t\t\t\t\t\t\t\t\t\t<img src=\"https:\/\/agora.xtec.cat\/iesdecelra\/wp-content\/uploads\/usu1789\/2024\/06\/TEATRE-PARELLES.jpg\" alt=\"TEATRE PARELLES\" width=\"940\" height=\"619\" \/>\r\n\t\t\t\t\t\t\t\t\t\t<div class=\"slideshow_description_box slideshow_transparent\">\r\n\t\t\t\t\t\t<div class=\"slideshow_title\">TEATRE PARELLES<\/div>\t\t\t\t\t\t\t\t\t\t\t<\/div>\r\n\t\t\t\t<\/div>\r\n\r\n\t\t\t\t\t\t<div style=\"clear: both;\"><\/div><\/div>\r\n\t\t<\/div>\r\n\r\n\t\t<div class=\"slideshow_controlPanel slideshow_transparent\" style=\"display: none;\"><ul><li class=\"slideshow_togglePlay\" data-play-text=\"Visualitza\" data-pause-text=\"Pausa\"><\/li><\/ul><\/div>\r\n\r\n\t\t<div class=\"slideshow_button slideshow_previous slideshow_transparent\" role=\"button\" data-previous-text=\"Anterior\" style=\"display: none;\"><\/div>\r\n\t\t<div class=\"slideshow_button slideshow_next slideshow_transparent\" role=\"button\" data-next-text=\"Seg\u00fcent\" style=\"display: none;\"><\/div>\r\n\r\n\t\t<div class=\"slideshow_pagination\" style=\"display: none;\" data-go-to-text=\"V\u00e9s a la diapositiva\"><div class=\"slideshow_pagination_center\"><\/div><\/div>\r\n\r\n\t\t<!-- WordPress Slideshow Version 2.3.1 -->\r\n\r\n\t\t\t<\/div>\r\n\r\n\n","protected":false},"excerpt":{"rendered":"<p>Com cada any, els alumnes de l\u2019optativa de teatre de 4t d\u2019ESO de l\u2019Institut de Celr\u00e0 el 23 i 24 de maig van participar en la\u00a0XXIXa MOSTRA DE TEATRE DE BLANES\u00a0amb\u00a0l\u2019obra\u00a0Per qu\u00e8 he plorat.<br \/>\nALUMNES: Roc Albareda Rovira,\u00a0Jan Batlle Casas,\u00a0Caterina Carrera Pi\u00f1ar,\u00a0Ilona Hollanti Miguelez, Mariyamu Keita&hellip;  <a href=\"https:\/\/agora.xtec.cat\/iesdecelra\/cursos\/eso\/eso-4\/xxixa-mostra-de-teatre-de-blanes\/\" title=\"Read XXIXa MOSTRA DE TEATRE DE BLANES\">Llegeix m\u00e9s\u00bb<\/a><\/p>\n","protected":false},"author":1,"featured_media":10937,"comment_status":"open","ping_status":"closed","sticky":false,"template":"","format":"standard","meta":{"_bbp_topic_count":0,"_bbp_reply_count":0,"_bbp_total_topic_count":0,"_bbp_total_reply_count":0,"_bbp_voice_count":0,"_bbp_anonymous_reply_count":0,"_bbp_topic_count_hidden":0,"_bbp_reply_count_hidden":0,"_bbp_forum_subforum_count":0,"footnotes":""},"categories":[103,7],"tags":[355,338],"class_list":["post-10931","post","type-post","status-publish","format-standard","has-post-thumbnail","hentry","category-actualitat","category-eso-4","tag-curs-2023-2024","tag-mostra-de-teatre"],"post_mailing_queue_ids":[],"_links":{"self":[{"href":"https:\/\/agora.xtec.cat\/iesdecelra\/wp-json\/wp\/v2\/posts\/10931","targetHints":{"allow":["GET"]}}],"collection":[{"href":"https:\/\/agora.xtec.cat\/iesdecelra\/wp-json\/wp\/v2\/posts"}],"about":[{"href":"https:\/\/agora.xtec.cat\/iesdecelra\/wp-json\/wp\/v2\/types\/post"}],"author":[{"embeddable":true,"href":"https:\/\/agora.xtec.cat\/iesdecelra\/wp-json\/wp\/v2\/users\/1"}],"replies":[{"embeddable":true,"href":"https:\/\/agora.xtec.cat\/iesdecelra\/wp-json\/wp\/v2\/comments?post=10931"}],"version-history":[{"count":5,"href":"https:\/\/agora.xtec.cat\/iesdecelra\/wp-json\/wp\/v2\/posts\/10931\/revisions"}],"predecessor-version":[{"id":10943,"href":"https:\/\/agora.xtec.cat\/iesdecelra\/wp-json\/wp\/v2\/posts\/10931\/revisions\/10943"}],"wp:featuredmedia":[{"embeddable":true,"href":"https:\/\/agora.xtec.cat\/iesdecelra\/wp-json\/wp\/v2\/media\/10937"}],"wp:attachment":[{"href":"https:\/\/agora.xtec.cat\/iesdecelra\/wp-json\/wp\/v2\/media?parent=10931"}],"wp:term":[{"taxonomy":"category","embeddable":true,"href":"https:\/\/agora.xtec.cat\/iesdecelra\/wp-json\/wp\/v2\/categories?post=10931"},{"taxonomy":"post_tag","embeddable":true,"href":"https:\/\/agora.xtec.cat\/iesdecelra\/wp-json\/wp\/v2\/tags?post=10931"}],"curies":[{"name":"wp","href":"https:\/\/api.w.org\/{rel}","templated":true}]}}