{"id":10892,"date":"2024-05-31T09:38:34","date_gmt":"2024-05-31T07:38:34","guid":{"rendered":"https:\/\/agora.xtec.cat\/iesdecelra\/?p=10892"},"modified":"2024-06-03T15:32:58","modified_gmt":"2024-06-03T13:32:58","slug":"sortida-aula-dacollida","status":"publish","type":"post","link":"https:\/\/agora.xtec.cat\/iesdecelra\/cursos\/eso\/sortida-aula-dacollida\/","title":{"rendered":"SORTIDA AULA D&#8217;ACOLLIDA"},"content":{"rendered":"<p>El passat dijous dia 23 de maig, l&#8217;alumnat de l&#8217;aula d&#8217;acollida va fer una sortida de coneixen\u00e7a amb l&#8217;alumnat de l&#8217;aula d&#8217;acollida de l&#8217;institut Josep Brugulat de Banyoles. La sortida va consistir en una trobada al parc de la Devesa, on es van proposar din\u00e0miques de coneixen\u00e7a i jocs per potenciar l&#8217;\u00fas oral de la llengua catalana.<\/p>\n<p><img loading=\"lazy\" decoding=\"async\" class=\"alignnone size-large wp-image-10893\" src=\"https:\/\/agora.xtec.cat\/iesdecelra\/wp-content\/uploads\/usu1789\/2024\/05\/WhatsApp-Image-2024-05-23-at-13.03.33-1024x768.jpeg\" alt=\"\" width=\"1024\" height=\"768\" srcset=\"https:\/\/agora.xtec.cat\/iesdecelra\/wp-content\/uploads\/usu1789\/2024\/05\/WhatsApp-Image-2024-05-23-at-13.03.33-1024x768.jpeg 1024w, https:\/\/agora.xtec.cat\/iesdecelra\/wp-content\/uploads\/usu1789\/2024\/05\/WhatsApp-Image-2024-05-23-at-13.03.33-300x225.jpeg 300w, https:\/\/agora.xtec.cat\/iesdecelra\/wp-content\/uploads\/usu1789\/2024\/05\/WhatsApp-Image-2024-05-23-at-13.03.33-768x576.jpeg 768w, https:\/\/agora.xtec.cat\/iesdecelra\/wp-content\/uploads\/usu1789\/2024\/05\/WhatsApp-Image-2024-05-23-at-13.03.33-1536x1152.jpeg 1536w, https:\/\/agora.xtec.cat\/iesdecelra\/wp-content\/uploads\/usu1789\/2024\/05\/WhatsApp-Image-2024-05-23-at-13.03.33-200x150.jpeg 200w, https:\/\/agora.xtec.cat\/iesdecelra\/wp-content\/uploads\/usu1789\/2024\/05\/WhatsApp-Image-2024-05-23-at-13.03.33.jpeg 1600w\" sizes=\"auto, (max-width: 1024px) 100vw, 1024px\" \/><\/p>\n","protected":false},"excerpt":{"rendered":"<p>El passat dijous dia 23 de maig, l&#8217;alumnat de l&#8217;aula d&#8217;acollida va fer una sortida de coneixen\u00e7a amb l&#8217;alumnat de l&#8217;aula d&#8217;acollida de l&#8217;institut Josep Brugulat de Banyoles. La sortida va consistir en una trobada al parc de la Devesa, on es van proposar din\u00e0miques&hellip;  <a href=\"https:\/\/agora.xtec.cat\/iesdecelra\/cursos\/eso\/sortida-aula-dacollida\/\" title=\"Read SORTIDA AULA D&#8217;ACOLLIDA\">Llegeix m\u00e9s\u00bb<\/a><\/p>\n","protected":false},"author":1,"featured_media":10893,"comment_status":"open","ping_status":"closed","sticky":false,"template":"","format":"standard","meta":{"_bbp_topic_count":0,"_bbp_reply_count":0,"_bbp_total_topic_count":0,"_bbp_total_reply_count":0,"_bbp_voice_count":0,"_bbp_anonymous_reply_count":0,"_bbp_topic_count_hidden":0,"_bbp_reply_count_hidden":0,"_bbp_forum_subforum_count":0,"footnotes":""},"categories":[103,3],"tags":[235,355],"class_list":["post-10892","post","type-post","status-publish","format-standard","has-post-thumbnail","hentry","category-actualitat","category-eso","tag-aula-dacollida","tag-curs-2023-2024"],"post_mailing_queue_ids":[],"_links":{"self":[{"href":"https:\/\/agora.xtec.cat\/iesdecelra\/wp-json\/wp\/v2\/posts\/10892","targetHints":{"allow":["GET"]}}],"collection":[{"href":"https:\/\/agora.xtec.cat\/iesdecelra\/wp-json\/wp\/v2\/posts"}],"about":[{"href":"https:\/\/agora.xtec.cat\/iesdecelra\/wp-json\/wp\/v2\/types\/post"}],"author":[{"embeddable":true,"href":"https:\/\/agora.xtec.cat\/iesdecelra\/wp-json\/wp\/v2\/users\/1"}],"replies":[{"embeddable":true,"href":"https:\/\/agora.xtec.cat\/iesdecelra\/wp-json\/wp\/v2\/comments?post=10892"}],"version-history":[{"count":1,"href":"https:\/\/agora.xtec.cat\/iesdecelra\/wp-json\/wp\/v2\/posts\/10892\/revisions"}],"predecessor-version":[{"id":10894,"href":"https:\/\/agora.xtec.cat\/iesdecelra\/wp-json\/wp\/v2\/posts\/10892\/revisions\/10894"}],"wp:featuredmedia":[{"embeddable":true,"href":"https:\/\/agora.xtec.cat\/iesdecelra\/wp-json\/wp\/v2\/media\/10893"}],"wp:attachment":[{"href":"https:\/\/agora.xtec.cat\/iesdecelra\/wp-json\/wp\/v2\/media?parent=10892"}],"wp:term":[{"taxonomy":"category","embeddable":true,"href":"https:\/\/agora.xtec.cat\/iesdecelra\/wp-json\/wp\/v2\/categories?post=10892"},{"taxonomy":"post_tag","embeddable":true,"href":"https:\/\/agora.xtec.cat\/iesdecelra\/wp-json\/wp\/v2\/tags?post=10892"}],"curies":[{"name":"wp","href":"https:\/\/api.w.org\/{rel}","templated":true}]}}