{"id":10827,"date":"2024-05-16T12:56:46","date_gmt":"2024-05-16T10:56:46","guid":{"rendered":"https:\/\/agora.xtec.cat\/iesdecelra\/?p=10827"},"modified":"2024-05-16T12:56:46","modified_gmt":"2024-05-16T10:56:46","slug":"9-de-maig-dia-deuropa","status":"publish","type":"post","link":"https:\/\/agora.xtec.cat\/iesdecelra\/projectes-de-centre\/european-projects\/9-de-maig-dia-deuropa\/","title":{"rendered":"9 DE MAIG: DIA D&#8217;EUROPA"},"content":{"rendered":"<p>El 9 de maig \u00e9s el Dia d&#8217;Europa i l&#8217;Institut de Celr\u00e0, com a Escola Ambaixadora del Parlament Europeu, hem realitzat diferents activitats dins i fora del centre.<\/p>\n<p>Fora del centre, hem estat convidats a la jornada organitzada per l&#8217;oficina del Parlament Europeu de Barcelona que ha reunit 500 alumnes d&#8217;escoles ambaixadores d&#8217;arreu de Catalunya per compartir punts de vista sobre democr\u00e0cia, lleis europees, drets i deures europeus, intel\u00b7lig\u00e8ncia artificial i desinformaci\u00f3.<\/p>\n<p>Tamb\u00e9 hem participat online a la jornada &#8220;Art and Democracy&#8221; del grup eTwinning EPAS com a un dels centres mentors del projecte eTwinning &#8220;European Changemakers&#8221; que s&#8217;est\u00e0 desenvolupant aquest curs 2024-25, i s&#8217;ha desenvolupat un joc europeu per localitzacions del poble de Celr\u00e0.<\/p>\n<p>Dins del centre, i amb motiu de les properes eleccions europees del mes de juny, el nostre Infopoint Europeu s&#8217;ha transformat en una exposici\u00f3 que informa i alerta sobre la Desinformaci\u00f3 i les Fake News, amb estrat\u00e8gies per fer-hi front. Tamb\u00e9 s&#8217;ha projectat a l&#8217;aula el v\u00eddeo <a href=\"https:\/\/multimedia.europarl.europa.eu\/en\/video\/fes-servir-el-teu-vot-european-elections-2024-video-catalan-dubbed-169_EP167993_CAT\" target=\"_blank\" rel=\"noopener\" data-saferedirecturl=\"https:\/\/www.google.com\/url?q=https:\/\/multimedia.europarl.europa.eu\/en\/video\/fes-servir-el-teu-vot-european-elections-2024-video-catalan-dubbed-169_EP167993_CAT&amp;source=gmail&amp;ust=1715936500815000&amp;usg=AOvVaw0A_WooUG1H-sjWdneNG5uj\">Fes servir el teu vot\u00a0<\/a>\u00a0amb diferents testimonis que expliquen als seus nets la seva lluita pels drets democr\u00e0tics.<\/p>\n<p>Els alumnes d&#8217;Emprenedoria Europea de 4t d&#8217;ESO tamb\u00e9 han preparat un seguit de jocs sobre la UE que han buscat la participaci\u00f3 de tots els alumnes del centre.<\/p>\n<p style=\"text-align: center;\">\r\n\t<div class=\"slideshow_container slideshow_container_style-light\" style=\"height: 500px; \" data-slideshow-id=\"10829\" data-style-name=\"style-light\" data-style-version=\"2.3.1\" >\r\n\r\n\t\t\t\t\t<div class=\"slideshow_loading_icon\"><\/div>\r\n\t\t\r\n\t\t<div class=\"slideshow_content\" style=\"display: none;\">\r\n\r\n\t\t\t<div class=\"slideshow_view\">\r\n\t\t\t\t<div class=\"slideshow_slide slideshow_slide_image\">\r\n\t\t\t\t\t\t\t\t\t\t\t<img src=\"https:\/\/agora.xtec.cat\/iesdecelra\/wp-content\/uploads\/usu1789\/2024\/05\/IMG-20240509-WA0014.jpg\" alt=\"IMG-20240509-WA0014\" width=\"1600\" height=\"1200\" \/>\r\n\t\t\t\t\t\t\t\t\t\t<div class=\"slideshow_description_box slideshow_transparent\">\r\n\t\t\t\t\t\t<div class=\"slideshow_title\">IMG-20240509-WA0014<\/div>\t\t\t\t\t\t\t\t\t\t\t<\/div>\r\n\t\t\t\t<\/div>\r\n\r\n\t\t\t\t\t\t<div style=\"clear: both;\"><\/div><\/div><div class=\"slideshow_view\">\r\n\t\t\t\t<div class=\"slideshow_slide slideshow_slide_image\">\r\n\t\t\t\t\t\t\t\t\t\t\t<img src=\"https:\/\/agora.xtec.cat\/iesdecelra\/wp-content\/uploads\/usu1789\/2024\/05\/20240510_085523-scaled.jpg\" alt=\"20240510_085523\" width=\"2560\" height=\"1920\" \/>\r\n\t\t\t\t\t\t\t\t\t\t<div class=\"slideshow_description_box slideshow_transparent\">\r\n\t\t\t\t\t\t<div class=\"slideshow_title\">20240510_085523<\/div>\t\t\t\t\t\t\t\t\t\t\t<\/div>\r\n\t\t\t\t<\/div>\r\n\r\n\t\t\t\t\t\t<div style=\"clear: both;\"><\/div><\/div><div class=\"slideshow_view\">\r\n\t\t\t\t<div class=\"slideshow_slide slideshow_slide_image\">\r\n\t\t\t\t\t\t\t\t\t\t\t<img src=\"https:\/\/agora.xtec.cat\/iesdecelra\/wp-content\/uploads\/usu1789\/2024\/05\/20240509_194328-scaled.jpg\" alt=\"20240509_194328\" width=\"2560\" height=\"1504\" \/>\r\n\t\t\t\t\t\t\t\t\t\t<div class=\"slideshow_description_box slideshow_transparent\">\r\n\t\t\t\t\t\t<div class=\"slideshow_title\">20240509_194328<\/div>\t\t\t\t\t\t\t\t\t\t\t<\/div>\r\n\t\t\t\t<\/div>\r\n\r\n\t\t\t\t\t\t<div style=\"clear: both;\"><\/div><\/div><div class=\"slideshow_view\">\r\n\t\t\t\t<div class=\"slideshow_slide slideshow_slide_image\">\r\n\t\t\t\t\t\t\t\t\t\t\t<img src=\"https:\/\/agora.xtec.cat\/iesdecelra\/wp-content\/uploads\/usu1789\/2024\/05\/20240509_125034-scaled.jpg\" alt=\"20240509_125034\" width=\"2560\" height=\"1920\" \/>\r\n\t\t\t\t\t\t\t\t\t\t<div class=\"slideshow_description_box slideshow_transparent\">\r\n\t\t\t\t\t\t<div class=\"slideshow_title\">20240509_125034<\/div>\t\t\t\t\t\t\t\t\t\t\t<\/div>\r\n\t\t\t\t<\/div>\r\n\r\n\t\t\t\t\t\t<div style=\"clear: both;\"><\/div><\/div><div class=\"slideshow_view\">\r\n\t\t\t\t<div class=\"slideshow_slide slideshow_slide_image\">\r\n\t\t\t\t\t\t\t\t\t\t\t<img src=\"https:\/\/agora.xtec.cat\/iesdecelra\/wp-content\/uploads\/usu1789\/2024\/05\/20240508_111714-scaled.jpg\" alt=\"20240508_111714\" width=\"2560\" height=\"1920\" \/>\r\n\t\t\t\t\t\t\t\t\t\t<div class=\"slideshow_description_box slideshow_transparent\">\r\n\t\t\t\t\t\t<div class=\"slideshow_title\">20240508_111714<\/div>\t\t\t\t\t\t\t\t\t\t\t<\/div>\r\n\t\t\t\t<\/div>\r\n\r\n\t\t\t\t\t\t<div style=\"clear: both;\"><\/div><\/div><div class=\"slideshow_view\">\r\n\t\t\t\t<div class=\"slideshow_slide slideshow_slide_image\">\r\n\t\t\t\t\t\t\t\t\t\t\t<img src=\"https:\/\/agora.xtec.cat\/iesdecelra\/wp-content\/uploads\/usu1789\/2024\/05\/2.jpg\" alt=\"2\" width=\"1414\" height=\"2000\" \/>\r\n\t\t\t\t\t\t\t\t\t\t<div class=\"slideshow_description_box slideshow_transparent\">\r\n\t\t\t\t\t\t<div class=\"slideshow_title\">2<\/div>\t\t\t\t\t\t\t\t\t\t\t<\/div>\r\n\t\t\t\t<\/div>\r\n\r\n\t\t\t\t\t\t<div style=\"clear: both;\"><\/div><\/div><div class=\"slideshow_view\">\r\n\t\t\t\t<div class=\"slideshow_slide slideshow_slide_image\">\r\n\t\t\t\t\t\t\t\t\t\t\t<img src=\"https:\/\/agora.xtec.cat\/iesdecelra\/wp-content\/uploads\/usu1789\/2024\/05\/1-1.jpg\" alt=\"1\" width=\"1414\" height=\"2000\" \/>\r\n\t\t\t\t\t\t\t\t\t\t<div class=\"slideshow_description_box slideshow_transparent\">\r\n\t\t\t\t\t\t<div class=\"slideshow_title\">1<\/div>\t\t\t\t\t\t\t\t\t\t\t<\/div>\r\n\t\t\t\t<\/div>\r\n\r\n\t\t\t\t\t\t<div style=\"clear: both;\"><\/div><\/div>\r\n\t\t<\/div>\r\n\r\n\t\t<div class=\"slideshow_controlPanel slideshow_transparent\" style=\"display: none;\"><ul><li class=\"slideshow_togglePlay\" data-play-text=\"Visualitza\" data-pause-text=\"Pausa\"><\/li><\/ul><\/div>\r\n\r\n\t\t<div class=\"slideshow_button slideshow_previous slideshow_transparent\" role=\"button\" data-previous-text=\"Anterior\" style=\"display: none;\"><\/div>\r\n\t\t<div class=\"slideshow_button slideshow_next slideshow_transparent\" role=\"button\" data-next-text=\"Seg\u00fcent\" style=\"display: none;\"><\/div>\r\n\r\n\t\t<div class=\"slideshow_pagination\" style=\"display: none;\" data-go-to-text=\"V\u00e9s a la diapositiva\"><div class=\"slideshow_pagination_center\"><\/div><\/div>\r\n\r\n\t\t<!-- WordPress Slideshow Version 2.3.1 -->\r\n\r\n\t\t\t<\/div>\r\n\r\n<\/p>\n","protected":false},"excerpt":{"rendered":"<p>El 9 de maig \u00e9s el Dia d&#8217;Europa i l&#8217;Institut de Celr\u00e0, com a Escola Ambaixadora del Parlament Europeu, hem realitzat diferents activitats dins i fora del centre.<br \/>\nFora del centre, hem estat convidats a la jornada organitzada per l&#8217;oficina del Parlament Europeu de Barcelona que&hellip;  <a href=\"https:\/\/agora.xtec.cat\/iesdecelra\/projectes-de-centre\/european-projects\/9-de-maig-dia-deuropa\/\" title=\"Read 9 DE MAIG: DIA D&#8217;EUROPA\">Llegeix m\u00e9s\u00bb<\/a><\/p>\n","protected":false},"author":1,"featured_media":10840,"comment_status":"open","ping_status":"closed","sticky":false,"template":"","format":"standard","meta":{"_bbp_topic_count":0,"_bbp_reply_count":0,"_bbp_total_topic_count":0,"_bbp_total_reply_count":0,"_bbp_voice_count":0,"_bbp_anonymous_reply_count":0,"_bbp_topic_count_hidden":0,"_bbp_reply_count_hidden":0,"_bbp_forum_subforum_count":0,"footnotes":""},"categories":[156],"tags":[355,336,301],"class_list":["post-10827","post","type-post","status-publish","format-standard","has-post-thumbnail","hentry","category-european-projects","tag-curs-2023-2024","tag-dia-deuropa","tag-projectes-europeus"],"post_mailing_queue_ids":[],"_links":{"self":[{"href":"https:\/\/agora.xtec.cat\/iesdecelra\/wp-json\/wp\/v2\/posts\/10827","targetHints":{"allow":["GET"]}}],"collection":[{"href":"https:\/\/agora.xtec.cat\/iesdecelra\/wp-json\/wp\/v2\/posts"}],"about":[{"href":"https:\/\/agora.xtec.cat\/iesdecelra\/wp-json\/wp\/v2\/types\/post"}],"author":[{"embeddable":true,"href":"https:\/\/agora.xtec.cat\/iesdecelra\/wp-json\/wp\/v2\/users\/1"}],"replies":[{"embeddable":true,"href":"https:\/\/agora.xtec.cat\/iesdecelra\/wp-json\/wp\/v2\/comments?post=10827"}],"version-history":[{"count":2,"href":"https:\/\/agora.xtec.cat\/iesdecelra\/wp-json\/wp\/v2\/posts\/10827\/revisions"}],"predecessor-version":[{"id":10845,"href":"https:\/\/agora.xtec.cat\/iesdecelra\/wp-json\/wp\/v2\/posts\/10827\/revisions\/10845"}],"wp:featuredmedia":[{"embeddable":true,"href":"https:\/\/agora.xtec.cat\/iesdecelra\/wp-json\/wp\/v2\/media\/10840"}],"wp:attachment":[{"href":"https:\/\/agora.xtec.cat\/iesdecelra\/wp-json\/wp\/v2\/media?parent=10827"}],"wp:term":[{"taxonomy":"category","embeddable":true,"href":"https:\/\/agora.xtec.cat\/iesdecelra\/wp-json\/wp\/v2\/categories?post=10827"},{"taxonomy":"post_tag","embeddable":true,"href":"https:\/\/agora.xtec.cat\/iesdecelra\/wp-json\/wp\/v2\/tags?post=10827"}],"curies":[{"name":"wp","href":"https:\/\/api.w.org\/{rel}","templated":true}]}}