{"id":10822,"date":"2024-05-12T20:25:47","date_gmt":"2024-05-12T18:25:47","guid":{"rendered":"https:\/\/agora.xtec.cat\/iesdecelra\/?p=10822"},"modified":"2024-05-16T14:41:42","modified_gmt":"2024-05-16T12:41:42","slug":"premi-talent-girones","status":"publish","type":"post","link":"https:\/\/agora.xtec.cat\/iesdecelra\/actualitat\/premi-talent-girones\/","title":{"rendered":"PREMI TALENT GIRON\u00c8S"},"content":{"rendered":"<p>El passat divendres 3 de maig va tenir lloc la Gala de Talent Giron\u00e8s 2024 a la sala La Mirona de Salt. Els alumnes del cicle formatiu de Dansa urbana hi van participar com a Last Gang i despr\u00e9s d&#8217;una actuaci\u00f3 espectacular varen rebre el premi Talent Giron\u00e8s en la categoria de Dansa.<\/p>\n<p>Felicitacions per la feina feta al llarg d&#8217;aquest curs.<\/p>\n<p style=\"text-align: center;\"><img loading=\"lazy\" decoding=\"async\" class=\"aligncenter size-full wp-image-10847\" src=\"https:\/\/agora.xtec.cat\/iesdecelra\/wp-content\/uploads\/usu1789\/2024\/05\/e123d2f2-5609-4b51-bb0a-b10a17852bbc.jpg\" alt=\"\" width=\"1600\" height=\"1200\" srcset=\"https:\/\/agora.xtec.cat\/iesdecelra\/wp-content\/uploads\/usu1789\/2024\/05\/e123d2f2-5609-4b51-bb0a-b10a17852bbc.jpg 1600w, https:\/\/agora.xtec.cat\/iesdecelra\/wp-content\/uploads\/usu1789\/2024\/05\/e123d2f2-5609-4b51-bb0a-b10a17852bbc-300x225.jpg 300w, https:\/\/agora.xtec.cat\/iesdecelra\/wp-content\/uploads\/usu1789\/2024\/05\/e123d2f2-5609-4b51-bb0a-b10a17852bbc-1024x768.jpg 1024w, https:\/\/agora.xtec.cat\/iesdecelra\/wp-content\/uploads\/usu1789\/2024\/05\/e123d2f2-5609-4b51-bb0a-b10a17852bbc-768x576.jpg 768w, https:\/\/agora.xtec.cat\/iesdecelra\/wp-content\/uploads\/usu1789\/2024\/05\/e123d2f2-5609-4b51-bb0a-b10a17852bbc-1536x1152.jpg 1536w, https:\/\/agora.xtec.cat\/iesdecelra\/wp-content\/uploads\/usu1789\/2024\/05\/e123d2f2-5609-4b51-bb0a-b10a17852bbc-200x150.jpg 200w\" sizes=\"auto, (max-width: 1600px) 100vw, 1600px\" \/><\/p>\n<p>&nbsp;<\/p>\n","protected":false},"excerpt":{"rendered":"<p>El passat divendres 3 de maig va tenir lloc la Gala de Talent Giron\u00e8s 2024 a la sala La Mirona de Salt. Els alumnes del cicle formatiu de Dansa urbana hi van participar com a Last Gang i despr\u00e9s d&#8217;una actuaci\u00f3 espectacular varen rebre el&hellip;  <a href=\"https:\/\/agora.xtec.cat\/iesdecelra\/actualitat\/premi-talent-girones\/\" title=\"Read PREMI TALENT GIRON\u00c8S\">Llegeix m\u00e9s\u00bb<\/a><\/p>\n","protected":false},"author":1,"featured_media":10847,"comment_status":"open","ping_status":"closed","sticky":false,"template":"","format":"standard","meta":{"_bbp_topic_count":0,"_bbp_reply_count":0,"_bbp_total_topic_count":0,"_bbp_total_reply_count":0,"_bbp_voice_count":0,"_bbp_anonymous_reply_count":0,"_bbp_topic_count_hidden":0,"_bbp_reply_count_hidden":0,"_bbp_forum_subforum_count":0,"footnotes":""},"categories":[103,346],"tags":[367,355,368,216],"class_list":["post-10822","post","type-post","status-publish","format-standard","has-post-thumbnail","hentry","category-actualitat","category-cfgm","tag-cicle-formatiu","tag-curs-2023-2024","tag-dansa","tag-premis"],"post_mailing_queue_ids":[],"_links":{"self":[{"href":"https:\/\/agora.xtec.cat\/iesdecelra\/wp-json\/wp\/v2\/posts\/10822","targetHints":{"allow":["GET"]}}],"collection":[{"href":"https:\/\/agora.xtec.cat\/iesdecelra\/wp-json\/wp\/v2\/posts"}],"about":[{"href":"https:\/\/agora.xtec.cat\/iesdecelra\/wp-json\/wp\/v2\/types\/post"}],"author":[{"embeddable":true,"href":"https:\/\/agora.xtec.cat\/iesdecelra\/wp-json\/wp\/v2\/users\/1"}],"replies":[{"embeddable":true,"href":"https:\/\/agora.xtec.cat\/iesdecelra\/wp-json\/wp\/v2\/comments?post=10822"}],"version-history":[{"count":4,"href":"https:\/\/agora.xtec.cat\/iesdecelra\/wp-json\/wp\/v2\/posts\/10822\/revisions"}],"predecessor-version":[{"id":10848,"href":"https:\/\/agora.xtec.cat\/iesdecelra\/wp-json\/wp\/v2\/posts\/10822\/revisions\/10848"}],"wp:featuredmedia":[{"embeddable":true,"href":"https:\/\/agora.xtec.cat\/iesdecelra\/wp-json\/wp\/v2\/media\/10847"}],"wp:attachment":[{"href":"https:\/\/agora.xtec.cat\/iesdecelra\/wp-json\/wp\/v2\/media?parent=10822"}],"wp:term":[{"taxonomy":"category","embeddable":true,"href":"https:\/\/agora.xtec.cat\/iesdecelra\/wp-json\/wp\/v2\/categories?post=10822"},{"taxonomy":"post_tag","embeddable":true,"href":"https:\/\/agora.xtec.cat\/iesdecelra\/wp-json\/wp\/v2\/tags?post=10822"}],"curies":[{"name":"wp","href":"https:\/\/api.w.org\/{rel}","templated":true}]}}