{"id":10817,"date":"2024-05-08T11:23:19","date_gmt":"2024-05-08T09:23:19","guid":{"rendered":"https:\/\/agora.xtec.cat\/iesdecelra\/?p=10817"},"modified":"2024-05-06T11:24:25","modified_gmt":"2024-05-06T09:24:25","slug":"olimpiades-de-fisica","status":"publish","type":"post","link":"https:\/\/agora.xtec.cat\/iesdecelra\/cursos\/batxillerat\/olimpiades-de-fisica\/","title":{"rendered":"OLIMP\u00cdADES DE F\u00cdSICA"},"content":{"rendered":"<p dir=\"auto\">El passat mes de mar\u00e7 es van celebrar les Olimp\u00edades de F\u00edsica de Catalunya organitzades per la Societat Catalana de F\u00edsica. Despr\u00e9s de superar les dues fases on line eliminat\u00f2ries i la prova presencial, en Gerard Capuz, alumne de 2n de batxillerat, va ser un dels escollits per anar a les Olimp\u00edades Espanyoles. Dels prop de 250 alumnes catalans que s\u2019havien presentat, nom\u00e9s 13 es van classificar per anar-hi.<\/p>\n<p dir=\"auto\">Les olimp\u00edades espanyoles es varen celebrar a Granada, del 4 al 7 d\u2019abril. Malgrat la dificultat de les proves en Gerard va aconseguir una medalla de plata.<\/p>\n<div dir=\"auto\">\n<p dir=\"auto\">Gr\u00e0cies als seus bons resultats, aquest estiu participar\u00e0 en les Olimp\u00edades Iberoamericanes de F\u00edsica a M\u00e8xic, segur que ser\u00e0 una molt bona experi\u00e8ncia i que deixar\u00e0 el llist\u00f3 ben alt.<\/p>\n<p dir=\"auto\">Enhorabona Gerard!<\/p>\n<p dir=\"auto\"><img loading=\"lazy\" decoding=\"async\" class=\"aligncenter wp-image-10818\" src=\"https:\/\/agora.xtec.cat\/iesdecelra\/wp-content\/uploads\/usu1789\/2024\/05\/GC-Fisica.jpg\" alt=\"\" width=\"539\" height=\"718\" \/><\/p>\n<\/div>\n","protected":false},"excerpt":{"rendered":"<p>El passat mes de mar\u00e7 es van celebrar les Olimp\u00edades de F\u00edsica de Catalunya organitzades per la Societat Catalana de F\u00edsica. Despr\u00e9s de superar les dues fases on line eliminat\u00f2ries i la prova presencial, en Gerard Capuz, alumne de 2n de batxillerat, va ser un&hellip;  <a href=\"https:\/\/agora.xtec.cat\/iesdecelra\/cursos\/batxillerat\/olimpiades-de-fisica\/\" title=\"Read OLIMP\u00cdADES DE F\u00cdSICA\">Llegeix m\u00e9s\u00bb<\/a><\/p>\n","protected":false},"author":1,"featured_media":0,"comment_status":"open","ping_status":"closed","sticky":false,"template":"","format":"standard","meta":{"_bbp_topic_count":0,"_bbp_reply_count":0,"_bbp_total_topic_count":0,"_bbp_total_reply_count":0,"_bbp_voice_count":0,"_bbp_anonymous_reply_count":0,"_bbp_topic_count_hidden":0,"_bbp_reply_count_hidden":0,"_bbp_forum_subforum_count":0,"footnotes":""},"categories":[103,8],"tags":[355,249,216],"class_list":["post-10817","post","type-post","status-publish","format-standard","hentry","category-actualitat","category-batxillerat","tag-curs-2023-2024","tag-departament-dexperimentals","tag-premis"],"post_mailing_queue_ids":[],"_links":{"self":[{"href":"https:\/\/agora.xtec.cat\/iesdecelra\/wp-json\/wp\/v2\/posts\/10817","targetHints":{"allow":["GET"]}}],"collection":[{"href":"https:\/\/agora.xtec.cat\/iesdecelra\/wp-json\/wp\/v2\/posts"}],"about":[{"href":"https:\/\/agora.xtec.cat\/iesdecelra\/wp-json\/wp\/v2\/types\/post"}],"author":[{"embeddable":true,"href":"https:\/\/agora.xtec.cat\/iesdecelra\/wp-json\/wp\/v2\/users\/1"}],"replies":[{"embeddable":true,"href":"https:\/\/agora.xtec.cat\/iesdecelra\/wp-json\/wp\/v2\/comments?post=10817"}],"version-history":[{"count":1,"href":"https:\/\/agora.xtec.cat\/iesdecelra\/wp-json\/wp\/v2\/posts\/10817\/revisions"}],"predecessor-version":[{"id":10819,"href":"https:\/\/agora.xtec.cat\/iesdecelra\/wp-json\/wp\/v2\/posts\/10817\/revisions\/10819"}],"wp:attachment":[{"href":"https:\/\/agora.xtec.cat\/iesdecelra\/wp-json\/wp\/v2\/media?parent=10817"}],"wp:term":[{"taxonomy":"category","embeddable":true,"href":"https:\/\/agora.xtec.cat\/iesdecelra\/wp-json\/wp\/v2\/categories?post=10817"},{"taxonomy":"post_tag","embeddable":true,"href":"https:\/\/agora.xtec.cat\/iesdecelra\/wp-json\/wp\/v2\/tags?post=10817"}],"curies":[{"name":"wp","href":"https:\/\/api.w.org\/{rel}","templated":true}]}}