{"id":10758,"date":"2024-05-01T10:08:21","date_gmt":"2024-05-01T08:08:21","guid":{"rendered":"https:\/\/agora.xtec.cat\/iesdecelra\/?p=10758"},"modified":"2024-05-01T10:19:24","modified_gmt":"2024-05-01T08:19:24","slug":"trobada-de-momites-ambientals","status":"publish","type":"post","link":"https:\/\/agora.xtec.cat\/iesdecelra\/cursos\/eso\/eso-1\/trobada-de-momites-ambientals\/","title":{"rendered":"TROBADA DE COMIT\u00c8S AMBIENTALS PEL DIA MUNDIAL DE L&#8217;AIGUA"},"content":{"rendered":"<p>El passat divendres 22 de mar\u00e7, dia mundial de l&#8217;aigua, l&#8217;alumnat de primer d&#8217;ESO de l&#8217;Skamot Verd va participar en la trobada de Comit\u00e8s Ambientals del Giron\u00e8s i Pla de l&#8217;Estany d&#8217;ESO que es va dur a terme a les ribes del Ter.<\/p>\n<p dir=\"auto\">La tem\u00e0tica de la trobada va ser la sequera. Es van realitzar tallers i activitats diverses d&#8217;educaci\u00f3 ambiental, amb altres nois i noies de 12 instituts. La trobada estava organitzada en 4 activitats simult\u00e0nies i els alumnes anaven rodant de manera que tots van poder realitzar els diferents tallers que es duien a terme i que giraven entorn al: reconeixement de l\u2019estat de l\u2019aigua del riu, cicle de l\u2019aigua i neteja de la riba.<\/p>\n<p>Les entitats implicades eren: Aigua \u00e9s Vida, Cooperativa la Copa, Associaci\u00f3 de Naturalistes de Girona i el Programa d&#8217;Escoles Verdes i van ser les encarregades dels tallers.<\/p>\n<p dir=\"auto\">Va ser una\u00a0jornada de compartir i aprendre que es va cloure amb la lectura d&#8217;un manifest que hav\u00edem escrit entre tots per denunciar l&#8217;esc\u00e0s cabal del riu Ter.<\/p>\n","protected":false},"excerpt":{"rendered":"<p>El passat divendres 22 de mar\u00e7, dia mundial de l&#8217;aigua, l&#8217;alumnat de primer d&#8217;ESO de l&#8217;Skamot Verd va participar en la trobada de Comit\u00e8s Ambientals del Giron\u00e8s i Pla de l&#8217;Estany d&#8217;ESO que es va dur a terme a les ribes del Ter.<br \/>\nLa tem\u00e0tica de&hellip;  <a href=\"https:\/\/agora.xtec.cat\/iesdecelra\/cursos\/eso\/eso-1\/trobada-de-momites-ambientals\/\" title=\"Read TROBADA DE COMIT\u00c8S AMBIENTALS PEL DIA MUNDIAL DE L&#8217;AIGUA\">Llegeix m\u00e9s\u00bb<\/a><\/p>\n","protected":false},"author":1,"featured_media":10769,"comment_status":"open","ping_status":"closed","sticky":false,"template":"","format":"standard","meta":{"_bbp_topic_count":0,"_bbp_reply_count":0,"_bbp_total_topic_count":0,"_bbp_total_reply_count":0,"_bbp_voice_count":0,"_bbp_anonymous_reply_count":0,"_bbp_topic_count_hidden":0,"_bbp_reply_count_hidden":0,"_bbp_forum_subforum_count":0,"footnotes":""},"categories":[103,345,4],"tags":[355,56,350,39],"class_list":["post-10758","post","type-post","status-publish","format-standard","has-post-thumbnail","hentry","category-actualitat","category-escola-verda","category-eso-1","tag-curs-2023-2024","tag-escola-verda","tag-skamot-verd","tag-sortides"],"post_mailing_queue_ids":[],"_links":{"self":[{"href":"https:\/\/agora.xtec.cat\/iesdecelra\/wp-json\/wp\/v2\/posts\/10758","targetHints":{"allow":["GET"]}}],"collection":[{"href":"https:\/\/agora.xtec.cat\/iesdecelra\/wp-json\/wp\/v2\/posts"}],"about":[{"href":"https:\/\/agora.xtec.cat\/iesdecelra\/wp-json\/wp\/v2\/types\/post"}],"author":[{"embeddable":true,"href":"https:\/\/agora.xtec.cat\/iesdecelra\/wp-json\/wp\/v2\/users\/1"}],"replies":[{"embeddable":true,"href":"https:\/\/agora.xtec.cat\/iesdecelra\/wp-json\/wp\/v2\/comments?post=10758"}],"version-history":[{"count":4,"href":"https:\/\/agora.xtec.cat\/iesdecelra\/wp-json\/wp\/v2\/posts\/10758\/revisions"}],"predecessor-version":[{"id":10772,"href":"https:\/\/agora.xtec.cat\/iesdecelra\/wp-json\/wp\/v2\/posts\/10758\/revisions\/10772"}],"wp:featuredmedia":[{"embeddable":true,"href":"https:\/\/agora.xtec.cat\/iesdecelra\/wp-json\/wp\/v2\/media\/10769"}],"wp:attachment":[{"href":"https:\/\/agora.xtec.cat\/iesdecelra\/wp-json\/wp\/v2\/media?parent=10758"}],"wp:term":[{"taxonomy":"category","embeddable":true,"href":"https:\/\/agora.xtec.cat\/iesdecelra\/wp-json\/wp\/v2\/categories?post=10758"},{"taxonomy":"post_tag","embeddable":true,"href":"https:\/\/agora.xtec.cat\/iesdecelra\/wp-json\/wp\/v2\/tags?post=10758"}],"curies":[{"name":"wp","href":"https:\/\/api.w.org\/{rel}","templated":true}]}}