{"id":10691,"date":"2024-04-23T11:05:40","date_gmt":"2024-04-23T09:05:40","guid":{"rendered":"https:\/\/agora.xtec.cat\/iesdecelra\/?p=10691"},"modified":"2024-04-23T11:06:54","modified_gmt":"2024-04-23T09:06:54","slug":"portada-agenda-curs-2024-25","status":"publish","type":"post","link":"https:\/\/agora.xtec.cat\/iesdecelra\/cursos\/eso\/portada-agenda-curs-2024-25\/","title":{"rendered":"PORTADA AGENDA CURS 2024\/25"},"content":{"rendered":"<p>Us presentem el disseny guanyador del concurs <em>Imatge de portada de l&#8217;agenda<\/em> pel curs 2024\/25 que aquest any que ha tingut com a tem\u00e0tica la geometria i l&#8217;abstracci\u00f3.<br \/>\nFelicitem l&#8217;alumna guanyadora de 2n A, la J\u00falia Ca\u00f1adas aix\u00ed com a la resta d&#8217;alumnes que, tot i no haver estat seleccionats, ens heu fet arribar els vosaltres dissenys.<\/p>\n<p><img loading=\"lazy\" decoding=\"async\" class=\"aligncenter wp-image-10692\" src=\"https:\/\/agora.xtec.cat\/iesdecelra\/wp-content\/uploads\/usu1789\/2024\/04\/WhatsApp-Image-2024-04-23-at-09.39.14.jpeg\" alt=\"\" width=\"920\" height=\"926\" srcset=\"https:\/\/agora.xtec.cat\/iesdecelra\/wp-content\/uploads\/usu1789\/2024\/04\/WhatsApp-Image-2024-04-23-at-09.39.14.jpeg 1447w, https:\/\/agora.xtec.cat\/iesdecelra\/wp-content\/uploads\/usu1789\/2024\/04\/WhatsApp-Image-2024-04-23-at-09.39.14-298x300.jpeg 298w, https:\/\/agora.xtec.cat\/iesdecelra\/wp-content\/uploads\/usu1789\/2024\/04\/WhatsApp-Image-2024-04-23-at-09.39.14-1018x1024.jpeg 1018w, https:\/\/agora.xtec.cat\/iesdecelra\/wp-content\/uploads\/usu1789\/2024\/04\/WhatsApp-Image-2024-04-23-at-09.39.14-150x150.jpeg 150w, https:\/\/agora.xtec.cat\/iesdecelra\/wp-content\/uploads\/usu1789\/2024\/04\/WhatsApp-Image-2024-04-23-at-09.39.14-768x772.jpeg 768w\" sizes=\"auto, (max-width: 920px) 100vw, 920px\" \/><\/p>\n","protected":false},"excerpt":{"rendered":"<p>Us presentem el disseny guanyador del concurs Imatge de portada de l&#8217;agenda pel curs 2024\/25 que aquest any que ha tingut com a tem\u00e0tica la geometria i l&#8217;abstracci\u00f3.<br \/>\nFelicitem l&#8217;alumna guanyadora de 2n A, la J\u00falia Ca\u00f1adas aix\u00ed com a la resta d&#8217;alumnes que, tot i&hellip;  <a href=\"https:\/\/agora.xtec.cat\/iesdecelra\/cursos\/eso\/portada-agenda-curs-2024-25\/\" title=\"Read PORTADA AGENDA CURS 2024\/25\">Llegeix m\u00e9s\u00bb<\/a><\/p>\n","protected":false},"author":1,"featured_media":10692,"comment_status":"open","ping_status":"closed","sticky":false,"template":"","format":"standard","meta":{"_bbp_topic_count":0,"_bbp_reply_count":0,"_bbp_total_topic_count":0,"_bbp_total_reply_count":0,"_bbp_voice_count":0,"_bbp_anonymous_reply_count":0,"_bbp_topic_count_hidden":0,"_bbp_reply_count_hidden":0,"_bbp_forum_subforum_count":0,"footnotes":""},"categories":[218,3,5],"tags":[168,355,254],"class_list":["post-10691","post","type-post","status-publish","format-standard","has-post-thumbnail","hentry","category-concursos-i-premis","category-eso","category-eso-2","tag-concursos","tag-curs-2023-2024","tag-departament-deducacio-visual-i-plastica"],"post_mailing_queue_ids":[],"_links":{"self":[{"href":"https:\/\/agora.xtec.cat\/iesdecelra\/wp-json\/wp\/v2\/posts\/10691","targetHints":{"allow":["GET"]}}],"collection":[{"href":"https:\/\/agora.xtec.cat\/iesdecelra\/wp-json\/wp\/v2\/posts"}],"about":[{"href":"https:\/\/agora.xtec.cat\/iesdecelra\/wp-json\/wp\/v2\/types\/post"}],"author":[{"embeddable":true,"href":"https:\/\/agora.xtec.cat\/iesdecelra\/wp-json\/wp\/v2\/users\/1"}],"replies":[{"embeddable":true,"href":"https:\/\/agora.xtec.cat\/iesdecelra\/wp-json\/wp\/v2\/comments?post=10691"}],"version-history":[{"count":2,"href":"https:\/\/agora.xtec.cat\/iesdecelra\/wp-json\/wp\/v2\/posts\/10691\/revisions"}],"predecessor-version":[{"id":10694,"href":"https:\/\/agora.xtec.cat\/iesdecelra\/wp-json\/wp\/v2\/posts\/10691\/revisions\/10694"}],"wp:featuredmedia":[{"embeddable":true,"href":"https:\/\/agora.xtec.cat\/iesdecelra\/wp-json\/wp\/v2\/media\/10692"}],"wp:attachment":[{"href":"https:\/\/agora.xtec.cat\/iesdecelra\/wp-json\/wp\/v2\/media?parent=10691"}],"wp:term":[{"taxonomy":"category","embeddable":true,"href":"https:\/\/agora.xtec.cat\/iesdecelra\/wp-json\/wp\/v2\/categories?post=10691"},{"taxonomy":"post_tag","embeddable":true,"href":"https:\/\/agora.xtec.cat\/iesdecelra\/wp-json\/wp\/v2\/tags?post=10691"}],"curies":[{"name":"wp","href":"https:\/\/api.w.org\/{rel}","templated":true}]}}