{"id":10608,"date":"2024-04-09T08:45:50","date_gmt":"2024-04-09T06:45:50","guid":{"rendered":"https:\/\/agora.xtec.cat\/iesdecelra\/?p=10608"},"modified":"2024-04-09T09:53:43","modified_gmt":"2024-04-09T07:53:43","slug":"visita-de-laula-dacollida-a-connexio-papyrus","status":"publish","type":"post","link":"https:\/\/agora.xtec.cat\/iesdecelra\/cursos\/eso\/visita-de-laula-dacollida-a-connexio-papyrus\/","title":{"rendered":"VISITA DE L&#8217;AULA D&#8217;ACOLLIDA A CONNEXI\u00d3 PAPYRUS"},"content":{"rendered":"<p>El passat dilluns dia 8 d&#8217;abril, l&#8217;alumnat de l&#8217;aula d&#8217;acollida va visitar Connexi\u00f3 Papyrus de Celr\u00e0. La visita va consistir en una explicaci\u00f3\u00a0de la feina que es fa des de l&#8217;associaci\u00f3 cultural, a m\u00e9s d&#8217;una lectura col\u00b7lectiva en veu alta. En acabar, l&#8217;alumnat va ser obsequiat amb un llibre.<\/p>\n<p><img loading=\"lazy\" decoding=\"async\" class=\"aligncenter size-full wp-image-10609\" src=\"https:\/\/agora.xtec.cat\/iesdecelra\/wp-content\/uploads\/usu1789\/2024\/04\/PAPYRUS.jpg\" alt=\"\" width=\"2048\" height=\"1536\" srcset=\"https:\/\/agora.xtec.cat\/iesdecelra\/wp-content\/uploads\/usu1789\/2024\/04\/PAPYRUS.jpg 2048w, https:\/\/agora.xtec.cat\/iesdecelra\/wp-content\/uploads\/usu1789\/2024\/04\/PAPYRUS-300x225.jpg 300w, https:\/\/agora.xtec.cat\/iesdecelra\/wp-content\/uploads\/usu1789\/2024\/04\/PAPYRUS-1024x768.jpg 1024w, https:\/\/agora.xtec.cat\/iesdecelra\/wp-content\/uploads\/usu1789\/2024\/04\/PAPYRUS-768x576.jpg 768w, https:\/\/agora.xtec.cat\/iesdecelra\/wp-content\/uploads\/usu1789\/2024\/04\/PAPYRUS-1536x1152.jpg 1536w, https:\/\/agora.xtec.cat\/iesdecelra\/wp-content\/uploads\/usu1789\/2024\/04\/PAPYRUS-200x150.jpg 200w\" sizes=\"auto, (max-width: 2048px) 100vw, 2048px\" \/><\/p>\n","protected":false},"excerpt":{"rendered":"<p>El passat dilluns dia 8 d&#8217;abril, l&#8217;alumnat de l&#8217;aula d&#8217;acollida va visitar Connexi\u00f3 Papyrus de Celr\u00e0. La visita va consistir en una explicaci\u00f3\u00a0de la feina que es fa des de l&#8217;associaci\u00f3 cultural, a m\u00e9s d&#8217;una lectura col\u00b7lectiva en veu alta. En acabar, l&#8217;alumnat va ser&hellip;  <a href=\"https:\/\/agora.xtec.cat\/iesdecelra\/cursos\/eso\/visita-de-laula-dacollida-a-connexio-papyrus\/\" title=\"Read VISITA DE L&#8217;AULA D&#8217;ACOLLIDA A CONNEXI\u00d3 PAPYRUS\">Llegeix m\u00e9s\u00bb<\/a><\/p>\n","protected":false},"author":1,"featured_media":10609,"comment_status":"open","ping_status":"closed","sticky":false,"template":"","format":"standard","meta":{"_bbp_topic_count":0,"_bbp_reply_count":0,"_bbp_total_topic_count":0,"_bbp_total_reply_count":0,"_bbp_voice_count":0,"_bbp_anonymous_reply_count":0,"_bbp_topic_count_hidden":0,"_bbp_reply_count_hidden":0,"_bbp_forum_subforum_count":0,"footnotes":""},"categories":[103,3],"tags":[235,355,305],"class_list":["post-10608","post","type-post","status-publish","format-standard","has-post-thumbnail","hentry","category-actualitat","category-eso","tag-aula-dacollida","tag-curs-2023-2024","tag-sortida"],"post_mailing_queue_ids":[],"_links":{"self":[{"href":"https:\/\/agora.xtec.cat\/iesdecelra\/wp-json\/wp\/v2\/posts\/10608","targetHints":{"allow":["GET"]}}],"collection":[{"href":"https:\/\/agora.xtec.cat\/iesdecelra\/wp-json\/wp\/v2\/posts"}],"about":[{"href":"https:\/\/agora.xtec.cat\/iesdecelra\/wp-json\/wp\/v2\/types\/post"}],"author":[{"embeddable":true,"href":"https:\/\/agora.xtec.cat\/iesdecelra\/wp-json\/wp\/v2\/users\/1"}],"replies":[{"embeddable":true,"href":"https:\/\/agora.xtec.cat\/iesdecelra\/wp-json\/wp\/v2\/comments?post=10608"}],"version-history":[{"count":1,"href":"https:\/\/agora.xtec.cat\/iesdecelra\/wp-json\/wp\/v2\/posts\/10608\/revisions"}],"predecessor-version":[{"id":10611,"href":"https:\/\/agora.xtec.cat\/iesdecelra\/wp-json\/wp\/v2\/posts\/10608\/revisions\/10611"}],"wp:featuredmedia":[{"embeddable":true,"href":"https:\/\/agora.xtec.cat\/iesdecelra\/wp-json\/wp\/v2\/media\/10609"}],"wp:attachment":[{"href":"https:\/\/agora.xtec.cat\/iesdecelra\/wp-json\/wp\/v2\/media?parent=10608"}],"wp:term":[{"taxonomy":"category","embeddable":true,"href":"https:\/\/agora.xtec.cat\/iesdecelra\/wp-json\/wp\/v2\/categories?post=10608"},{"taxonomy":"post_tag","embeddable":true,"href":"https:\/\/agora.xtec.cat\/iesdecelra\/wp-json\/wp\/v2\/tags?post=10608"}],"curies":[{"name":"wp","href":"https:\/\/api.w.org\/{rel}","templated":true}]}}