{"id":10564,"date":"2024-03-27T07:41:35","date_gmt":"2024-03-27T06:41:35","guid":{"rendered":"https:\/\/agora.xtec.cat\/iesdecelra\/?p=10564"},"modified":"2024-03-27T08:18:47","modified_gmt":"2024-03-27T07:18:47","slug":"llibre-virtual-divents-i-inventors","status":"publish","type":"post","link":"https:\/\/agora.xtec.cat\/iesdecelra\/cursos\/eso\/eso-2\/llibre-virtual-divents-i-inventors\/","title":{"rendered":"LLIBRE VIRTUAL D&#8217;INVENTS I INVENTORS"},"content":{"rendered":"<p>L&#8217;alumnat de 2n d&#8217;ESO de Tecnologia ha estat creant un llibre virtual d&#8217;invents i inventors, com a introducci\u00f3 de la unitat de processos de fabricaci\u00f3. Cada alumne ha escollit un invent i un inventor i ha fet una breu ressenya del seu invent amb la finalitat de crear un llibre de consulta d&#8217;invents i inventors que han ajudat a fer el m\u00f3n m\u00e9s tecnol\u00f2gic a trav\u00e9s de les seves invencions.<\/p>\n<p>Mitjan\u00e7ant aquest treball els alumnes han pogut con\u00e8ixer com fer una bona estructura d&#8217;una p\u00e0gina web i editar una p\u00e0gina web de forma col\u00b7laborativa. Finalment, s&#8217;ha publicat la web perqu\u00e8 sigui accessible a tot el p\u00fablic general. El web permet cercar-los per cognom, per \u00e8poca o b\u00e9 a trav\u00e9s d&#8217;un cl\u00e0ssic cercador. Esperem que us agradi i la pugueu gaudir.<\/p>\n<p>L&#8217;espai web \u00e9s el seg\u00fcent:<\/p>\n<p><a href=\"https:\/\/inventsinventors.wordpress.com\/\"><img loading=\"lazy\" decoding=\"async\" class=\"aligncenter size-full wp-image-10566\" src=\"https:\/\/agora.xtec.cat\/iesdecelra\/wp-content\/uploads\/usu1789\/2024\/03\/Invents.png\" alt=\"\" width=\"1113\" height=\"759\" srcset=\"https:\/\/agora.xtec.cat\/iesdecelra\/wp-content\/uploads\/usu1789\/2024\/03\/Invents.png 1113w, https:\/\/agora.xtec.cat\/iesdecelra\/wp-content\/uploads\/usu1789\/2024\/03\/Invents-300x205.png 300w, https:\/\/agora.xtec.cat\/iesdecelra\/wp-content\/uploads\/usu1789\/2024\/03\/Invents-1024x698.png 1024w, https:\/\/agora.xtec.cat\/iesdecelra\/wp-content\/uploads\/usu1789\/2024\/03\/Invents-768x524.png 768w\" sizes=\"auto, (max-width: 1113px) 100vw, 1113px\" \/><\/a><\/p>\n","protected":false},"excerpt":{"rendered":"<p>L&#8217;alumnat de 2n d&#8217;ESO de Tecnologia ha estat creant un llibre virtual d&#8217;invents i inventors, com a introducci\u00f3 de la unitat de processos de fabricaci\u00f3. Cada alumne ha escollit un invent i un inventor i ha fet una breu ressenya del seu invent amb la&hellip;  <a href=\"https:\/\/agora.xtec.cat\/iesdecelra\/cursos\/eso\/eso-2\/llibre-virtual-divents-i-inventors\/\" title=\"Read LLIBRE VIRTUAL D&#8217;INVENTS I INVENTORS\">Llegeix m\u00e9s\u00bb<\/a><\/p>\n","protected":false},"author":1,"featured_media":10566,"comment_status":"open","ping_status":"closed","sticky":false,"template":"","format":"standard","meta":{"_bbp_topic_count":0,"_bbp_reply_count":0,"_bbp_total_topic_count":0,"_bbp_total_reply_count":0,"_bbp_voice_count":0,"_bbp_anonymous_reply_count":0,"_bbp_topic_count_hidden":0,"_bbp_reply_count_hidden":0,"_bbp_forum_subforum_count":0,"footnotes":""},"categories":[103,5,299],"tags":[355,209],"class_list":["post-10564","post","type-post","status-publish","format-standard","has-post-thumbnail","hentry","category-actualitat","category-eso-2","category-insteam","tag-curs-2023-2024","tag-departament-de-tecnologia"],"post_mailing_queue_ids":[],"_links":{"self":[{"href":"https:\/\/agora.xtec.cat\/iesdecelra\/wp-json\/wp\/v2\/posts\/10564","targetHints":{"allow":["GET"]}}],"collection":[{"href":"https:\/\/agora.xtec.cat\/iesdecelra\/wp-json\/wp\/v2\/posts"}],"about":[{"href":"https:\/\/agora.xtec.cat\/iesdecelra\/wp-json\/wp\/v2\/types\/post"}],"author":[{"embeddable":true,"href":"https:\/\/agora.xtec.cat\/iesdecelra\/wp-json\/wp\/v2\/users\/1"}],"replies":[{"embeddable":true,"href":"https:\/\/agora.xtec.cat\/iesdecelra\/wp-json\/wp\/v2\/comments?post=10564"}],"version-history":[{"count":3,"href":"https:\/\/agora.xtec.cat\/iesdecelra\/wp-json\/wp\/v2\/posts\/10564\/revisions"}],"predecessor-version":[{"id":10568,"href":"https:\/\/agora.xtec.cat\/iesdecelra\/wp-json\/wp\/v2\/posts\/10564\/revisions\/10568"}],"wp:featuredmedia":[{"embeddable":true,"href":"https:\/\/agora.xtec.cat\/iesdecelra\/wp-json\/wp\/v2\/media\/10566"}],"wp:attachment":[{"href":"https:\/\/agora.xtec.cat\/iesdecelra\/wp-json\/wp\/v2\/media?parent=10564"}],"wp:term":[{"taxonomy":"category","embeddable":true,"href":"https:\/\/agora.xtec.cat\/iesdecelra\/wp-json\/wp\/v2\/categories?post=10564"},{"taxonomy":"post_tag","embeddable":true,"href":"https:\/\/agora.xtec.cat\/iesdecelra\/wp-json\/wp\/v2\/tags?post=10564"}],"curies":[{"name":"wp","href":"https:\/\/api.w.org\/{rel}","templated":true}]}}