{"id":10522,"date":"2024-03-22T09:15:09","date_gmt":"2024-03-22T08:15:09","guid":{"rendered":"https:\/\/agora.xtec.cat\/iesdecelra\/?p=10522"},"modified":"2024-03-22T09:16:20","modified_gmt":"2024-03-22T08:16:20","slug":"guillem-martinez-doble-premi-crack-udg","status":"publish","type":"post","link":"https:\/\/agora.xtec.cat\/iesdecelra\/cursos\/batxillerat\/guillem-martinez-doble-premi-crack-udg\/","title":{"rendered":"GUILLEM MART\u00cdNEZ DOBLE PREMI CRACS UDG"},"content":{"rendered":"<p>El dimecres dia 13 de mar\u00e7 va tenir lloc el lliurament de premis de la 12a edici\u00f3 del Congr\u00e9s de Recerca d\u2019Alumnes de Centres de Secund\u00e0ria (CRACS) i on l&#8217;alumne Guillem Mart\u00ednez de 2n de batxillerat va obtenir premi per partida doble: premi Cracks 2024 al COMPROM\u00cdS SOCIAL i el premi del P\u00daBLIC.<\/p>\n\r\n\t<div class=\"slideshow_container slideshow_container_style-light\" style=\"height: 500px; \" data-slideshow-id=\"10558\" data-style-name=\"style-light\" data-style-version=\"2.3.1\" >\r\n\r\n\t\t\t\t\t<div class=\"slideshow_loading_icon\"><\/div>\r\n\t\t\r\n\t\t<div class=\"slideshow_content\" style=\"display: none;\">\r\n\r\n\t\t\t<div class=\"slideshow_view\">\r\n\t\t\t\t<div class=\"slideshow_slide slideshow_slide_image\">\r\n\t\t\t\t\t\t\t\t\t\t\t<img src=\"https:\/\/agora.xtec.cat\/iesdecelra\/wp-content\/uploads\/usu1789\/2024\/03\/WhatsApp-Image-2024-03-18-at-12.51.26-2.jpeg\" alt=\"WhatsApp Image 2024-03-18 at 12.51.26 (2)\" width=\"1600\" height=\"1066\" \/>\r\n\t\t\t\t\t\t\t\t\t\t<div class=\"slideshow_description_box slideshow_transparent\">\r\n\t\t\t\t\t\t<div class=\"slideshow_title\">WhatsApp Image 2024-03-18 at 12.51.26 (2)<\/div>\t\t\t\t\t\t\t\t\t\t\t<\/div>\r\n\t\t\t\t<\/div>\r\n\r\n\t\t\t\t\t\t<div style=\"clear: both;\"><\/div><\/div><div class=\"slideshow_view\">\r\n\t\t\t\t<div class=\"slideshow_slide slideshow_slide_image\">\r\n\t\t\t\t\t\t\t\t\t\t\t<img src=\"https:\/\/agora.xtec.cat\/iesdecelra\/wp-content\/uploads\/usu1789\/2024\/03\/WhatsApp-Image-2024-03-18-at-12.51.26-1.jpeg\" alt=\"WhatsApp Image 2024-03-18 at 12.51.26 (1)\" width=\"1600\" height=\"1066\" \/>\r\n\t\t\t\t\t\t\t\t\t\t<div class=\"slideshow_description_box slideshow_transparent\">\r\n\t\t\t\t\t\t<div class=\"slideshow_title\">WhatsApp Image 2024-03-18 at 12.51.26 (1)<\/div>\t\t\t\t\t\t\t\t\t\t\t<\/div>\r\n\t\t\t\t<\/div>\r\n\r\n\t\t\t\t\t\t<div style=\"clear: both;\"><\/div><\/div>\r\n\t\t<\/div>\r\n\r\n\t\t<div class=\"slideshow_controlPanel slideshow_transparent\" style=\"display: none;\"><ul><li class=\"slideshow_togglePlay\" data-play-text=\"Visualitza\" data-pause-text=\"Pausa\"><\/li><\/ul><\/div>\r\n\r\n\t\t<div class=\"slideshow_button slideshow_previous slideshow_transparent\" role=\"button\" data-previous-text=\"Anterior\" style=\"display: none;\"><\/div>\r\n\t\t<div class=\"slideshow_button slideshow_next slideshow_transparent\" role=\"button\" data-next-text=\"Seg\u00fcent\" style=\"display: none;\"><\/div>\r\n\r\n\t\t<div class=\"slideshow_pagination\" style=\"display: none;\" data-go-to-text=\"V\u00e9s a la diapositiva\"><div class=\"slideshow_pagination_center\"><\/div><\/div>\r\n\r\n\t\t<!-- WordPress Slideshow Version 2.3.1 -->\r\n\r\n\t\t\t<\/div>\r\n\r\n\n<p>Molt\u00edssimes felicitats Guillem!<\/p>\n<p class=\"gmail_default\">A continuaci\u00f3 us adjuntem l&#8217;article que el <a href=\"https:\/\/www.diaridegirona.cat\/videos\/cultura\/2024\/03\/11\/estudiant-dinstitut-museitza-lantiga-ferreteria-99344640.html\">Diari de Girona<\/a> ha publicat sobre el TdR d&#8217;en Guillem i el v\u00eddeo del Congr\u00e9s.<\/p>\n<p class=\"gmail_default\"><iframe loading=\"lazy\" title=\"YouTube video player\" src=\"https:\/\/www.youtube.com\/embed\/lvCBA2k_oug?si=hXAyRQ5CsMMfKarC\" width=\"560\" height=\"315\" frameborder=\"0\" allowfullscreen=\"allowfullscreen\"><\/iframe><\/p>\n","protected":false},"excerpt":{"rendered":"<p>El dimecres dia 13 de mar\u00e7 va tenir lloc el lliurament de premis de la 12a edici\u00f3 del Congr\u00e9s de Recerca d\u2019Alumnes de Centres de Secund\u00e0ria (CRACS) i on l&#8217;alumne Guillem Mart\u00ednez de 2n de batxillerat va obtenir premi per partida doble: premi Cracks 2024&hellip;  <a href=\"https:\/\/agora.xtec.cat\/iesdecelra\/cursos\/batxillerat\/guillem-martinez-doble-premi-crack-udg\/\" title=\"Read GUILLEM MART\u00cdNEZ DOBLE PREMI CRACS UDG\">Llegeix m\u00e9s\u00bb<\/a><\/p>\n","protected":false},"author":1,"featured_media":10524,"comment_status":"open","ping_status":"closed","sticky":false,"template":"","format":"standard","meta":{"_bbp_topic_count":0,"_bbp_reply_count":0,"_bbp_total_topic_count":0,"_bbp_total_reply_count":0,"_bbp_voice_count":0,"_bbp_anonymous_reply_count":0,"_bbp_topic_count_hidden":0,"_bbp_reply_count_hidden":0,"_bbp_forum_subforum_count":0,"footnotes":""},"categories":[103,8,218],"tags":[355,216,116,187],"class_list":["post-10522","post","type-post","status-publish","format-standard","has-post-thumbnail","hentry","category-actualitat","category-batxillerat","category-concursos-i-premis","tag-curs-2023-2024","tag-premis","tag-treball-de-recerca","tag-udg"],"post_mailing_queue_ids":[],"_links":{"self":[{"href":"https:\/\/agora.xtec.cat\/iesdecelra\/wp-json\/wp\/v2\/posts\/10522","targetHints":{"allow":["GET"]}}],"collection":[{"href":"https:\/\/agora.xtec.cat\/iesdecelra\/wp-json\/wp\/v2\/posts"}],"about":[{"href":"https:\/\/agora.xtec.cat\/iesdecelra\/wp-json\/wp\/v2\/types\/post"}],"author":[{"embeddable":true,"href":"https:\/\/agora.xtec.cat\/iesdecelra\/wp-json\/wp\/v2\/users\/1"}],"replies":[{"embeddable":true,"href":"https:\/\/agora.xtec.cat\/iesdecelra\/wp-json\/wp\/v2\/comments?post=10522"}],"version-history":[{"count":6,"href":"https:\/\/agora.xtec.cat\/iesdecelra\/wp-json\/wp\/v2\/posts\/10522\/revisions"}],"predecessor-version":[{"id":10563,"href":"https:\/\/agora.xtec.cat\/iesdecelra\/wp-json\/wp\/v2\/posts\/10522\/revisions\/10563"}],"wp:featuredmedia":[{"embeddable":true,"href":"https:\/\/agora.xtec.cat\/iesdecelra\/wp-json\/wp\/v2\/media\/10524"}],"wp:attachment":[{"href":"https:\/\/agora.xtec.cat\/iesdecelra\/wp-json\/wp\/v2\/media?parent=10522"}],"wp:term":[{"taxonomy":"category","embeddable":true,"href":"https:\/\/agora.xtec.cat\/iesdecelra\/wp-json\/wp\/v2\/categories?post=10522"},{"taxonomy":"post_tag","embeddable":true,"href":"https:\/\/agora.xtec.cat\/iesdecelra\/wp-json\/wp\/v2\/tags?post=10522"}],"curies":[{"name":"wp","href":"https:\/\/api.w.org\/{rel}","templated":true}]}}