{"id":10501,"date":"2024-03-19T16:19:53","date_gmt":"2024-03-19T15:19:53","guid":{"rendered":"https:\/\/agora.xtec.cat\/iesdecelra\/?p=10501"},"modified":"2024-03-19T16:20:33","modified_gmt":"2024-03-19T15:20:33","slug":"mil-revolts-amb-maria-merce-roca","status":"publish","type":"post","link":"https:\/\/agora.xtec.cat\/iesdecelra\/cursos\/eso\/eso-3\/mil-revolts-amb-maria-merce-roca\/","title":{"rendered":"MIL REVOLTS, AMB MARIA MERC\u00c8 ROCA"},"content":{"rendered":"<p><span style=\"font-weight: 400;\">El passat dilluns, vam tenir l&#8217;oportunitat de rebre la visita de M\u00aa Merc\u00e8 Roca, l&#8217;autora del llibre que hem estat llegint durant el segon trimestre, &#8220;Mil Revolts&#8221;, a l&#8217;Ateneu de Celr\u00e0. Durant la seva xerrada, vam tenir l&#8217;oportunitat d&#8217;intercanviar preguntes i respostes amb ella.<\/span><\/p>\n<p><span style=\"font-weight: 400;\">L&#8217;autora ens va oferir una visi\u00f3 profunda del proc\u00e9s de creaci\u00f3 del llibre, compartint les seves inspiracions i els obstacles que va haver d&#8217;afrontar en el cam\u00ed. A m\u00e9s, va estar disposada a resoldre tots els nostres dubtes i inquietuds, relacionats amb el llibre i tamb\u00e9 amb la seva pr\u00f2pia traject\u00f2ria com a escriptora.<\/span><\/p>\n<p><span style=\"font-weight: 400;\">Un aspecte que va enriquir enormement la xerrada i la va convertir en una experi\u00e8ncia molt interactiva va ser la seva capacitat per involucrar-nos en la conversa, ja que ens va encoratjar a compartir les nostres pr\u00f2pies idees i opinions.<\/span><\/p>\n<p><span style=\"font-weight: 400;\">Per acabar, vam prendre consci\u00e8ncia de com la lectura i l&#8217;escriptura s\u00f3n part integrant del nostre dia a dia. M\u00aa Merc\u00e8 Roca ens va mostrar que la literatura no nom\u00e9s consisteix en llegir llibres, sin\u00f3 tamb\u00e9 en crear-los i establir connexions amb els altres a trav\u00e9s de la lectura.<\/span><\/p>\n<p><span style=\"font-weight: 400;\">Creiem que aquesta va ser una experi\u00e8ncia d&#8217;aprenentatge extraordin\u00e0ria per a tots nosaltres i desitgem que es pugui repetir l&#8217;any que ve. Ens va obrir les portes a una nova perspectiva sobre la vida d&#8217;una persona que es dedica a l&#8217;escriptura de manera quotidiana.<\/span><\/p>\n<p style=\"text-align: right;\"><span style=\"font-weight: 400;\">Jana Perich, Martina Dom\u00ednguez, Judit Guixeres i \u00c0ngels Isern, alumnes de 3r C.<\/span><\/p>\n<p style=\"text-align: center;\">\r\n\t<div class=\"slideshow_container slideshow_container_style-light\" style=\"height: 500px; \" data-slideshow-id=\"10502\" data-style-name=\"style-light\" data-style-version=\"2.3.1\" >\r\n\r\n\t\t\t\t\t<div class=\"slideshow_loading_icon\"><\/div>\r\n\t\t\r\n\t\t<div class=\"slideshow_content\" style=\"display: none;\">\r\n\r\n\t\t\t<div class=\"slideshow_view\">\r\n\t\t\t\t<div class=\"slideshow_slide slideshow_slide_image\">\r\n\t\t\t\t\t\t\t\t\t\t\t<img src=\"https:\/\/agora.xtec.cat\/iesdecelra\/wp-content\/uploads\/usu1789\/2024\/03\/unnamed-scaled.jpg\" alt=\"unnamed\" width=\"2560\" height=\"1920\" \/>\r\n\t\t\t\t\t\t\t\t\t\t<div class=\"slideshow_description_box slideshow_transparent\">\r\n\t\t\t\t\t\t<div class=\"slideshow_title\">unnamed<\/div>\t\t\t\t\t\t\t\t\t\t\t<\/div>\r\n\t\t\t\t<\/div>\r\n\r\n\t\t\t\t\t\t<div style=\"clear: both;\"><\/div><\/div><div class=\"slideshow_view\">\r\n\t\t\t\t<div class=\"slideshow_slide slideshow_slide_image\">\r\n\t\t\t\t\t\t\t\t\t\t\t<img src=\"https:\/\/agora.xtec.cat\/iesdecelra\/wp-content\/uploads\/usu1789\/2024\/03\/IMG_3540-scaled.jpg\" alt=\"IMG_3540\" width=\"1920\" height=\"2560\" \/>\r\n\t\t\t\t\t\t\t\t\t\t<div class=\"slideshow_description_box slideshow_transparent\">\r\n\t\t\t\t\t\t<div class=\"slideshow_title\">IMG_3540<\/div>\t\t\t\t\t\t\t\t\t\t\t<\/div>\r\n\t\t\t\t<\/div>\r\n\r\n\t\t\t\t\t\t<div style=\"clear: both;\"><\/div><\/div><div class=\"slideshow_view\">\r\n\t\t\t\t<div class=\"slideshow_slide slideshow_slide_image\">\r\n\t\t\t\t\t\t\t\t\t\t\t<img src=\"https:\/\/agora.xtec.cat\/iesdecelra\/wp-content\/uploads\/usu1789\/2024\/03\/IMG_3538-scaled.jpg\" alt=\"IMG_3538\" width=\"1415\" height=\"2560\" \/>\r\n\t\t\t\t\t\t\t\t\t\t<div class=\"slideshow_description_box slideshow_transparent\">\r\n\t\t\t\t\t\t<div class=\"slideshow_title\">IMG_3538<\/div>\t\t\t\t\t\t\t\t\t\t\t<\/div>\r\n\t\t\t\t<\/div>\r\n\r\n\t\t\t\t\t\t<div style=\"clear: both;\"><\/div><\/div>\r\n\t\t<\/div>\r\n\r\n\t\t<div class=\"slideshow_controlPanel slideshow_transparent\" style=\"display: none;\"><ul><li class=\"slideshow_togglePlay\" data-play-text=\"Visualitza\" data-pause-text=\"Pausa\"><\/li><\/ul><\/div>\r\n\r\n\t\t<div class=\"slideshow_button slideshow_previous slideshow_transparent\" role=\"button\" data-previous-text=\"Anterior\" style=\"display: none;\"><\/div>\r\n\t\t<div class=\"slideshow_button slideshow_next slideshow_transparent\" role=\"button\" data-next-text=\"Seg\u00fcent\" style=\"display: none;\"><\/div>\r\n\r\n\t\t<div class=\"slideshow_pagination\" style=\"display: none;\" data-go-to-text=\"V\u00e9s a la diapositiva\"><div class=\"slideshow_pagination_center\"><\/div><\/div>\r\n\r\n\t\t<!-- WordPress Slideshow Version 2.3.1 -->\r\n\r\n\t\t\t<\/div>\r\n\r\n<\/p>\n","protected":false},"excerpt":{"rendered":"<p>El passat dilluns, vam tenir l&#8217;oportunitat de rebre la visita de M\u00aa Merc\u00e8 Roca, l&#8217;autora del llibre que hem estat llegint durant el segon trimestre, &#8220;Mil Revolts&#8221;, a l&#8217;Ateneu de Celr\u00e0. Durant la seva xerrada, vam tenir l&#8217;oportunitat d&#8217;intercanviar preguntes i respostes amb ella.<br \/>\nL&#8217;autora ens&hellip;  <a href=\"https:\/\/agora.xtec.cat\/iesdecelra\/cursos\/eso\/eso-3\/mil-revolts-amb-maria-merce-roca\/\" title=\"Read MIL REVOLTS, AMB MARIA MERC\u00c8 ROCA\">Llegeix m\u00e9s\u00bb<\/a><\/p>\n","protected":false},"author":1,"featured_media":10507,"comment_status":"open","ping_status":"closed","sticky":false,"template":"","format":"standard","meta":{"_bbp_topic_count":0,"_bbp_reply_count":0,"_bbp_total_topic_count":0,"_bbp_total_reply_count":0,"_bbp_voice_count":0,"_bbp_anonymous_reply_count":0,"_bbp_topic_count_hidden":0,"_bbp_reply_count_hidden":0,"_bbp_forum_subforum_count":0,"footnotes":""},"categories":[103,6],"tags":[355,166],"class_list":["post-10501","post","type-post","status-publish","format-standard","has-post-thumbnail","hentry","category-actualitat","category-eso-3","tag-curs-2023-2024","tag-departament-de-catala"],"post_mailing_queue_ids":[],"_links":{"self":[{"href":"https:\/\/agora.xtec.cat\/iesdecelra\/wp-json\/wp\/v2\/posts\/10501","targetHints":{"allow":["GET"]}}],"collection":[{"href":"https:\/\/agora.xtec.cat\/iesdecelra\/wp-json\/wp\/v2\/posts"}],"about":[{"href":"https:\/\/agora.xtec.cat\/iesdecelra\/wp-json\/wp\/v2\/types\/post"}],"author":[{"embeddable":true,"href":"https:\/\/agora.xtec.cat\/iesdecelra\/wp-json\/wp\/v2\/users\/1"}],"replies":[{"embeddable":true,"href":"https:\/\/agora.xtec.cat\/iesdecelra\/wp-json\/wp\/v2\/comments?post=10501"}],"version-history":[{"count":2,"href":"https:\/\/agora.xtec.cat\/iesdecelra\/wp-json\/wp\/v2\/posts\/10501\/revisions"}],"predecessor-version":[{"id":10509,"href":"https:\/\/agora.xtec.cat\/iesdecelra\/wp-json\/wp\/v2\/posts\/10501\/revisions\/10509"}],"wp:featuredmedia":[{"embeddable":true,"href":"https:\/\/agora.xtec.cat\/iesdecelra\/wp-json\/wp\/v2\/media\/10507"}],"wp:attachment":[{"href":"https:\/\/agora.xtec.cat\/iesdecelra\/wp-json\/wp\/v2\/media?parent=10501"}],"wp:term":[{"taxonomy":"category","embeddable":true,"href":"https:\/\/agora.xtec.cat\/iesdecelra\/wp-json\/wp\/v2\/categories?post=10501"},{"taxonomy":"post_tag","embeddable":true,"href":"https:\/\/agora.xtec.cat\/iesdecelra\/wp-json\/wp\/v2\/tags?post=10501"}],"curies":[{"name":"wp","href":"https:\/\/api.w.org\/{rel}","templated":true}]}}