{"id":1048,"date":"2018-11-09T09:55:25","date_gmt":"2018-11-09T08:55:25","guid":{"rendered":"http:\/\/agora.xtec.cat\/iesdecelra\/?p=1048"},"modified":"2018-10-30T09:59:36","modified_gmt":"2018-10-30T08:59:36","slug":"reunio-informativa-examens-cambridge","status":"publish","type":"post","link":"https:\/\/agora.xtec.cat\/iesdecelra\/actualitat\/reunio-informativa-examens-cambridge\/","title":{"rendered":"REUNI\u00d3 INFORMATIVA EX\u00c0MENS CAMBRIDGE"},"content":{"rendered":"<p>La reuni\u00f3 informativa per a fam\u00edlies sobre els ex\u00e0mens oficials de Cambridge a l\u2019Institut de Celr\u00e0 ser\u00e0 el dimarts 13 de novembre \u00a0a les 19.30h a l\u2019aula polivalent.<\/p>\n<p>Alguns dels aspectes que es presentaran s\u00f3n: calendari de proves, format dels ex\u00e0mens, taxes, etc.<\/p>\n","protected":false},"excerpt":{"rendered":"<p>La reuni\u00f3 informativa per a fam\u00edlies sobre els ex\u00e0mens oficials de Cambridge a l\u2019Institut de Celr\u00e0 ser\u00e0 el dimarts 13 de novembre \u00a0a les 19.30h a l\u2019aula polivalent.<br \/>\nAlguns dels aspectes que es presentaran s\u00f3n: calendari de proves, format dels ex\u00e0mens, taxes, etc.<\/p>\n","protected":false},"author":16,"featured_media":1045,"comment_status":"open","ping_status":"closed","sticky":false,"template":"","format":"standard","meta":{"_bbp_topic_count":0,"_bbp_reply_count":0,"_bbp_total_topic_count":0,"_bbp_total_reply_count":0,"_bbp_voice_count":0,"_bbp_anonymous_reply_count":0,"_bbp_topic_count_hidden":0,"_bbp_reply_count_hidden":0,"_bbp_forum_subforum_count":0,"footnotes":""},"categories":[103],"tags":[135,117],"class_list":["post-1048","post","type-post","status-publish","format-standard","has-post-thumbnail","hentry","category-actualitat","tag-cambridge-exams","tag-curs-2018-2019"],"post_mailing_queue_ids":[],"_links":{"self":[{"href":"https:\/\/agora.xtec.cat\/iesdecelra\/wp-json\/wp\/v2\/posts\/1048","targetHints":{"allow":["GET"]}}],"collection":[{"href":"https:\/\/agora.xtec.cat\/iesdecelra\/wp-json\/wp\/v2\/posts"}],"about":[{"href":"https:\/\/agora.xtec.cat\/iesdecelra\/wp-json\/wp\/v2\/types\/post"}],"author":[{"embeddable":true,"href":"https:\/\/agora.xtec.cat\/iesdecelra\/wp-json\/wp\/v2\/users\/16"}],"replies":[{"embeddable":true,"href":"https:\/\/agora.xtec.cat\/iesdecelra\/wp-json\/wp\/v2\/comments?post=1048"}],"version-history":[{"count":1,"href":"https:\/\/agora.xtec.cat\/iesdecelra\/wp-json\/wp\/v2\/posts\/1048\/revisions"}],"predecessor-version":[{"id":1049,"href":"https:\/\/agora.xtec.cat\/iesdecelra\/wp-json\/wp\/v2\/posts\/1048\/revisions\/1049"}],"wp:featuredmedia":[{"embeddable":true,"href":"https:\/\/agora.xtec.cat\/iesdecelra\/wp-json\/wp\/v2\/media\/1045"}],"wp:attachment":[{"href":"https:\/\/agora.xtec.cat\/iesdecelra\/wp-json\/wp\/v2\/media?parent=1048"}],"wp:term":[{"taxonomy":"category","embeddable":true,"href":"https:\/\/agora.xtec.cat\/iesdecelra\/wp-json\/wp\/v2\/categories?post=1048"},{"taxonomy":"post_tag","embeddable":true,"href":"https:\/\/agora.xtec.cat\/iesdecelra\/wp-json\/wp\/v2\/tags?post=1048"}],"curies":[{"name":"wp","href":"https:\/\/api.w.org\/{rel}","templated":true}]}}