{"id":10476,"date":"2024-03-15T09:00:25","date_gmt":"2024-03-15T08:00:25","guid":{"rendered":"https:\/\/agora.xtec.cat\/iesdecelra\/?p=10476"},"modified":"2024-03-14T14:43:53","modified_gmt":"2024-03-14T13:43:53","slug":"espectacle-sobre-transtorns-de-la-conducta-alimentaria","status":"publish","type":"post","link":"https:\/\/agora.xtec.cat\/iesdecelra\/cursos\/eso\/eso-2\/espectacle-sobre-transtorns-de-la-conducta-alimentaria\/","title":{"rendered":"ESPECTACLE SOBRE TRANSTORNS DE LA CONDUCTA ALIMENT\u00c0RIA"},"content":{"rendered":"<p>El passat dimarts 13, els alumnes de 2n d&#8217;ESO van anar al teatre Ateneu de Celr\u00e0, a veure l&#8217;espectacle Nua, d&#8217;Ann Perell\u00f3.<\/p>\n<p>L&#8217;espectacle que parla sobre els transtorns de la conducta aliment\u00e0ria i va acabar amb un col\u00b7loqui on l&#8217;actriu ens va poder contestar tota mena de preguntes sobre el proc\u00e9s creatiu, el teatre, els transtorns, la seva experi\u00e8ncia, &#8230;<\/p>\n<p>La setmana que ve, complementarem l&#8217;aprenentatge amb uns tallers per ajudar-nos a detectar aquells indicadors de conductes de risc en relaci\u00f3 a la nostra alimentaci\u00f3.<\/p>\n<p style=\"text-align: center;\"><img loading=\"lazy\" decoding=\"async\" class=\"aligncenter size-full wp-image-10477\" src=\"https:\/\/agora.xtec.cat\/iesdecelra\/wp-content\/uploads\/usu1789\/2024\/03\/IMG_5810-scaled.jpg\" alt=\"\" width=\"1920\" height=\"2560\" srcset=\"https:\/\/agora.xtec.cat\/iesdecelra\/wp-content\/uploads\/usu1789\/2024\/03\/IMG_5810-scaled.jpg 1920w, https:\/\/agora.xtec.cat\/iesdecelra\/wp-content\/uploads\/usu1789\/2024\/03\/IMG_5810-225x300.jpg 225w, https:\/\/agora.xtec.cat\/iesdecelra\/wp-content\/uploads\/usu1789\/2024\/03\/IMG_5810-768x1024.jpg 768w, https:\/\/agora.xtec.cat\/iesdecelra\/wp-content\/uploads\/usu1789\/2024\/03\/IMG_5810-1152x1536.jpg 1152w, https:\/\/agora.xtec.cat\/iesdecelra\/wp-content\/uploads\/usu1789\/2024\/03\/IMG_5810-1536x2048.jpg 1536w\" sizes=\"auto, (max-width: 1920px) 100vw, 1920px\" \/><\/p>\n","protected":false},"excerpt":{"rendered":"<p>El passat dimarts 13, els alumnes de 2n d&#8217;ESO van anar al teatre Ateneu de Celr\u00e0, a veure l&#8217;espectacle Nua, d&#8217;Ann Perell\u00f3.<br \/>\nL&#8217;espectacle que parla sobre els transtorns de la conducta aliment\u00e0ria i va acabar amb un col\u00b7loqui on l&#8217;actriu ens va poder contestar tota mena&hellip;  <a href=\"https:\/\/agora.xtec.cat\/iesdecelra\/cursos\/eso\/eso-2\/espectacle-sobre-transtorns-de-la-conducta-alimentaria\/\" title=\"Read ESPECTACLE SOBRE TRANSTORNS DE LA CONDUCTA ALIMENT\u00c0RIA\">Llegeix m\u00e9s\u00bb<\/a><\/p>\n","protected":false},"author":1,"featured_media":10477,"comment_status":"open","ping_status":"closed","sticky":false,"template":"","format":"standard","meta":{"_bbp_topic_count":0,"_bbp_reply_count":0,"_bbp_total_topic_count":0,"_bbp_total_reply_count":0,"_bbp_voice_count":0,"_bbp_anonymous_reply_count":0,"_bbp_topic_count_hidden":0,"_bbp_reply_count_hidden":0,"_bbp_forum_subforum_count":0,"footnotes":""},"categories":[103,5],"tags":[355,40],"class_list":["post-10476","post","type-post","status-publish","format-standard","has-post-thumbnail","hentry","category-actualitat","category-eso-2","tag-curs-2023-2024","tag-teatre"],"post_mailing_queue_ids":[],"_links":{"self":[{"href":"https:\/\/agora.xtec.cat\/iesdecelra\/wp-json\/wp\/v2\/posts\/10476","targetHints":{"allow":["GET"]}}],"collection":[{"href":"https:\/\/agora.xtec.cat\/iesdecelra\/wp-json\/wp\/v2\/posts"}],"about":[{"href":"https:\/\/agora.xtec.cat\/iesdecelra\/wp-json\/wp\/v2\/types\/post"}],"author":[{"embeddable":true,"href":"https:\/\/agora.xtec.cat\/iesdecelra\/wp-json\/wp\/v2\/users\/1"}],"replies":[{"embeddable":true,"href":"https:\/\/agora.xtec.cat\/iesdecelra\/wp-json\/wp\/v2\/comments?post=10476"}],"version-history":[{"count":1,"href":"https:\/\/agora.xtec.cat\/iesdecelra\/wp-json\/wp\/v2\/posts\/10476\/revisions"}],"predecessor-version":[{"id":10479,"href":"https:\/\/agora.xtec.cat\/iesdecelra\/wp-json\/wp\/v2\/posts\/10476\/revisions\/10479"}],"wp:featuredmedia":[{"embeddable":true,"href":"https:\/\/agora.xtec.cat\/iesdecelra\/wp-json\/wp\/v2\/media\/10477"}],"wp:attachment":[{"href":"https:\/\/agora.xtec.cat\/iesdecelra\/wp-json\/wp\/v2\/media?parent=10476"}],"wp:term":[{"taxonomy":"category","embeddable":true,"href":"https:\/\/agora.xtec.cat\/iesdecelra\/wp-json\/wp\/v2\/categories?post=10476"},{"taxonomy":"post_tag","embeddable":true,"href":"https:\/\/agora.xtec.cat\/iesdecelra\/wp-json\/wp\/v2\/tags?post=10476"}],"curies":[{"name":"wp","href":"https:\/\/api.w.org\/{rel}","templated":true}]}}