{"id":10455,"date":"2024-03-12T13:28:13","date_gmt":"2024-03-12T12:28:13","guid":{"rendered":"https:\/\/agora.xtec.cat\/iesdecelra\/?p=10455"},"modified":"2024-03-12T13:28:13","modified_gmt":"2024-03-12T12:28:13","slug":"tercer-mercat-dintercanvi-de-roba-de-lskamot-verd","status":"publish","type":"post","link":"https:\/\/agora.xtec.cat\/iesdecelra\/actualitat\/tercer-mercat-dintercanvi-de-roba-de-lskamot-verd\/","title":{"rendered":"TERCER MERCAT D&#8217;INTERCANVI DE ROBA DE L&#8217;SKAMOT VERD"},"content":{"rendered":"<p><span style=\"color: #000000;\">Els dies 18 i 19 de desembre vam\u00a0organitzar,\u00a0per tercer any consecutiu, un mercat d&#8217;intercanvi de roba de l\u2019Skamot verd. Es va recollir i intercanviar molta roba, i la que va sobrar la vam donar a l&#8217;Armari de Celr\u00e0.\u00a0<\/span><\/p>\n<p><span style=\"color: #000000;\">Estem molt contents amb el resultat del mercat d&#8217;aquest any, ja que vam poder posar la parada a l&#8217;entrada de l&#8217;institut i va ser molt m\u00e9s visible que els cursos passats.<\/span><\/p>\n<p><span style=\"color: #000000;\">Volem agrair la col\u00b7laboraci\u00f3 de tothom que hi va participar, ja que creiem que \u00e9s molt important poder donar una segona vida a les peces de roba que ja no ens posem. D&#8217;aquesta manera hem redu\u00eft\u00a0els residus t\u00e8xtils i col\u00b7laborat amb la donaci\u00f3 de roba per a persones que ho necessiten.\u00a0<\/span><\/p>\n<p><img loading=\"lazy\" decoding=\"async\" class=\"aligncenter size-full wp-image-10457\" src=\"https:\/\/agora.xtec.cat\/iesdecelra\/wp-content\/uploads\/usu1789\/2024\/03\/IMG_20231213_124349.jpg\" alt=\"\" width=\"1000\" height=\"750\" srcset=\"https:\/\/agora.xtec.cat\/iesdecelra\/wp-content\/uploads\/usu1789\/2024\/03\/IMG_20231213_124349.jpg 1000w, https:\/\/agora.xtec.cat\/iesdecelra\/wp-content\/uploads\/usu1789\/2024\/03\/IMG_20231213_124349-300x225.jpg 300w, https:\/\/agora.xtec.cat\/iesdecelra\/wp-content\/uploads\/usu1789\/2024\/03\/IMG_20231213_124349-768x576.jpg 768w, https:\/\/agora.xtec.cat\/iesdecelra\/wp-content\/uploads\/usu1789\/2024\/03\/IMG_20231213_124349-200x150.jpg 200w\" sizes=\"auto, (max-width: 1000px) 100vw, 1000px\" \/><\/p>\n","protected":false},"excerpt":{"rendered":"<p>Els dies 18 i 19 de desembre vam\u00a0organitzar,\u00a0per tercer any consecutiu, un mercat d&#8217;intercanvi de roba de l\u2019Skamot verd. Es va recollir i intercanviar molta roba, i la que va sobrar la vam donar a l&#8217;Armari de Celr\u00e0.\u00a0<br \/>\nEstem molt contents amb el resultat del mercat&hellip;  <a href=\"https:\/\/agora.xtec.cat\/iesdecelra\/actualitat\/tercer-mercat-dintercanvi-de-roba-de-lskamot-verd\/\" title=\"Read TERCER MERCAT D&#8217;INTERCANVI DE ROBA DE L&#8217;SKAMOT VERD\">Llegeix m\u00e9s\u00bb<\/a><\/p>\n","protected":false},"author":1,"featured_media":10457,"comment_status":"open","ping_status":"closed","sticky":false,"template":"","format":"standard","meta":{"_bbp_topic_count":0,"_bbp_reply_count":0,"_bbp_total_topic_count":0,"_bbp_total_reply_count":0,"_bbp_voice_count":0,"_bbp_anonymous_reply_count":0,"_bbp_topic_count_hidden":0,"_bbp_reply_count_hidden":0,"_bbp_forum_subforum_count":0,"footnotes":""},"categories":[103,345],"tags":[355,56,350],"class_list":["post-10455","post","type-post","status-publish","format-standard","has-post-thumbnail","hentry","category-actualitat","category-escola-verda","tag-curs-2023-2024","tag-escola-verda","tag-skamot-verd"],"post_mailing_queue_ids":[],"_links":{"self":[{"href":"https:\/\/agora.xtec.cat\/iesdecelra\/wp-json\/wp\/v2\/posts\/10455","targetHints":{"allow":["GET"]}}],"collection":[{"href":"https:\/\/agora.xtec.cat\/iesdecelra\/wp-json\/wp\/v2\/posts"}],"about":[{"href":"https:\/\/agora.xtec.cat\/iesdecelra\/wp-json\/wp\/v2\/types\/post"}],"author":[{"embeddable":true,"href":"https:\/\/agora.xtec.cat\/iesdecelra\/wp-json\/wp\/v2\/users\/1"}],"replies":[{"embeddable":true,"href":"https:\/\/agora.xtec.cat\/iesdecelra\/wp-json\/wp\/v2\/comments?post=10455"}],"version-history":[{"count":2,"href":"https:\/\/agora.xtec.cat\/iesdecelra\/wp-json\/wp\/v2\/posts\/10455\/revisions"}],"predecessor-version":[{"id":10458,"href":"https:\/\/agora.xtec.cat\/iesdecelra\/wp-json\/wp\/v2\/posts\/10455\/revisions\/10458"}],"wp:featuredmedia":[{"embeddable":true,"href":"https:\/\/agora.xtec.cat\/iesdecelra\/wp-json\/wp\/v2\/media\/10457"}],"wp:attachment":[{"href":"https:\/\/agora.xtec.cat\/iesdecelra\/wp-json\/wp\/v2\/media?parent=10455"}],"wp:term":[{"taxonomy":"category","embeddable":true,"href":"https:\/\/agora.xtec.cat\/iesdecelra\/wp-json\/wp\/v2\/categories?post=10455"},{"taxonomy":"post_tag","embeddable":true,"href":"https:\/\/agora.xtec.cat\/iesdecelra\/wp-json\/wp\/v2\/tags?post=10455"}],"curies":[{"name":"wp","href":"https:\/\/api.w.org\/{rel}","templated":true}]}}