{"id":10419,"date":"2024-03-06T09:33:19","date_gmt":"2024-03-06T08:33:19","guid":{"rendered":"https:\/\/agora.xtec.cat\/iesdecelra\/?p=10419"},"modified":"2024-03-06T09:33:19","modified_gmt":"2024-03-06T08:33:19","slug":"xerrada-de-fisica-de-particules","status":"publish","type":"post","link":"https:\/\/agora.xtec.cat\/iesdecelra\/cursos\/batxillerat\/xerrada-de-fisica-de-particules\/","title":{"rendered":"XERRADA DE F\u00cdSICA DE PART\u00cdCULES"},"content":{"rendered":"<p dir=\"auto\">El passat divendres 1 de mar\u00e7 en Josep Flix va impartir una xerrada de f\u00edsica de part\u00edcules als alumnes de f\u00edsica de 2n de batxillerat.<\/p>\n<p dir=\"auto\">Aquesta xerrada la vam poder oferir gr\u00e0cies al CIEMAT(<i>Centro de Investigaciones Energ\u00e9ticas, Medioambientales i Tecnol\u00f3gicas<\/i>). Aquest organisme, tot i estar molt centralitzat a Madrid, t\u00e9 alguns cient\u00edfics a la UAB \u00a0i si ofereixen xerrades, des de l\u2019Institut de Celr\u00e0, les demanem perqu\u00e8 \u00e9s molt interessant acostar la feina d\u2019un investigador a l\u2019alumnat.<\/p>\n<p dir=\"auto\">En Josep Flix \u00e9s doctor en f\u00edsica, professor de la UAB, treballa al CERN com a investigador i \u00e9s el coordinador del centre PIC: un dels centres de computaci\u00f3 m\u00e9s importants i novedosos a nivell mundial que es troba a l\u2019UAB.<\/p>\n<p dir=\"auto\">A la xerrada ens va parlar d\u2019un dels temes que hem estudiat una mica a les classes de f\u00edsica aquest curs: la f\u00edsica de part\u00edcules. No nom\u00e9s ens va fer un rep\u00e0s de les part\u00edcules conegudes i les seves caracter\u00edstiques, tamb\u00e9 ens va explicar: com s\u2019investiga al CERN, com es detecten aquestes part\u00edcules, els problemes que tenen els investigadors, quin \u00e9s el futur del CERN i quins s\u00f3n els grans reptes de futur.<\/p>\n<p dir=\"auto\">Els alumnes van estar tots molt atents, van poder seguir molt b\u00e9 la xerrada gr\u00e0cies als coneixements previs tot i que tamb\u00e9 els van ampliar.<\/p>\n<p dir=\"auto\">Ens vam sentir molt honorats que un cient\u00edfic del renom d\u2019en Josep Flix (va ser menci\u00f3 honor\u00edfica al Premi Nobel de F\u00edsica el 2013 pel descobriment del bos\u00f3 de Higgs) ens fes un lloc a la seva apretada agenda i vingu\u00e9s a la nostra classe, per segon any consecutiu!, a explicar-nos la seva feina.<\/p>\n<p dir=\"auto\">Esperem poder repetir la xerrada l\u2019any vinent i sin\u00f3 ens agafarem al seu oferiment de visitar el centre de computaci\u00f3 de l\u2019UAB.\u00a0 Gr\u00e0cies Josep!<\/p>\n","protected":false},"excerpt":{"rendered":"<p>El passat divendres 1 de mar\u00e7 en Josep Flix va impartir una xerrada de f\u00edsica de part\u00edcules als alumnes de f\u00edsica de 2n de batxillerat.<br \/>\nAquesta xerrada la vam poder oferir gr\u00e0cies al CIEMAT(Centro de Investigaciones Energ\u00e9ticas, Medioambientales i Tecnol\u00f3gicas). Aquest organisme, tot i estar molt&hellip;  <a href=\"https:\/\/agora.xtec.cat\/iesdecelra\/cursos\/batxillerat\/xerrada-de-fisica-de-particules\/\" title=\"Read XERRADA DE F\u00cdSICA DE PART\u00cdCULES\">Llegeix m\u00e9s\u00bb<\/a><\/p>\n","protected":false},"author":1,"featured_media":10421,"comment_status":"open","ping_status":"closed","sticky":false,"template":"","format":"standard","meta":{"_bbp_topic_count":0,"_bbp_reply_count":0,"_bbp_total_topic_count":0,"_bbp_total_reply_count":0,"_bbp_voice_count":0,"_bbp_anonymous_reply_count":0,"_bbp_topic_count_hidden":0,"_bbp_reply_count_hidden":0,"_bbp_forum_subforum_count":0,"footnotes":""},"categories":[103,8,299],"tags":[355,249,44],"class_list":["post-10419","post","type-post","status-publish","format-standard","has-post-thumbnail","hentry","category-actualitat","category-batxillerat","category-insteam","tag-curs-2023-2024","tag-departament-dexperimentals","tag-xerrades"],"post_mailing_queue_ids":[],"_links":{"self":[{"href":"https:\/\/agora.xtec.cat\/iesdecelra\/wp-json\/wp\/v2\/posts\/10419","targetHints":{"allow":["GET"]}}],"collection":[{"href":"https:\/\/agora.xtec.cat\/iesdecelra\/wp-json\/wp\/v2\/posts"}],"about":[{"href":"https:\/\/agora.xtec.cat\/iesdecelra\/wp-json\/wp\/v2\/types\/post"}],"author":[{"embeddable":true,"href":"https:\/\/agora.xtec.cat\/iesdecelra\/wp-json\/wp\/v2\/users\/1"}],"replies":[{"embeddable":true,"href":"https:\/\/agora.xtec.cat\/iesdecelra\/wp-json\/wp\/v2\/comments?post=10419"}],"version-history":[{"count":2,"href":"https:\/\/agora.xtec.cat\/iesdecelra\/wp-json\/wp\/v2\/posts\/10419\/revisions"}],"predecessor-version":[{"id":10422,"href":"https:\/\/agora.xtec.cat\/iesdecelra\/wp-json\/wp\/v2\/posts\/10419\/revisions\/10422"}],"wp:featuredmedia":[{"embeddable":true,"href":"https:\/\/agora.xtec.cat\/iesdecelra\/wp-json\/wp\/v2\/media\/10421"}],"wp:attachment":[{"href":"https:\/\/agora.xtec.cat\/iesdecelra\/wp-json\/wp\/v2\/media?parent=10419"}],"wp:term":[{"taxonomy":"category","embeddable":true,"href":"https:\/\/agora.xtec.cat\/iesdecelra\/wp-json\/wp\/v2\/categories?post=10419"},{"taxonomy":"post_tag","embeddable":true,"href":"https:\/\/agora.xtec.cat\/iesdecelra\/wp-json\/wp\/v2\/tags?post=10419"}],"curies":[{"name":"wp","href":"https:\/\/api.w.org\/{rel}","templated":true}]}}