{"id":1027,"date":"2018-10-25T11:59:38","date_gmt":"2018-10-25T09:59:38","guid":{"rendered":"http:\/\/agora.xtec.cat\/iesdecelra\/?p=1027"},"modified":"2018-10-26T11:46:25","modified_gmt":"2018-10-26T09:46:25","slug":"la-biblioteca-de-linstitut-a-la-jornada-de-biblioteques-escolars","status":"publish","type":"post","link":"https:\/\/agora.xtec.cat\/iesdecelra\/actualitat\/la-biblioteca-de-linstitut-a-la-jornada-de-biblioteques-escolars\/","title":{"rendered":"LA BIBLIOTECA DE L&#8217;INSTITUT A LA JORNADA DE BIBLIOTEQUES ESCOLARS"},"content":{"rendered":"<p style=\"text-align: justify;\">Cada inici de curs, dins del programa de biblioteques escolars, l&#8217;ajuntament de Girona organitza la Jornada de Biblioteques Escolars, de la qual aquest any celebra la tretzena edici\u00f3.<\/p>\n<p><img loading=\"lazy\" decoding=\"async\" class=\"wp-image-1032 alignleft\" src=\"https:\/\/agora.xtec.cat\/iesdecelra\/wp-content\/uploads\/usu1789\/2018\/10\/BE_2018_10_Cartell_XIII_Jornada-1-724x1024.jpg\" alt=\"\" width=\"230\" height=\"326\" srcset=\"https:\/\/agora.xtec.cat\/iesdecelra\/wp-content\/uploads\/usu1789\/2018\/10\/BE_2018_10_Cartell_XIII_Jornada-1-724x1024.jpg 724w, https:\/\/agora.xtec.cat\/iesdecelra\/wp-content\/uploads\/usu1789\/2018\/10\/BE_2018_10_Cartell_XIII_Jornada-1-212x300.jpg 212w, https:\/\/agora.xtec.cat\/iesdecelra\/wp-content\/uploads\/usu1789\/2018\/10\/BE_2018_10_Cartell_XIII_Jornada-1-768x1086.jpg 768w\" sizes=\"auto, (max-width: 230px) 100vw, 230px\" \/><\/p>\n<p style=\"text-align: justify;\">L&#8217;objectiu \u00e9s oferir un espai de formaci\u00f3 i intercanvi entre els membres dels diferents centres educatius, per tal de millorar l&#8217;acci\u00f3 desenvolupada per cadascun d&#8217;ells i dissenyar noves estrat\u00e8gies comunes de treball. Vam tenir el plaer d&#8217;escoltar\u00a0<a href=\"https:\/\/www.fbofill.cat\/persona\/alex-cosials\" target=\"_blank\" rel=\"noopener\" data-saferedirecturl=\"https:\/\/www.google.com\/url?q=https:\/\/www.fbofill.cat\/persona\/alex-cosials&amp;source=gmail&amp;ust=1540572279578000&amp;usg=AFQjCNHF7NxUuP421OrhXNFr9je0WsZzUw\"><strong>l&#8217;\u00c0lex Cosials<\/strong><\/a>, direct<span style=\"font-family: inherit; font-size: 1em;\">or<\/span><span style=\"font-family: inherit; font-size: 1em;\">de la biblioteca de l&#8217;Ateneu Barcelon\u00e8s i antic coordinador del programa Lecxit i del projecte\u00a0<\/span><strong style=\"font-family: inherit; font-size: 1em;\"><a href=\"https:\/\/www.fbofill.cat\/projectes\/bibliorevolucio\" target=\"_blank\" rel=\"noopener\" data-saferedirecturl=\"https:\/\/www.google.com\/url?q=https:\/\/www.fbofill.cat\/projectes\/bibliorevolucio&amp;source=gmail&amp;ust=1540572279578000&amp;usg=AFQjCNE94u3nFrZe0nDkCy2pZEOmWvHRvA\">Biblio(r)evoluci\u00f3<\/a><\/strong><span style=\"font-family: inherit; font-size: 1em;\">\u00a0de la Fundaci\u00f3 Jaume Bofill, i amb\u00a0<\/span><a style=\"font-family: inherit; font-size: 1em;\" href=\"https:\/\/www.fbofill.cat\/persona\/ripoll-oriol\" target=\"_blank\" rel=\"noopener\" data-saferedirecturl=\"https:\/\/www.google.com\/url?q=https:\/\/www.fbofill.cat\/persona\/ripoll-oriol&amp;source=gmail&amp;ust=1540572279578000&amp;usg=AFQjCNFQIS3GNiqRJBBc3BYDWClSQCzCyQ\"><strong>l&#8217;Oriol Ripoll<\/strong><\/a><span style=\"font-family: inherit; font-size: 1em;\">, especialista en jocs i col\u00b7laborador tamb\u00e9 del\u00a0<\/span>projecte Biblio(r)evoluci\u00f3.<\/p>\n<p style=\"text-align: justify;\">Va ser una jornada profitosa on vam poder intercanviar experi\u00e8ncies i agafar noves idees amb altres bibliotecaris escolars d&#8217;altres centres de la prov\u00ednica.<\/p>\n<p style=\"text-align: right;\">Ta\u00efs Pla (bibliotec\u00e0ria de l&#8217;Institut de Celr\u00e0)<img loading=\"lazy\" decoding=\"async\" class=\"wp-image-1029 aligncenter\" src=\"https:\/\/agora.xtec.cat\/iesdecelra\/wp-content\/uploads\/usu1789\/2018\/10\/biblio.jpg\" alt=\"\" width=\"351\" height=\"468\" srcset=\"https:\/\/agora.xtec.cat\/iesdecelra\/wp-content\/uploads\/usu1789\/2018\/10\/biblio.jpg 600w, https:\/\/agora.xtec.cat\/iesdecelra\/wp-content\/uploads\/usu1789\/2018\/10\/biblio-225x300.jpg 225w\" sizes=\"auto, (max-width: 351px) 100vw, 351px\" \/><\/p>\n","protected":false},"excerpt":{"rendered":"<p>Cada inici de curs, dins del programa de biblioteques escolars, l&#8217;ajuntament de Girona organitza la Jornada de Biblioteques Escolars, de la qual aquest any celebra la tretzena edici\u00f3.<\/p>\n<p>L&#8217;objectiu \u00e9s oferir un espai de formaci\u00f3 i intercanvi entre els membres dels diferents centres educatius, per tal&hellip;  <a href=\"https:\/\/agora.xtec.cat\/iesdecelra\/actualitat\/la-biblioteca-de-linstitut-a-la-jornada-de-biblioteques-escolars\/\" title=\"Read LA BIBLIOTECA DE L&#8217;INSTITUT A LA JORNADA DE BIBLIOTEQUES ESCOLARS\">Llegeix m\u00e9s\u00bb<\/a><\/p>\n","protected":false},"author":1,"featured_media":1031,"comment_status":"open","ping_status":"closed","sticky":false,"template":"","format":"standard","meta":{"_bbp_topic_count":0,"_bbp_reply_count":0,"_bbp_total_topic_count":0,"_bbp_total_reply_count":0,"_bbp_voice_count":0,"_bbp_anonymous_reply_count":0,"_bbp_topic_count_hidden":0,"_bbp_reply_count_hidden":0,"_bbp_forum_subforum_count":0,"footnotes":""},"categories":[103],"tags":[130,117],"class_list":["post-1027","post","type-post","status-publish","format-standard","has-post-thumbnail","hentry","category-actualitat","tag-biblioteca","tag-curs-2018-2019"],"post_mailing_queue_ids":[],"_links":{"self":[{"href":"https:\/\/agora.xtec.cat\/iesdecelra\/wp-json\/wp\/v2\/posts\/1027","targetHints":{"allow":["GET"]}}],"collection":[{"href":"https:\/\/agora.xtec.cat\/iesdecelra\/wp-json\/wp\/v2\/posts"}],"about":[{"href":"https:\/\/agora.xtec.cat\/iesdecelra\/wp-json\/wp\/v2\/types\/post"}],"author":[{"embeddable":true,"href":"https:\/\/agora.xtec.cat\/iesdecelra\/wp-json\/wp\/v2\/users\/1"}],"replies":[{"embeddable":true,"href":"https:\/\/agora.xtec.cat\/iesdecelra\/wp-json\/wp\/v2\/comments?post=1027"}],"version-history":[{"count":3,"href":"https:\/\/agora.xtec.cat\/iesdecelra\/wp-json\/wp\/v2\/posts\/1027\/revisions"}],"predecessor-version":[{"id":1035,"href":"https:\/\/agora.xtec.cat\/iesdecelra\/wp-json\/wp\/v2\/posts\/1027\/revisions\/1035"}],"wp:featuredmedia":[{"embeddable":true,"href":"https:\/\/agora.xtec.cat\/iesdecelra\/wp-json\/wp\/v2\/media\/1031"}],"wp:attachment":[{"href":"https:\/\/agora.xtec.cat\/iesdecelra\/wp-json\/wp\/v2\/media?parent=1027"}],"wp:term":[{"taxonomy":"category","embeddable":true,"href":"https:\/\/agora.xtec.cat\/iesdecelra\/wp-json\/wp\/v2\/categories?post=1027"},{"taxonomy":"post_tag","embeddable":true,"href":"https:\/\/agora.xtec.cat\/iesdecelra\/wp-json\/wp\/v2\/tags?post=1027"}],"curies":[{"name":"wp","href":"https:\/\/api.w.org\/{rel}","templated":true}]}}