{"id":10234,"date":"2024-01-12T10:30:31","date_gmt":"2024-01-12T09:30:31","guid":{"rendered":"https:\/\/agora.xtec.cat\/iesdecelra\/?p=10234"},"modified":"2024-01-14T20:33:48","modified_gmt":"2024-01-14T19:33:48","slug":"cartells-per-la-marato","status":"publish","type":"post","link":"https:\/\/agora.xtec.cat\/iesdecelra\/cursos\/eso\/eso-4\/cartells-per-la-marato\/","title":{"rendered":"PRESENTEM CARTELLS A LA MARAT\u00d3"},"content":{"rendered":"<p>Enguany la Marat\u00f3 de TV3 ha estat sobre la Salut Sexual i Reproductiva i els alumnes de 3r d&#8217;ESO i els de 1r de Batxillerat van poder gaudir de les sessions divulgatives que ofereix la Fundaci\u00f3 de la Marat\u00f3. Els alumnes de l&#8217;optativa de Dibuix de 4t d&#8217;ESO tamb\u00e9 es van informar del contingut de les xerrades i de les malalties que m\u00e9s es manifesten dins el marc de Salut Sexual i Reproductiva i cada grup va proposar un cartell que van presentar al concurs d&#8217;aquest any. Aquests s\u00f3n els resultats:<\/p>\n<p><img loading=\"lazy\" decoding=\"async\" class=\"alignnone wp-image-10235\" src=\"https:\/\/agora.xtec.cat\/iesdecelra\/wp-content\/uploads\/usu1789\/2024\/01\/TOTES-SOM-VULNERABLES-2-1024x495.jpg\" alt=\"\" width=\"1001\" height=\"484\" srcset=\"https:\/\/agora.xtec.cat\/iesdecelra\/wp-content\/uploads\/usu1789\/2024\/01\/TOTES-SOM-VULNERABLES-2-1024x495.jpg 1024w, https:\/\/agora.xtec.cat\/iesdecelra\/wp-content\/uploads\/usu1789\/2024\/01\/TOTES-SOM-VULNERABLES-2-300x145.jpg 300w, https:\/\/agora.xtec.cat\/iesdecelra\/wp-content\/uploads\/usu1789\/2024\/01\/TOTES-SOM-VULNERABLES-2-768x371.jpg 768w, https:\/\/agora.xtec.cat\/iesdecelra\/wp-content\/uploads\/usu1789\/2024\/01\/TOTES-SOM-VULNERABLES-2-1536x743.jpg 1536w, https:\/\/agora.xtec.cat\/iesdecelra\/wp-content\/uploads\/usu1789\/2024\/01\/TOTES-SOM-VULNERABLES-2-2048x990.jpg 2048w\" sizes=\"auto, (max-width: 1001px) 100vw, 1001px\" \/><\/p>\n<p><img loading=\"lazy\" decoding=\"async\" class=\"alignnone size-full wp-image-10237\" src=\"https:\/\/agora.xtec.cat\/iesdecelra\/wp-content\/uploads\/usu1789\/2024\/01\/VISIBILITZEM.jpg\" alt=\"\" width=\"1000\" height=\"490\" srcset=\"https:\/\/agora.xtec.cat\/iesdecelra\/wp-content\/uploads\/usu1789\/2024\/01\/VISIBILITZEM.jpg 1000w, https:\/\/agora.xtec.cat\/iesdecelra\/wp-content\/uploads\/usu1789\/2024\/01\/VISIBILITZEM-300x147.jpg 300w, https:\/\/agora.xtec.cat\/iesdecelra\/wp-content\/uploads\/usu1789\/2024\/01\/VISIBILITZEM-768x376.jpg 768w\" sizes=\"auto, (max-width: 1000px) 100vw, 1000px\" \/><\/p>\n","protected":false},"excerpt":{"rendered":"<p>Enguany la Marat\u00f3 de TV3 ha estat sobre la Salut Sexual i Reproductiva i els alumnes de 3r d&#8217;ESO i els de 1r de Batxillerat van poder gaudir de les sessions divulgatives que ofereix la Fundaci\u00f3 de la Marat\u00f3. Els alumnes de l&#8217;optativa de Dibuix&hellip;  <a href=\"https:\/\/agora.xtec.cat\/iesdecelra\/cursos\/eso\/eso-4\/cartells-per-la-marato\/\" title=\"Read PRESENTEM CARTELLS A LA MARAT\u00d3\">Llegeix m\u00e9s\u00bb<\/a><\/p>\n","protected":false},"author":3,"featured_media":10237,"comment_status":"open","ping_status":"closed","sticky":false,"template":"","format":"standard","meta":{"_bbp_topic_count":0,"_bbp_reply_count":0,"_bbp_total_topic_count":0,"_bbp_total_reply_count":0,"_bbp_voice_count":0,"_bbp_anonymous_reply_count":0,"_bbp_topic_count_hidden":0,"_bbp_reply_count_hidden":0,"_bbp_forum_subforum_count":0,"footnotes":""},"categories":[103,7],"tags":[355,254,363],"class_list":["post-10234","post","type-post","status-publish","format-standard","has-post-thumbnail","hentry","category-actualitat","category-eso-4","tag-curs-2023-2024","tag-departament-deducacio-visual-i-plastica","tag-mara"],"post_mailing_queue_ids":[],"_links":{"self":[{"href":"https:\/\/agora.xtec.cat\/iesdecelra\/wp-json\/wp\/v2\/posts\/10234","targetHints":{"allow":["GET"]}}],"collection":[{"href":"https:\/\/agora.xtec.cat\/iesdecelra\/wp-json\/wp\/v2\/posts"}],"about":[{"href":"https:\/\/agora.xtec.cat\/iesdecelra\/wp-json\/wp\/v2\/types\/post"}],"author":[{"embeddable":true,"href":"https:\/\/agora.xtec.cat\/iesdecelra\/wp-json\/wp\/v2\/users\/3"}],"replies":[{"embeddable":true,"href":"https:\/\/agora.xtec.cat\/iesdecelra\/wp-json\/wp\/v2\/comments?post=10234"}],"version-history":[{"count":5,"href":"https:\/\/agora.xtec.cat\/iesdecelra\/wp-json\/wp\/v2\/posts\/10234\/revisions"}],"predecessor-version":[{"id":10241,"href":"https:\/\/agora.xtec.cat\/iesdecelra\/wp-json\/wp\/v2\/posts\/10234\/revisions\/10241"}],"wp:featuredmedia":[{"embeddable":true,"href":"https:\/\/agora.xtec.cat\/iesdecelra\/wp-json\/wp\/v2\/media\/10237"}],"wp:attachment":[{"href":"https:\/\/agora.xtec.cat\/iesdecelra\/wp-json\/wp\/v2\/media?parent=10234"}],"wp:term":[{"taxonomy":"category","embeddable":true,"href":"https:\/\/agora.xtec.cat\/iesdecelra\/wp-json\/wp\/v2\/categories?post=10234"},{"taxonomy":"post_tag","embeddable":true,"href":"https:\/\/agora.xtec.cat\/iesdecelra\/wp-json\/wp\/v2\/tags?post=10234"}],"curies":[{"name":"wp","href":"https:\/\/api.w.org\/{rel}","templated":true}]}}