{"id":1023,"date":"2018-10-25T14:29:01","date_gmt":"2018-10-25T12:29:01","guid":{"rendered":"http:\/\/agora.xtec.cat\/iesdecelra\/?p=1023"},"modified":"2018-10-26T11:45:03","modified_gmt":"2018-10-26T09:45:03","slug":"amb-caiac-pel-riu-ter","status":"publish","type":"post","link":"https:\/\/agora.xtec.cat\/iesdecelra\/cursos\/eso\/eso-2\/amb-caiac-pel-riu-ter\/","title":{"rendered":"AMB CAIAC PEL RIU TER"},"content":{"rendered":"<p>Fa unes setmanes tots els cursos de segon van fer una primera sortida de tutoria; van baixar\u00a0pel riu Ter amb caiac, en un recorregut de Celr\u00e0 a Bordils.<\/p>\n<p>Ara ja tenim a punt un v\u00eddeo amb un recull fotogr\u00e0fic dels dos dies d&#8217;activitat n\u00e0utica i tamb\u00e9 podeu mirar les fotografies anant al seg\u00fcent \u00e0lbum:<\/p>\n<p style=\"text-align: center;\"><a href=\"https:\/\/photos.app.goo.gl\/AkaS24adKZV6ti81A\"><strong>https:\/\/photos.app.goo.gl\/AkaS24adKZV6ti81A<\/strong><\/a><\/p>\n<p><iframe loading=\"lazy\" title=\"CAIAC 2n d&#039;eso 2018 2019\" width=\"500\" height=\"281\" src=\"https:\/\/www.youtube.com\/embed\/Wy8Dw3Pxo8A?feature=oembed\" frameborder=\"0\" allow=\"accelerometer; autoplay; clipboard-write; encrypted-media; gyroscope; picture-in-picture; web-share\" referrerpolicy=\"strict-origin-when-cross-origin\" allowfullscreen><\/iframe><\/p>\n<div><\/div>\n","protected":false},"excerpt":{"rendered":"<p>Fa unes setmanes tots els cursos de segon van fer una primera sortida de tutoria; van baixar\u00a0pel riu Ter amb caiac, en un recorregut de Celr\u00e0 a Bordils.<br \/>\nAra ja tenim a punt un v\u00eddeo amb un recull fotogr\u00e0fic dels dos dies d&#8217;activitat n\u00e0utica i tamb\u00e9&hellip;  <a href=\"https:\/\/agora.xtec.cat\/iesdecelra\/cursos\/eso\/eso-2\/amb-caiac-pel-riu-ter\/\" title=\"Read AMB CAIAC PEL RIU TER\">Llegeix m\u00e9s\u00bb<\/a><\/p>\n","protected":false},"author":1,"featured_media":1024,"comment_status":"open","ping_status":"closed","sticky":false,"template":"","format":"standard","meta":{"_bbp_topic_count":0,"_bbp_reply_count":0,"_bbp_total_topic_count":0,"_bbp_total_reply_count":0,"_bbp_voice_count":0,"_bbp_anonymous_reply_count":0,"_bbp_topic_count_hidden":0,"_bbp_reply_count_hidden":0,"_bbp_forum_subforum_count":0,"footnotes":""},"categories":[5],"tags":[133,117,134],"class_list":["post-1023","post","type-post","status-publish","format-standard","has-post-thumbnail","hentry","category-eso-2","tag-2n-deso","tag-curs-2018-2019","tag-departament-deducacio-fisica"],"post_mailing_queue_ids":[],"_links":{"self":[{"href":"https:\/\/agora.xtec.cat\/iesdecelra\/wp-json\/wp\/v2\/posts\/1023","targetHints":{"allow":["GET"]}}],"collection":[{"href":"https:\/\/agora.xtec.cat\/iesdecelra\/wp-json\/wp\/v2\/posts"}],"about":[{"href":"https:\/\/agora.xtec.cat\/iesdecelra\/wp-json\/wp\/v2\/types\/post"}],"author":[{"embeddable":true,"href":"https:\/\/agora.xtec.cat\/iesdecelra\/wp-json\/wp\/v2\/users\/1"}],"replies":[{"embeddable":true,"href":"https:\/\/agora.xtec.cat\/iesdecelra\/wp-json\/wp\/v2\/comments?post=1023"}],"version-history":[{"count":2,"href":"https:\/\/agora.xtec.cat\/iesdecelra\/wp-json\/wp\/v2\/posts\/1023\/revisions"}],"predecessor-version":[{"id":1026,"href":"https:\/\/agora.xtec.cat\/iesdecelra\/wp-json\/wp\/v2\/posts\/1023\/revisions\/1026"}],"wp:featuredmedia":[{"embeddable":true,"href":"https:\/\/agora.xtec.cat\/iesdecelra\/wp-json\/wp\/v2\/media\/1024"}],"wp:attachment":[{"href":"https:\/\/agora.xtec.cat\/iesdecelra\/wp-json\/wp\/v2\/media?parent=1023"}],"wp:term":[{"taxonomy":"category","embeddable":true,"href":"https:\/\/agora.xtec.cat\/iesdecelra\/wp-json\/wp\/v2\/categories?post=1023"},{"taxonomy":"post_tag","embeddable":true,"href":"https:\/\/agora.xtec.cat\/iesdecelra\/wp-json\/wp\/v2\/tags?post=1023"}],"curies":[{"name":"wp","href":"https:\/\/api.w.org\/{rel}","templated":true}]}}