{"id":10191,"date":"2023-12-20T12:34:28","date_gmt":"2023-12-20T11:34:28","guid":{"rendered":"https:\/\/agora.xtec.cat\/iesdecelra\/?p=10191"},"modified":"2023-12-19T12:34:37","modified_gmt":"2023-12-19T11:34:37","slug":"christmas-cards-2","status":"publish","type":"post","link":"https:\/\/agora.xtec.cat\/iesdecelra\/cursos\/eso\/eso-2\/christmas-cards-2\/","title":{"rendered":"CHRISTMAS CARDS"},"content":{"rendered":"<p>Els alumnes de 2n ESO han preparat unes postals nadalenques ben especials a les classes d\u2019angl\u00e8s\u00a0com a activitat del projecte\u00a0<a href=\"https:\/\/sites.google.com\/xtec.cat\/englishtimegirones\/p%C3%A0gina-principal\" target=\"_blank\" rel=\"noopener\" data-saferedirecturl=\"https:\/\/www.google.com\/url?q=https:\/\/sites.google.com\/xtec.cat\/englishtimegirones\/p%25C3%25A0gina-principal&amp;source=gmail&amp;ust=1703070562909000&amp;usg=AOvVaw04JrcQTFJfjox8E3eogN0w\">English Time<\/a>\u00a0que estrenem aquest curs.\u00a0 Des de Celr\u00e0 hem fet arribar els nostres millors desitjos als alumnes de l&#8217;Institut de Cass\u00e0 de la Selva, qui tamb\u00e9 ens han enviat les seves felicitacions\u00a0de Nadal just abans de festes.<\/p>\n<p>Que es compleixin tots els vostres desitjos.<br \/>\n<i>Merry Christmas to you all!<\/i><\/p>\n<p><img loading=\"lazy\" decoding=\"async\" class=\"aligncenter size-full wp-image-10192\" src=\"https:\/\/agora.xtec.cat\/iesdecelra\/wp-content\/uploads\/usu1789\/2023\/12\/Postals.jpg\" alt=\"\" width=\"634\" height=\"664\" srcset=\"https:\/\/agora.xtec.cat\/iesdecelra\/wp-content\/uploads\/usu1789\/2023\/12\/Postals.jpg 634w, https:\/\/agora.xtec.cat\/iesdecelra\/wp-content\/uploads\/usu1789\/2023\/12\/Postals-286x300.jpg 286w\" sizes=\"auto, (max-width: 634px) 100vw, 634px\" \/><\/p>\n","protected":false},"excerpt":{"rendered":"<p>Els alumnes de 2n ESO han preparat unes postals nadalenques ben especials a les classes d\u2019angl\u00e8s\u00a0com a activitat del projecte\u00a0<a href=\"https:\/\/sites.google.com\/xtec.cat\/englishtimegirones\/p%C3%A0gina-principal\" target=\"_blank\" rel=\"noopener\" data-saferedirecturl=\"https:\/\/www.google.com\/url?q=https:\/\/sites.google.com\/xtec.cat\/englishtimegirones\/p%25C3%25A0gina-principal&amp;source=gmail&amp;ust=1703070562909000&amp;usg=AOvVaw04JrcQTFJfjox8E3eogN0w\">English Time<\/a>\u00a0que estrenem aquest curs.\u00a0 Des de Celr\u00e0 hem fet arribar els nostres millors desitjos als alumnes de l&#8217;Institut de Cass\u00e0 de&hellip;  <a href=\"https:\/\/agora.xtec.cat\/iesdecelra\/cursos\/eso\/eso-2\/christmas-cards-2\/\" title=\"Read CHRISTMAS CARDS\">Llegeix m\u00e9s\u00bb<\/a><\/p>\n","protected":false},"author":1,"featured_media":10193,"comment_status":"open","ping_status":"closed","sticky":false,"template":"","format":"standard","meta":{"_bbp_topic_count":0,"_bbp_reply_count":0,"_bbp_total_topic_count":0,"_bbp_total_reply_count":0,"_bbp_voice_count":0,"_bbp_anonymous_reply_count":0,"_bbp_topic_count_hidden":0,"_bbp_reply_count_hidden":0,"_bbp_forum_subforum_count":0,"footnotes":""},"categories":[103,5],"tags":[42,355,293,362],"class_list":["post-10191","post","type-post","status-publish","format-standard","has-post-thumbnail","hentry","category-actualitat","category-eso-2","tag-angles","tag-curs-2023-2024","tag-departament-de-llengues-estrangeres","tag-nadal"],"post_mailing_queue_ids":[],"_links":{"self":[{"href":"https:\/\/agora.xtec.cat\/iesdecelra\/wp-json\/wp\/v2\/posts\/10191","targetHints":{"allow":["GET"]}}],"collection":[{"href":"https:\/\/agora.xtec.cat\/iesdecelra\/wp-json\/wp\/v2\/posts"}],"about":[{"href":"https:\/\/agora.xtec.cat\/iesdecelra\/wp-json\/wp\/v2\/types\/post"}],"author":[{"embeddable":true,"href":"https:\/\/agora.xtec.cat\/iesdecelra\/wp-json\/wp\/v2\/users\/1"}],"replies":[{"embeddable":true,"href":"https:\/\/agora.xtec.cat\/iesdecelra\/wp-json\/wp\/v2\/comments?post=10191"}],"version-history":[{"count":1,"href":"https:\/\/agora.xtec.cat\/iesdecelra\/wp-json\/wp\/v2\/posts\/10191\/revisions"}],"predecessor-version":[{"id":10194,"href":"https:\/\/agora.xtec.cat\/iesdecelra\/wp-json\/wp\/v2\/posts\/10191\/revisions\/10194"}],"wp:featuredmedia":[{"embeddable":true,"href":"https:\/\/agora.xtec.cat\/iesdecelra\/wp-json\/wp\/v2\/media\/10193"}],"wp:attachment":[{"href":"https:\/\/agora.xtec.cat\/iesdecelra\/wp-json\/wp\/v2\/media?parent=10191"}],"wp:term":[{"taxonomy":"category","embeddable":true,"href":"https:\/\/agora.xtec.cat\/iesdecelra\/wp-json\/wp\/v2\/categories?post=10191"},{"taxonomy":"post_tag","embeddable":true,"href":"https:\/\/agora.xtec.cat\/iesdecelra\/wp-json\/wp\/v2\/tags?post=10191"}],"curies":[{"name":"wp","href":"https:\/\/api.w.org\/{rel}","templated":true}]}}