{"id":10142,"date":"2023-12-17T10:00:08","date_gmt":"2023-12-17T09:00:08","guid":{"rendered":"https:\/\/agora.xtec.cat\/iesdecelra\/?p=10142"},"modified":"2023-12-15T11:44:42","modified_gmt":"2023-12-15T10:44:42","slug":"taller-deducacio-financera","status":"publish","type":"post","link":"https:\/\/agora.xtec.cat\/iesdecelra\/cursos\/eso\/eso-4\/taller-deducacio-financera\/","title":{"rendered":"TALLER D&#8217;EDUCACI\u00d3 FINANCERA"},"content":{"rendered":"<p><span style=\"font-weight: 400;\">El dijous 14 de desembre els alumnes de 4t d\u2019ESO de l\u2019optativa d\u2019Economia van participar en un dels tallers organitzats per l\u2019Institut d\u2019Estudis Financers, el Departament d\u2019Ensenyament, la Vicepresid\u00e8ncia d\u2019Economia i Hisenda de la Generalitat i diferents entitats financeres.<\/span><\/p>\n<p><span style=\"font-weight: 400;\">L\u2019objectiu dels tallers \u00e9s formar als joves perqu\u00e8 prenguin decisions financeres amb coneixement, que tinguin millors compet\u00e8ncies per a poder gestionar i augmentar els estalvis i evitar episodis com l\u2019endeutament o l\u2019exclusi\u00f3 financera.<\/span><\/p>\n<p><span style=\"font-weight: 400;\">Aquests tallers de formaci\u00f3 financera b\u00e0sica i pr\u00e0ctica, s\u00f3n portats a terme per treballadors del sector bancari-financer (voluntaris) amb material dissenyat exclusivament per a aquest programa.<\/span><\/p>\n<p><span style=\"font-weight: 400;\">En concret, el taller on vam participar va ser: <\/span><b>\u201cAdministrant els teus diners\u201d.<\/b><\/p>\n<p><span style=\"font-weight: 400;\">El mes de febrer participarem en el taller: <\/span><b>\u201cEndeutar-se amb seny\u201d.<\/b><\/p>\n<p><span style=\"font-weight: 400;\">I el mes de mar\u00e7 participarem en el taller: <\/span><b>\u201cInversi\u00f3 intel\u00b7ligent\u201d.<\/b><\/p>\n<p style=\"text-align: center;\">\r\n\t<div class=\"slideshow_container slideshow_container_style-light\" style=\"height: 500px; \" data-slideshow-id=\"10148\" data-style-name=\"style-light\" data-style-version=\"2.3.1\" >\r\n\r\n\t\t\t\t\t<div class=\"slideshow_loading_icon\"><\/div>\r\n\t\t\r\n\t\t<div class=\"slideshow_content\" style=\"display: none;\">\r\n\r\n\t\t\t<div class=\"slideshow_view\">\r\n\t\t\t\t<div class=\"slideshow_slide slideshow_slide_image\">\r\n\t\t\t\t\t\t\t\t\t\t\t<img src=\"https:\/\/agora.xtec.cat\/iesdecelra\/wp-content\/uploads\/usu1789\/2023\/12\/IMG_3005-scaled.jpg\" alt=\"IMG_3005\" width=\"2560\" height=\"1920\" \/>\r\n\t\t\t\t\t\t\t\t\t\t<div class=\"slideshow_description_box slideshow_transparent\">\r\n\t\t\t\t\t\t<div class=\"slideshow_title\">IMG_3005<\/div>\t\t\t\t\t\t\t\t\t\t\t<\/div>\r\n\t\t\t\t<\/div>\r\n\r\n\t\t\t\t\t\t<div style=\"clear: both;\"><\/div><\/div><div class=\"slideshow_view\">\r\n\t\t\t\t<div class=\"slideshow_slide slideshow_slide_image\">\r\n\t\t\t\t\t\t\t\t\t\t\t<img src=\"https:\/\/agora.xtec.cat\/iesdecelra\/wp-content\/uploads\/usu1789\/2023\/12\/IMG_3007-scaled.jpg\" alt=\"IMG_3007\" width=\"2560\" height=\"1920\" \/>\r\n\t\t\t\t\t\t\t\t\t\t<div class=\"slideshow_description_box slideshow_transparent\">\r\n\t\t\t\t\t\t<div class=\"slideshow_title\">IMG_3007<\/div>\t\t\t\t\t\t\t\t\t\t\t<\/div>\r\n\t\t\t\t<\/div>\r\n\r\n\t\t\t\t\t\t<div style=\"clear: both;\"><\/div><\/div>\r\n\t\t<\/div>\r\n\r\n\t\t<div class=\"slideshow_controlPanel slideshow_transparent\" style=\"display: none;\"><ul><li class=\"slideshow_togglePlay\" data-play-text=\"Visualitza\" data-pause-text=\"Pausa\"><\/li><\/ul><\/div>\r\n\r\n\t\t<div class=\"slideshow_button slideshow_previous slideshow_transparent\" role=\"button\" data-previous-text=\"Anterior\" style=\"display: none;\"><\/div>\r\n\t\t<div class=\"slideshow_button slideshow_next slideshow_transparent\" role=\"button\" data-next-text=\"Seg\u00fcent\" style=\"display: none;\"><\/div>\r\n\r\n\t\t<div class=\"slideshow_pagination\" style=\"display: none;\" data-go-to-text=\"V\u00e9s a la diapositiva\"><div class=\"slideshow_pagination_center\"><\/div><\/div>\r\n\r\n\t\t<!-- WordPress Slideshow Version 2.3.1 -->\r\n\r\n\t\t\t<\/div>\r\n\r\n<\/p>\n","protected":false},"excerpt":{"rendered":"<p>El dijous 14 de desembre els alumnes de 4t d\u2019ESO de l\u2019optativa d\u2019Economia van participar en un dels tallers organitzats per l\u2019Institut d\u2019Estudis Financers, el Departament d\u2019Ensenyament, la Vicepresid\u00e8ncia d\u2019Economia i Hisenda de la Generalitat i diferents entitats financeres.<br \/>\nL\u2019objectiu dels tallers \u00e9s formar als joves&hellip;  <a href=\"https:\/\/agora.xtec.cat\/iesdecelra\/cursos\/eso\/eso-4\/taller-deducacio-financera\/\" title=\"Read TALLER D&#8217;EDUCACI\u00d3 FINANCERA\">Llegeix m\u00e9s\u00bb<\/a><\/p>\n","protected":false},"author":1,"featured_media":10146,"comment_status":"open","ping_status":"closed","sticky":false,"template":"","format":"standard","meta":{"_bbp_topic_count":0,"_bbp_reply_count":0,"_bbp_total_topic_count":0,"_bbp_total_reply_count":0,"_bbp_voice_count":0,"_bbp_anonymous_reply_count":0,"_bbp_topic_count_hidden":0,"_bbp_reply_count_hidden":0,"_bbp_forum_subforum_count":0,"footnotes":""},"categories":[103,7],"tags":[127,355,161],"class_list":["post-10142","post","type-post","status-publish","format-standard","has-post-thumbnail","hentry","category-actualitat","category-eso-4","tag-4t-deso","tag-curs-2023-2024","tag-economia"],"post_mailing_queue_ids":[],"_links":{"self":[{"href":"https:\/\/agora.xtec.cat\/iesdecelra\/wp-json\/wp\/v2\/posts\/10142","targetHints":{"allow":["GET"]}}],"collection":[{"href":"https:\/\/agora.xtec.cat\/iesdecelra\/wp-json\/wp\/v2\/posts"}],"about":[{"href":"https:\/\/agora.xtec.cat\/iesdecelra\/wp-json\/wp\/v2\/types\/post"}],"author":[{"embeddable":true,"href":"https:\/\/agora.xtec.cat\/iesdecelra\/wp-json\/wp\/v2\/users\/1"}],"replies":[{"embeddable":true,"href":"https:\/\/agora.xtec.cat\/iesdecelra\/wp-json\/wp\/v2\/comments?post=10142"}],"version-history":[{"count":3,"href":"https:\/\/agora.xtec.cat\/iesdecelra\/wp-json\/wp\/v2\/posts\/10142\/revisions"}],"predecessor-version":[{"id":10151,"href":"https:\/\/agora.xtec.cat\/iesdecelra\/wp-json\/wp\/v2\/posts\/10142\/revisions\/10151"}],"wp:featuredmedia":[{"embeddable":true,"href":"https:\/\/agora.xtec.cat\/iesdecelra\/wp-json\/wp\/v2\/media\/10146"}],"wp:attachment":[{"href":"https:\/\/agora.xtec.cat\/iesdecelra\/wp-json\/wp\/v2\/media?parent=10142"}],"wp:term":[{"taxonomy":"category","embeddable":true,"href":"https:\/\/agora.xtec.cat\/iesdecelra\/wp-json\/wp\/v2\/categories?post=10142"},{"taxonomy":"post_tag","embeddable":true,"href":"https:\/\/agora.xtec.cat\/iesdecelra\/wp-json\/wp\/v2\/tags?post=10142"}],"curies":[{"name":"wp","href":"https:\/\/api.w.org\/{rel}","templated":true}]}}