{"id":10020,"date":"2023-11-28T18:27:29","date_gmt":"2023-11-28T17:27:29","guid":{"rendered":"https:\/\/agora.xtec.cat\/iesdecelra\/?p=10020"},"modified":"2023-12-11T16:58:05","modified_gmt":"2023-12-11T15:58:05","slug":"visitem-la-cooperativa-el-rebost","status":"publish","type":"post","link":"https:\/\/agora.xtec.cat\/iesdecelra\/cursos\/eso\/eso-4\/visitem-la-cooperativa-el-rebost\/","title":{"rendered":"VISITEM LA COOPERATIVA EL REBOST"},"content":{"rendered":"<p>El 6 de novembre, els alumnes de 4t A vam visitar la cooperativa El rebost a Girona. A trav\u00e9s d&#8217;aquesta excursi\u00f3, vam con\u00e8ixer de prop el funcionament i l&#8217;organitzaci\u00f3 d&#8217;una cooperativa, gr\u00e0cies a l&#8217;amabilitat i ensenyament de la gent de la Cooperativa El Rebost. Va ser una experi\u00e8ncia enriquidora que ens va mostrar la import\u00e0ncia de la col\u00b7laboraci\u00f3 i la solidaritat en el m\u00f3n empresarial. Volem expressar el nostre sincer agra\u00efment per haver tingut aquesta oportunitat d&#8217;aprendre de manera pr\u00e0ctica i veure com es gestionen aquest tipus d&#8217;entitats.<\/p>\n<p><img loading=\"lazy\" decoding=\"async\" class=\"aligncenter wp-image-10022\" src=\"https:\/\/agora.xtec.cat\/iesdecelra\/wp-content\/uploads\/usu1789\/2023\/11\/El-rebost.jpg\" alt=\"\" width=\"1077\" height=\"416\" srcset=\"https:\/\/agora.xtec.cat\/iesdecelra\/wp-content\/uploads\/usu1789\/2023\/11\/El-rebost.jpg 1371w, https:\/\/agora.xtec.cat\/iesdecelra\/wp-content\/uploads\/usu1789\/2023\/11\/El-rebost-300x116.jpg 300w, https:\/\/agora.xtec.cat\/iesdecelra\/wp-content\/uploads\/usu1789\/2023\/11\/El-rebost-1024x395.jpg 1024w, https:\/\/agora.xtec.cat\/iesdecelra\/wp-content\/uploads\/usu1789\/2023\/11\/El-rebost-768x296.jpg 768w\" sizes=\"auto, (max-width: 1077px) 100vw, 1077px\" \/><\/p>\n<p>Els alumnes de 4tA.<\/p>\n","protected":false},"excerpt":{"rendered":"<p>El 6 de novembre, els alumnes de 4t A vam visitar la cooperativa El rebost a Girona. A trav\u00e9s d&#8217;aquesta excursi\u00f3, vam con\u00e8ixer de prop el funcionament i l&#8217;organitzaci\u00f3 d&#8217;una cooperativa, gr\u00e0cies a l&#8217;amabilitat i ensenyament de la gent de la Cooperativa El Rebost. Va&hellip;  <a href=\"https:\/\/agora.xtec.cat\/iesdecelra\/cursos\/eso\/eso-4\/visitem-la-cooperativa-el-rebost\/\" title=\"Read VISITEM LA COOPERATIVA EL REBOST\">Llegeix m\u00e9s\u00bb<\/a><\/p>\n","protected":false},"author":1,"featured_media":10022,"comment_status":"open","ping_status":"closed","sticky":false,"template":"","format":"standard","meta":{"_bbp_topic_count":0,"_bbp_reply_count":0,"_bbp_total_topic_count":0,"_bbp_total_reply_count":0,"_bbp_voice_count":0,"_bbp_anonymous_reply_count":0,"_bbp_topic_count_hidden":0,"_bbp_reply_count_hidden":0,"_bbp_forum_subforum_count":0,"footnotes":""},"categories":[103,347,7],"tags":[179,355],"class_list":["post-10020","post","type-post","status-publish","format-standard","has-post-thumbnail","hentry","category-actualitat","category-cooperativa","category-eso-4","tag-cooperativa","tag-curs-2023-2024"],"post_mailing_queue_ids":[],"_links":{"self":[{"href":"https:\/\/agora.xtec.cat\/iesdecelra\/wp-json\/wp\/v2\/posts\/10020","targetHints":{"allow":["GET"]}}],"collection":[{"href":"https:\/\/agora.xtec.cat\/iesdecelra\/wp-json\/wp\/v2\/posts"}],"about":[{"href":"https:\/\/agora.xtec.cat\/iesdecelra\/wp-json\/wp\/v2\/types\/post"}],"author":[{"embeddable":true,"href":"https:\/\/agora.xtec.cat\/iesdecelra\/wp-json\/wp\/v2\/users\/1"}],"replies":[{"embeddable":true,"href":"https:\/\/agora.xtec.cat\/iesdecelra\/wp-json\/wp\/v2\/comments?post=10020"}],"version-history":[{"count":2,"href":"https:\/\/agora.xtec.cat\/iesdecelra\/wp-json\/wp\/v2\/posts\/10020\/revisions"}],"predecessor-version":[{"id":10023,"href":"https:\/\/agora.xtec.cat\/iesdecelra\/wp-json\/wp\/v2\/posts\/10020\/revisions\/10023"}],"wp:featuredmedia":[{"embeddable":true,"href":"https:\/\/agora.xtec.cat\/iesdecelra\/wp-json\/wp\/v2\/media\/10022"}],"wp:attachment":[{"href":"https:\/\/agora.xtec.cat\/iesdecelra\/wp-json\/wp\/v2\/media?parent=10020"}],"wp:term":[{"taxonomy":"category","embeddable":true,"href":"https:\/\/agora.xtec.cat\/iesdecelra\/wp-json\/wp\/v2\/categories?post=10020"},{"taxonomy":"post_tag","embeddable":true,"href":"https:\/\/agora.xtec.cat\/iesdecelra\/wp-json\/wp\/v2\/tags?post=10020"}],"curies":[{"name":"wp","href":"https:\/\/api.w.org\/{rel}","templated":true}]}}