{"id":1001,"date":"2018-10-18T14:34:14","date_gmt":"2018-10-18T12:34:14","guid":{"rendered":"http:\/\/agora.xtec.cat\/iesdecelra\/?p=1001"},"modified":"2018-10-23T09:51:01","modified_gmt":"2018-10-23T07:51:01","slug":"presentem-la-bibilioteca-a-1r-deso","status":"publish","type":"post","link":"https:\/\/agora.xtec.cat\/iesdecelra\/cursos\/eso\/eso-1\/presentem-la-bibilioteca-a-1r-deso\/","title":{"rendered":"PRESENTEM LA BIBILIOTECA A 1r d&#8217;ESO"},"content":{"rendered":"<p>C<a href=\"https:\/\/agora.xtec.cat\/iesdecelra\/wp-content\/uploads\/usu1789\/2018\/10\/biblioteca.jpg\"><img loading=\"lazy\" decoding=\"async\" class=\"wp-image-1009 alignright\" src=\"https:\/\/agora.xtec.cat\/iesdecelra\/wp-content\/uploads\/usu1789\/2018\/10\/biblioteca.jpg\" alt=\"\" width=\"505\" height=\"379\" \/><\/a>on\u00e8ixer la biblioteca de l&#8217;institut, els recursos que ofereix, l&#8217;horari, com funciona el servei de pr\u00e9stec, etc. s\u00f3n alguns del aspectes que la Ta\u00efs Pla, una de les dues bibliotec\u00e0ries del nostre centre, ha presentat a tots els alumnes de 1r d&#8217;ESO durant aquesta setmana.<\/p>\n<p align=\"justify\">La biblioteca t\u00e9 com a objectiu esdevenir un espai viu i \u00fatil per a tots els membres de l\u2019institut i que, a m\u00e9s de ser un espai per estudiar i fer deures, tamb\u00e9 vol convidar a la lectura, al foment de la lectura, al descobriment de novetats editorials, de c\u00f2mics, revistes, etc.<\/p>\n<p>Sabeu que podeu consultar el cat\u00e0leg de la biblioteca a trav\u00e9s d&#8217;aquest web, a l&#8217;apartat de Biblioteca del Men\u00fa principal. O b\u00e9 entrant directament a l&#8217;enlla\u00e7:<\/p>\n<p><a href=\"https:\/\/aplicacions.gestioeducativa.gencat.cat\/epergam\/web\/biblioteca.jsp?codi=17006708\">https:\/\/aplicacions.gestioeducativa.gencat.cat\/epergam\/web\/biblioteca.jsp?codi=17006708<\/a><\/p>\n<p>&nbsp;<\/p>\n<p>&nbsp;<\/p>\n<p>&nbsp;<\/p>\n","protected":false},"excerpt":{"rendered":"<p>C<a href=\"https:\/\/agora.xtec.cat\/iesdecelra\/wp-content\/uploads\/usu1789\/2018\/10\/biblioteca.jpg\"><\/a>on\u00e8ixer la biblioteca de l&#8217;institut, els recursos que ofereix, l&#8217;horari, com funciona el servei de pr\u00e9stec, etc. s\u00f3n alguns del aspectes que la Ta\u00efs Pla, una de les dues bibliotec\u00e0ries del nostre centre, ha presentat a tots els alumnes de 1r d&#8217;ESO durant aquesta&hellip;  <a href=\"https:\/\/agora.xtec.cat\/iesdecelra\/cursos\/eso\/eso-1\/presentem-la-bibilioteca-a-1r-deso\/\" title=\"Read PRESENTEM LA BIBILIOTECA A 1r d&#8217;ESO\">Llegeix m\u00e9s\u00bb<\/a><\/p>\n","protected":false},"author":1,"featured_media":1007,"comment_status":"open","ping_status":"closed","sticky":false,"template":"","format":"standard","meta":{"_bbp_topic_count":0,"_bbp_reply_count":0,"_bbp_total_topic_count":0,"_bbp_total_reply_count":0,"_bbp_voice_count":0,"_bbp_anonymous_reply_count":0,"_bbp_topic_count_hidden":0,"_bbp_reply_count_hidden":0,"_bbp_forum_subforum_count":0,"footnotes":""},"categories":[4],"tags":[120,130,117],"class_list":["post-1001","post","type-post","status-publish","format-standard","has-post-thumbnail","hentry","category-eso-1","tag-1r-deso","tag-biblioteca","tag-curs-2018-2019"],"post_mailing_queue_ids":[],"_links":{"self":[{"href":"https:\/\/agora.xtec.cat\/iesdecelra\/wp-json\/wp\/v2\/posts\/1001","targetHints":{"allow":["GET"]}}],"collection":[{"href":"https:\/\/agora.xtec.cat\/iesdecelra\/wp-json\/wp\/v2\/posts"}],"about":[{"href":"https:\/\/agora.xtec.cat\/iesdecelra\/wp-json\/wp\/v2\/types\/post"}],"author":[{"embeddable":true,"href":"https:\/\/agora.xtec.cat\/iesdecelra\/wp-json\/wp\/v2\/users\/1"}],"replies":[{"embeddable":true,"href":"https:\/\/agora.xtec.cat\/iesdecelra\/wp-json\/wp\/v2\/comments?post=1001"}],"version-history":[{"count":2,"href":"https:\/\/agora.xtec.cat\/iesdecelra\/wp-json\/wp\/v2\/posts\/1001\/revisions"}],"predecessor-version":[{"id":1016,"href":"https:\/\/agora.xtec.cat\/iesdecelra\/wp-json\/wp\/v2\/posts\/1001\/revisions\/1016"}],"wp:featuredmedia":[{"embeddable":true,"href":"https:\/\/agora.xtec.cat\/iesdecelra\/wp-json\/wp\/v2\/media\/1007"}],"wp:attachment":[{"href":"https:\/\/agora.xtec.cat\/iesdecelra\/wp-json\/wp\/v2\/media?parent=1001"}],"wp:term":[{"taxonomy":"category","embeddable":true,"href":"https:\/\/agora.xtec.cat\/iesdecelra\/wp-json\/wp\/v2\/categories?post=1001"},{"taxonomy":"post_tag","embeddable":true,"href":"https:\/\/agora.xtec.cat\/iesdecelra\/wp-json\/wp\/v2\/tags?post=1001"}],"curies":[{"name":"wp","href":"https:\/\/api.w.org\/{rel}","templated":true}]}}