{"id":345,"count":31,"description":"Des del setembre de 2022 l'Institut de Celr\u00e0 t\u00e9 el reconeixement d'Escola Verda que atorga el Departament d'Educaci\u00f3 i del Departament d'Acci\u00f3 Clim\u00e0tica, alimentaci\u00f3 i Agenda Rural i que \u00e9s v\u00e0lid per quatre anys.\r\n\r\nAix\u00f2 ens compromet a dur a terme accions per sensibilitzar i fomentar\u00a0la sostenibilitat de tota la comunitat educativa. Tenim molta feina a fer!\r\n\r\nDe moment ja tenim un Skamot Verd que ha comen\u00e7at a treballar!!!","link":"https:\/\/agora.xtec.cat\/iesdecelra\/categoria\/projectes-de-centre\/escola-verda\/","name":"Escola verda","slug":"escola-verda","taxonomy":"category","parent":325,"meta":[],"_links":{"self":[{"href":"https:\/\/agora.xtec.cat\/iesdecelra\/wp-json\/wp\/v2\/categories\/345","targetHints":{"allow":["GET"]}}],"collection":[{"href":"https:\/\/agora.xtec.cat\/iesdecelra\/wp-json\/wp\/v2\/categories"}],"about":[{"href":"https:\/\/agora.xtec.cat\/iesdecelra\/wp-json\/wp\/v2\/taxonomies\/category"}],"up":[{"embeddable":true,"href":"https:\/\/agora.xtec.cat\/iesdecelra\/wp-json\/wp\/v2\/categories\/325"}],"wp:post_type":[{"href":"https:\/\/agora.xtec.cat\/iesdecelra\/wp-json\/wp\/v2\/posts?categories=345"}],"curies":[{"name":"wp","href":"https:\/\/api.w.org\/{rel}","templated":true}]}}