{"id":299,"count":68,"description":"<div class=\"row\" style=\"margin-bottom: 1em !important;\">\r\n<div class=\"small-12 large-6 text-center columns\">\r\n<h3>inSTEAM Celr\u00e0<\/h3>\r\n<p style=\"margin-bottom: 0.2em;\">\u201cInSTEAM Celr\u00e0\u201d \u00e9s una iniciativa d\u2019un grup de professors de l\u2019INS de Celr\u00e0 per introduir una mirada STEAM en l\u2019aprenentatge del nostre alumnat. Creiem que treballar les ci\u00e8ncies, les matem\u00e0tiques, la tecnologia i les arts permet aprofundir en l\u2019aprenentatge competencial, un treball municipal en xarxa, despertar un esperit cr\u00edtic i de transformaci\u00f3 social i potenciar les vocacions cientificotecnol\u00f2giques (sobretot entre les dones).<\/p>\r\n<a href=\"http:\/\/www.globalgoals.org\/1-no-poverty\">M\u00e9s informaci\u00f3<\/a>\r\n\r\n<\/div>\r\n<div class=\"small-12 large-6 text-center columns\">\r\n\r\n&nbsp;\r\n<h3>FAIG<\/h3>\r\n<p style=\"margin-bottom: 0.2em;\">El curs 2023-24 l\u2019Institut de Celr\u00e0 ha entrat a formar part del programa experimental FAIG que dona suport a la innovaci\u00f3 educativa en centres que desenvolupen metodologies actives d\u2019aprenentatge, a trav\u00e9s de les quals infants i joves esdevenen agents clau per reimaginar el m\u00f3n envers la just\u00edcia global.<\/p>\r\n<a href=\"https:\/\/serveiseducatius.xtec.cat\/cesire\/faig-fent-per-aprendre-imaginant-globalment\/\">M\u00e9s informaci\u00f3<\/a>\r\n\r\n<img class=\"aligncenter size-full wp-image-11188\" src=\"https:\/\/agora.xtec.cat\/iesdecelra\/wp-content\/uploads\/usu1789\/2024\/09\/FAIG_logo-blanc.png\" alt=\"\" width=\"356\" height=\"142\" \/>\r\n\r\n<\/div>\r\n<\/div>\r\nEls nostres objectius s\u00f3n:\r\n\r\n<span style=\"font-size: 12pt;\">1. Millorar les compet\u00e8ncies cient\u00edfiques i tecnol\u00f2giques de l'alumnat.<\/span>\r\n\r\n<span style=\"font-size: 12pt;\">2. Alimentar les vocacions STEM<\/span>\r\n\r\n<span style=\"font-size: 12pt;\">3. Introduir l'\u00fas de les noves metodologies<\/span>\r\n\r\n<span style=\"font-size: 12pt;\">4. Promoure l'equitat donant visibilitat i rellev\u00e0ncia als models femenins en el camp de la ci\u00e8ncia.<\/span>\r\n\r\n<span style=\"font-size: 12pt;\">5. Aprendre en contextos reals i projectar-los a fora.<\/span>\r\n\r\n<span style=\"font-size: 12pt;\">6. Crear vincles amb les empreses locals i amb familiars vinculant-los a les activitats STEM.<\/span>\r\n\r\n<span style=\"font-size: 12pt;\">7. Donar una dimensi\u00f3 europea a l'institut buscant la modernitzaci\u00f3 i la cooperaci\u00f3 internacional.<\/span>","link":"https:\/\/agora.xtec.cat\/iesdecelra\/categoria\/projectes-de-centre\/insteam\/","name":"inSTEAM","slug":"insteam","taxonomy":"category","parent":325,"meta":[],"_links":{"self":[{"href":"https:\/\/agora.xtec.cat\/iesdecelra\/wp-json\/wp\/v2\/categories\/299","targetHints":{"allow":["GET"]}}],"collection":[{"href":"https:\/\/agora.xtec.cat\/iesdecelra\/wp-json\/wp\/v2\/categories"}],"about":[{"href":"https:\/\/agora.xtec.cat\/iesdecelra\/wp-json\/wp\/v2\/taxonomies\/category"}],"up":[{"embeddable":true,"href":"https:\/\/agora.xtec.cat\/iesdecelra\/wp-json\/wp\/v2\/categories\/325"}],"wp:post_type":[{"href":"https:\/\/agora.xtec.cat\/iesdecelra\/wp-json\/wp\/v2\/posts?categories=299"}],"curies":[{"name":"wp","href":"https:\/\/api.w.org\/{rel}","templated":true}]}}