{"id":296,"count":2,"description":"<h6 align=\"left\"><span style=\"font-size: medium;\"><b>Qu\u00e8 \u00e9s el Servei de Mediaci\u00f3 de l\u2019Ins de Celr\u00e0?<\/b><\/span><\/h6>\r\n<p align=\"left\">\u00c9s un espai on es pot parlar de forma estructurada i respectuosa per tal d\u2019arribar a entendre qu\u00e8 ha passat, com ens sentim i qu\u00e8 necessitem. La finalitat \u00e9s trobar camins de conviv\u00e8ncia en el centre.<\/p>\r\n\r\n<h6 align=\"justify\"><span style=\"font-size: medium;\"><b>Qu\u00e8 \u00e9s la MEDIACI\u00d3?<\/b><\/span><\/h6>\r\n<p align=\"justify\">La mediaci\u00f3 \u00e9s una manera pac\u00edfica de resoldre conflictes, on l\u2019alumnat conversa per tal trobar un cam\u00ed de conviv\u00e8ncia en el centre.<\/p>\r\n<p align=\"justify\">En la mediaci\u00f3 participa, a m\u00e9s de l\u2019alumnat implicat en el conflicte, una tercera persona: l'alumne\/a mediador\/a, que facilitar\u00e0 que aquesta feina es faci b\u00e9, \u00e9s a dir, a cooperar, a comunicar-se... perqu\u00e8 es pactin decisions que siguin justes i satisfact\u00f2ries per a tots. I, si m\u00e9s no, poder millorar la relaci\u00f3 entre l\u2019alumnat.<\/p>\r\n\r\n<h6 align=\"justify\"><span style=\"font-size: medium;\"><b>Qu\u00e8 cal fer per demanar ajuda al del Servei de MEDIACI\u00d3?<\/b><\/span><\/h6>\r\n<p align=\"justify\">L\u2019alumnat pot parlar amb el seu tutor\/a, ell\/a valorar\u00e0 la situaci\u00f3 i far\u00e0 la demanda al Servei de Mediaci\u00f3.<\/p>\r\n<p align=\"justify\">La Coordinadora del SdM contactar\u00e0 amb l\u2019alumnat mediador i aquests es posaran en contacte amb qui hagi demanat el servei per concretar dia i hora i per tal de fer el seguiment.<\/p>\r\n<p align=\"justify\">Tamb\u00e9 el professorat pot demanar ajuda al Servei de Mediaci\u00f3.<\/p>\r\n\r\n<h6 align=\"justify\"><span style=\"font-size: medium;\"><b>Contactes del Servei de Mediaci\u00f3<\/b><\/span><\/h6>\r\n<p align=\"justify\">La Coordinadora del Servei de Mediaci\u00f3 \u00e9s la N\u00faria Orts Gil (<a href=\"mailto:nuriaorts@iesdcelra.cat\"><span style=\"color: #1155cc;\"><u>nuriaorts@iesdecelra.cat<\/u><\/span><\/a>).<\/p>\r\n<p align=\"justify\">El correu del Servei de Mediaci\u00f3 \u00e9s mediacio@iesdecelra.cat.<\/p>\r\n<p align=\"justify\"><\/p>","link":"https:\/\/agora.xtec.cat\/iesdecelra\/categoria\/projectes-de-centre\/servei-de-mediacio\/","name":"Servei de mediaci\u00f3","slug":"servei-de-mediacio","taxonomy":"category","parent":325,"meta":[],"_links":{"self":[{"href":"https:\/\/agora.xtec.cat\/iesdecelra\/wp-json\/wp\/v2\/categories\/296","targetHints":{"allow":["GET"]}}],"collection":[{"href":"https:\/\/agora.xtec.cat\/iesdecelra\/wp-json\/wp\/v2\/categories"}],"about":[{"href":"https:\/\/agora.xtec.cat\/iesdecelra\/wp-json\/wp\/v2\/taxonomies\/category"}],"up":[{"embeddable":true,"href":"https:\/\/agora.xtec.cat\/iesdecelra\/wp-json\/wp\/v2\/categories\/325"}],"wp:post_type":[{"href":"https:\/\/agora.xtec.cat\/iesdecelra\/wp-json\/wp\/v2\/posts?categories=296"}],"curies":[{"name":"wp","href":"https:\/\/api.w.org\/{rel}","templated":true}]}}