{"id":890,"date":"2024-03-18T19:48:26","date_gmt":"2024-03-18T18:48:26","guid":{"rendered":"https:\/\/agora.xtec.cat\/iesdauro\/?p=890"},"modified":"2024-03-18T19:48:26","modified_gmt":"2024-03-18T18:48:26","slug":"visita-al-salo-de-lensenyament","status":"publish","type":"post","link":"https:\/\/agora.xtec.cat\/iesdauro\/portada\/visita-al-salo-de-lensenyament\/","title":{"rendered":"Visita al Sal\u00f3 de l&#8217;Ensenyament"},"content":{"rendered":"<p style=\"text-align: justify;\">El passat dijous 14 de mar\u00e7 els alumnes de 1r de batxillerat van fer una sortida a Barcelona per visitar el Sal\u00f3 de l&#8217;Ensenyament. En aquesta visita van poder con\u00e8ixer de primera m\u00e0 les ofertes d&#8217;universitats (p\u00fabliques i privades), tamb\u00e9 de Cicles Formatius (tant de grau mitj\u00e0 com de grau superior) i, finalment, totes les possibilitats i novetats en mat\u00e8ria educativa.<\/p>\n<p style=\"text-align: justify;\">Ara els nostres alumnes ja tenen una visi\u00f3 m\u00e9s acurada de totes les portes que se&#8217;ls poden obrir, tant pel que fa a l&#8217;oferta d&#8217;estudis com d&#8217;altres possibilitats educatives.<\/p>\n<p><a href=\"https:\/\/agora.xtec.cat\/iesdauro\/wp-content\/uploads\/usu2955\/2024\/03\/salo-ok.jpg\"><img loading=\"lazy\" decoding=\"async\" class=\" wp-image-893 aligncenter\" src=\"https:\/\/agora.xtec.cat\/iesdauro\/wp-content\/uploads\/usu2955\/2024\/03\/salo-ok.jpg\" alt=\"\" width=\"763\" height=\"572\" srcset=\"https:\/\/agora.xtec.cat\/iesdauro\/wp-content\/uploads\/usu2955\/2024\/03\/salo-ok.jpg 1024w, https:\/\/agora.xtec.cat\/iesdauro\/wp-content\/uploads\/usu2955\/2024\/03\/salo-ok-300x225.jpg 300w, https:\/\/agora.xtec.cat\/iesdauro\/wp-content\/uploads\/usu2955\/2024\/03\/salo-ok-768x576.jpg 768w, https:\/\/agora.xtec.cat\/iesdauro\/wp-content\/uploads\/usu2955\/2024\/03\/salo-ok-200x150.jpg 200w\" sizes=\"auto, (max-width: 763px) 100vw, 763px\" \/><\/a><\/p>\n","protected":false},"excerpt":{"rendered":"<p>El passat dijous 14 de mar\u00e7 els alumnes de 1r de batxillerat van fer una sortida a Barcelona per visitar el Sal\u00f3 de l&#8217;Ensenyament. En aquesta visita van poder con\u00e8ixer de primera m\u00e0 les ofertes d&#8217;universitats (p\u00fabliques i privades), tamb\u00e9 de Cicles Formatius (tant de grau mitj\u00e0 com de grau superior) i, finalment, totes les possibilitats i novetats en mat\u00e8ria educativa.<\/p>\n<p>Ara els nostres alumnes ja tenen una visi\u00f3 m\u00e9s acurada de totes les portes que se&#8217;ls poden obrir, tant pel que fa a l&#8217;oferta d&#8217;estudis com d&#8217;altres possibilitats educatives.<\/p>\n","protected":false},"author":1,"featured_media":893,"comment_status":"open","ping_status":"closed","sticky":false,"template":"","format":"standard","meta":{"_bbp_topic_count":0,"_bbp_reply_count":0,"_bbp_total_topic_count":0,"_bbp_total_reply_count":0,"_bbp_voice_count":0,"_bbp_anonymous_reply_count":0,"_bbp_topic_count_hidden":0,"_bbp_reply_count_hidden":0,"_bbp_forum_subforum_count":0,"site-sidebar-layout":"default","site-content-layout":"","ast-site-content-layout":"","site-content-style":"default","site-sidebar-style":"default","ast-global-header-display":"","ast-banner-title-visibility":"","ast-main-header-display":"","ast-hfb-above-header-display":"","ast-hfb-below-header-display":"","ast-hfb-mobile-header-display":"","site-post-title":"","ast-breadcrumbs-content":"","ast-featured-img":"","footer-sml-layout":"","theme-transparent-header-meta":"","adv-header-id-meta":"","stick-header-meta":"","header-above-stick-meta":"","header-main-stick-meta":"","header-below-stick-meta":"","astra-migrate-meta-layouts":"default","ast-page-background-enabled":"default","ast-page-background-meta":{"desktop":{"background-color":"var(--ast-global-color-4)","background-image":"","background-repeat":"repeat","background-position":"center center","background-size":"auto","background-attachment":"scroll","background-type":"","background-media":"","overlay-type":"","overlay-color":"","overlay-opacity":"","overlay-gradient":""},"tablet":{"background-color":"","background-image":"","background-repeat":"repeat","background-position":"center center","background-size":"auto","background-attachment":"scroll","background-type":"","background-media":"","overlay-type":"","overlay-color":"","overlay-opacity":"","overlay-gradient":""},"mobile":{"background-color":"","background-image":"","background-repeat":"repeat","background-position":"center center","background-size":"auto","background-attachment":"scroll","background-type":"","background-media":"","overlay-type":"","overlay-color":"","overlay-opacity":"","overlay-gradient":""}},"ast-content-background-meta":{"desktop":{"background-color":"var(--ast-global-color-5)","background-image":"","background-repeat":"repeat","background-position":"center center","background-size":"auto","background-attachment":"scroll","background-type":"","background-media":"","overlay-type":"","overlay-color":"","overlay-opacity":"","overlay-gradient":""},"tablet":{"background-color":"var(--ast-global-color-5)","background-image":"","background-repeat":"repeat","background-position":"center center","background-size":"auto","background-attachment":"scroll","background-type":"","background-media":"","overlay-type":"","overlay-color":"","overlay-opacity":"","overlay-gradient":""},"mobile":{"background-color":"var(--ast-global-color-5)","background-image":"","background-repeat":"repeat","background-position":"center center","background-size":"auto","background-attachment":"scroll","background-type":"","background-media":"","overlay-type":"","overlay-color":"","overlay-opacity":"","overlay-gradient":""}},"footnotes":""},"categories":[138,147,29],"tags":[152],"class_list":["post-890","post","type-post","status-publish","format-standard","has-post-thumbnail","hentry","category-1bat","category-orientacio-educativa","category-portada","tag-tutoria"],"post_mailing_queue_ids":[],"_links":{"self":[{"href":"https:\/\/agora.xtec.cat\/iesdauro\/wp-json\/wp\/v2\/posts\/890","targetHints":{"allow":["GET"]}}],"collection":[{"href":"https:\/\/agora.xtec.cat\/iesdauro\/wp-json\/wp\/v2\/posts"}],"about":[{"href":"https:\/\/agora.xtec.cat\/iesdauro\/wp-json\/wp\/v2\/types\/post"}],"author":[{"embeddable":true,"href":"https:\/\/agora.xtec.cat\/iesdauro\/wp-json\/wp\/v2\/users\/1"}],"replies":[{"embeddable":true,"href":"https:\/\/agora.xtec.cat\/iesdauro\/wp-json\/wp\/v2\/comments?post=890"}],"version-history":[{"count":2,"href":"https:\/\/agora.xtec.cat\/iesdauro\/wp-json\/wp\/v2\/posts\/890\/revisions"}],"predecessor-version":[{"id":894,"href":"https:\/\/agora.xtec.cat\/iesdauro\/wp-json\/wp\/v2\/posts\/890\/revisions\/894"}],"wp:featuredmedia":[{"embeddable":true,"href":"https:\/\/agora.xtec.cat\/iesdauro\/wp-json\/wp\/v2\/media\/893"}],"wp:attachment":[{"href":"https:\/\/agora.xtec.cat\/iesdauro\/wp-json\/wp\/v2\/media?parent=890"}],"wp:term":[{"taxonomy":"category","embeddable":true,"href":"https:\/\/agora.xtec.cat\/iesdauro\/wp-json\/wp\/v2\/categories?post=890"},{"taxonomy":"post_tag","embeddable":true,"href":"https:\/\/agora.xtec.cat\/iesdauro\/wp-json\/wp\/v2\/tags?post=890"}],"curies":[{"name":"wp","href":"https:\/\/api.w.org\/{rel}","templated":true}]}}