{"id":819,"date":"2024-03-11T09:00:15","date_gmt":"2024-03-11T08:00:15","guid":{"rendered":"https:\/\/agora.xtec.cat\/iesdauro\/?p=819"},"modified":"2024-03-11T09:00:15","modified_gmt":"2024-03-11T08:00:15","slug":"et-canses-descoltar-ho-nosaltres-de-viure-ho","status":"publish","type":"post","link":"https:\/\/agora.xtec.cat\/iesdauro\/portada\/et-canses-descoltar-ho-nosaltres-de-viure-ho\/","title":{"rendered":"ET CANSES D&#8217;ESCOLTAR-HO? NOSALTRES, DE VIURE-HO!"},"content":{"rendered":"<p style=\"text-align: justify;\"><i>Amb motiu del Dia Internacional de la Dona, 8 de mar\u00e7, des de la comissi\u00f3 de coeducaci\u00f3 es va organitzar i dinamitzar un concurs de p\u00f2sters per als alumnes d&#8217;ESO i de Batxillerat. Els finalistes veuran el disseny impr\u00e8s\u00a0a les agendes del curs vinent i hem convertit el p\u00f2ster guanyador en un gran mural al pati per tal de deixar petjada i fer d&#8217;aquesta jornada un acte significatiu.<\/i><\/p>\n<p><a href=\"https:\/\/agora.xtec.cat\/iesdauro\/wp-content\/uploads\/usu2955\/2024\/03\/IMG_9495.jpg\"><img loading=\"lazy\" decoding=\"async\" class=\" wp-image-820 aligncenter\" src=\"https:\/\/agora.xtec.cat\/iesdauro\/wp-content\/uploads\/usu2955\/2024\/03\/IMG_9495.jpg\" alt=\"\" width=\"521\" height=\"695\" srcset=\"https:\/\/agora.xtec.cat\/iesdauro\/wp-content\/uploads\/usu2955\/2024\/03\/IMG_9495.jpg 768w, https:\/\/agora.xtec.cat\/iesdauro\/wp-content\/uploads\/usu2955\/2024\/03\/IMG_9495-225x300.jpg 225w\" sizes=\"auto, (max-width: 521px) 100vw, 521px\" \/><\/a> <a href=\"https:\/\/agora.xtec.cat\/iesdauro\/wp-content\/uploads\/usu2955\/2024\/03\/IMG_9496.jpg\"><img loading=\"lazy\" decoding=\"async\" class=\"wp-image-821 aligncenter\" src=\"https:\/\/agora.xtec.cat\/iesdauro\/wp-content\/uploads\/usu2955\/2024\/03\/IMG_9496.jpg\" alt=\"\" width=\"848\" height=\"636\" srcset=\"https:\/\/agora.xtec.cat\/iesdauro\/wp-content\/uploads\/usu2955\/2024\/03\/IMG_9496.jpg 1024w, https:\/\/agora.xtec.cat\/iesdauro\/wp-content\/uploads\/usu2955\/2024\/03\/IMG_9496-300x225.jpg 300w, https:\/\/agora.xtec.cat\/iesdauro\/wp-content\/uploads\/usu2955\/2024\/03\/IMG_9496-768x576.jpg 768w, https:\/\/agora.xtec.cat\/iesdauro\/wp-content\/uploads\/usu2955\/2024\/03\/IMG_9496-200x150.jpg 200w\" sizes=\"auto, (max-width: 848px) 100vw, 848px\" \/><\/a><\/p>\n","protected":false},"excerpt":{"rendered":"<p>Amb motiu del Dia Internacional de la Dona, 8 de mar\u00e7, des de la comissi\u00f3 de coeducaci\u00f3 es va organitzar i dinamitzar un concurs de p\u00f2sters per als alumnes d&#8217;ESO i de Batxillerat. Els finalistes veuran el disseny impr\u00e8s\u00a0a les agendes del curs vinent i hem convertit el p\u00f2ster guanyador en un gran mural al pati per tal de deixar petjada i fer d&#8217;aquesta jornada un acte significatiu.<\/p>\n","protected":false},"author":1,"featured_media":821,"comment_status":"open","ping_status":"closed","sticky":false,"template":"","format":"standard","meta":{"_bbp_topic_count":0,"_bbp_reply_count":0,"_bbp_total_topic_count":0,"_bbp_total_reply_count":0,"_bbp_voice_count":0,"_bbp_anonymous_reply_count":0,"_bbp_topic_count_hidden":0,"_bbp_reply_count_hidden":0,"_bbp_forum_subforum_count":0,"site-sidebar-layout":"default","site-content-layout":"","ast-site-content-layout":"","site-content-style":"default","site-sidebar-style":"default","ast-global-header-display":"","ast-banner-title-visibility":"","ast-main-header-display":"","ast-hfb-above-header-display":"","ast-hfb-below-header-display":"","ast-hfb-mobile-header-display":"","site-post-title":"","ast-breadcrumbs-content":"","ast-featured-img":"","footer-sml-layout":"","theme-transparent-header-meta":"","adv-header-id-meta":"","stick-header-meta":"","header-above-stick-meta":"","header-main-stick-meta":"","header-below-stick-meta":"","astra-migrate-meta-layouts":"default","ast-page-background-enabled":"default","ast-page-background-meta":{"desktop":{"background-color":"var(--ast-global-color-4)","background-image":"","background-repeat":"repeat","background-position":"center center","background-size":"auto","background-attachment":"scroll","background-type":"","background-media":"","overlay-type":"","overlay-color":"","overlay-opacity":"","overlay-gradient":""},"tablet":{"background-color":"","background-image":"","background-repeat":"repeat","background-position":"center center","background-size":"auto","background-attachment":"scroll","background-type":"","background-media":"","overlay-type":"","overlay-color":"","overlay-opacity":"","overlay-gradient":""},"mobile":{"background-color":"","background-image":"","background-repeat":"repeat","background-position":"center center","background-size":"auto","background-attachment":"scroll","background-type":"","background-media":"","overlay-type":"","overlay-color":"","overlay-opacity":"","overlay-gradient":""}},"ast-content-background-meta":{"desktop":{"background-color":"var(--ast-global-color-5)","background-image":"","background-repeat":"repeat","background-position":"center center","background-size":"auto","background-attachment":"scroll","background-type":"","background-media":"","overlay-type":"","overlay-color":"","overlay-opacity":"","overlay-gradient":""},"tablet":{"background-color":"var(--ast-global-color-5)","background-image":"","background-repeat":"repeat","background-position":"center center","background-size":"auto","background-attachment":"scroll","background-type":"","background-media":"","overlay-type":"","overlay-color":"","overlay-opacity":"","overlay-gradient":""},"mobile":{"background-color":"var(--ast-global-color-5)","background-image":"","background-repeat":"repeat","background-position":"center center","background-size":"auto","background-attachment":"scroll","background-type":"","background-media":"","overlay-type":"","overlay-color":"","overlay-opacity":"","overlay-gradient":""}},"footnotes":""},"categories":[147,29],"tags":[153,151,152],"class_list":["post-819","post","type-post","status-publish","format-standard","has-post-thumbnail","hentry","category-orientacio-educativa","category-portada","tag-8m","tag-coeducacio","tag-tutoria"],"post_mailing_queue_ids":[],"_links":{"self":[{"href":"https:\/\/agora.xtec.cat\/iesdauro\/wp-json\/wp\/v2\/posts\/819","targetHints":{"allow":["GET"]}}],"collection":[{"href":"https:\/\/agora.xtec.cat\/iesdauro\/wp-json\/wp\/v2\/posts"}],"about":[{"href":"https:\/\/agora.xtec.cat\/iesdauro\/wp-json\/wp\/v2\/types\/post"}],"author":[{"embeddable":true,"href":"https:\/\/agora.xtec.cat\/iesdauro\/wp-json\/wp\/v2\/users\/1"}],"replies":[{"embeddable":true,"href":"https:\/\/agora.xtec.cat\/iesdauro\/wp-json\/wp\/v2\/comments?post=819"}],"version-history":[{"count":1,"href":"https:\/\/agora.xtec.cat\/iesdauro\/wp-json\/wp\/v2\/posts\/819\/revisions"}],"predecessor-version":[{"id":822,"href":"https:\/\/agora.xtec.cat\/iesdauro\/wp-json\/wp\/v2\/posts\/819\/revisions\/822"}],"wp:featuredmedia":[{"embeddable":true,"href":"https:\/\/agora.xtec.cat\/iesdauro\/wp-json\/wp\/v2\/media\/821"}],"wp:attachment":[{"href":"https:\/\/agora.xtec.cat\/iesdauro\/wp-json\/wp\/v2\/media?parent=819"}],"wp:term":[{"taxonomy":"category","embeddable":true,"href":"https:\/\/agora.xtec.cat\/iesdauro\/wp-json\/wp\/v2\/categories?post=819"},{"taxonomy":"post_tag","embeddable":true,"href":"https:\/\/agora.xtec.cat\/iesdauro\/wp-json\/wp\/v2\/tags?post=819"}],"curies":[{"name":"wp","href":"https:\/\/api.w.org\/{rel}","templated":true}]}}