{"id":784,"date":"2024-03-07T09:15:52","date_gmt":"2024-03-07T08:15:52","guid":{"rendered":"https:\/\/agora.xtec.cat\/iesdauro\/?p=784"},"modified":"2024-03-11T10:11:24","modified_gmt":"2024-03-11T09:11:24","slug":"decalegeducaciofeminista","status":"publish","type":"post","link":"https:\/\/agora.xtec.cat\/iesdauro\/general\/decalegeducaciofeminista\/","title":{"rendered":"#Dec\u00e0legEducaci\u00f3Feminista!"},"content":{"rendered":"<p style=\"text-align: justify;\">El passat 14 de febrer des de les Escoles Feministes vam organitzar una nova trobada de les comissions de g\u00e8nere, feminismes, coeducaci\u00f3 i igualtat dels instituts p\u00fablics de Catalunya. Era una trobada per compartir experi\u00e8ncies i crear conjuntament un dec\u00e0leg per encaminar-nos cap a una educaci\u00f3 p\u00fablica feminista.\u00a0A l\u2019Espai Jove La Fontana\u00a0<strong>ens vam reunir m\u00e9s de 40 instituts p\u00fablics, prop de 200 estudiants i 100 docents<\/strong>\u00a0que ven\u00edem d\u2019arreu de Catalunya! Va ser novament una jornada m\u00e0gica, plena d\u2019emocions, que sempre recordarem.<\/p>\n<p style=\"text-align: center;\"><strong><span style=\"color: #ff00ff;\">I d\u2019aquesta trobada van sortir un dec\u00e0leg de propostes de m\u00ednims:\u00a0el #Dec\u00e0legEducaci\u00f3Feminista<\/span><\/strong><\/p>\n<p><a href=\"https:\/\/agora.xtec.cat\/iesdauro\/wp-content\/uploads\/usu2955\/2024\/03\/DecalegEducacioFeminista-mini.jpg\"><img loading=\"lazy\" decoding=\"async\" class=\" wp-image-785 aligncenter\" src=\"https:\/\/agora.xtec.cat\/iesdauro\/wp-content\/uploads\/usu2955\/2024\/03\/DecalegEducacioFeminista-mini.jpg\" alt=\"\" width=\"700\" height=\"990\" srcset=\"https:\/\/agora.xtec.cat\/iesdauro\/wp-content\/uploads\/usu2955\/2024\/03\/DecalegEducacioFeminista-mini.jpg 663w, https:\/\/agora.xtec.cat\/iesdauro\/wp-content\/uploads\/usu2955\/2024\/03\/DecalegEducacioFeminista-mini-212x300.jpg 212w\" sizes=\"auto, (max-width: 700px) 100vw, 700px\" \/><\/a><\/p>\n<p>&nbsp;<\/p>\n","protected":false},"excerpt":{"rendered":"<p>El passat 14 de febrer des de les Escoles Feministes vam organitzar una nova trobada de les comissions de g\u00e8nere, feminismes, coeducaci\u00f3 i igualtat dels instituts p\u00fablics de Catalunya. Era una trobada per compartir experi\u00e8ncies i crear conjuntament un dec\u00e0leg per encaminar-nos cap a una educaci\u00f3 p\u00fablica feminista.<br \/>\nI d\u2019aquesta trobada van sortir un dec\u00e0leg de propostes de m\u00ednims: el #Dec\u00e0legEducaci\u00f3Feminista<\/p>\n","protected":false},"author":1,"featured_media":788,"comment_status":"open","ping_status":"closed","sticky":false,"template":"","format":"standard","meta":{"_bbp_topic_count":0,"_bbp_reply_count":0,"_bbp_total_topic_count":0,"_bbp_total_reply_count":0,"_bbp_voice_count":0,"_bbp_anonymous_reply_count":0,"_bbp_topic_count_hidden":0,"_bbp_reply_count_hidden":0,"_bbp_forum_subforum_count":0,"site-sidebar-layout":"default","site-content-layout":"","ast-site-content-layout":"","site-content-style":"default","site-sidebar-style":"default","ast-global-header-display":"","ast-banner-title-visibility":"","ast-main-header-display":"","ast-hfb-above-header-display":"","ast-hfb-below-header-display":"","ast-hfb-mobile-header-display":"","site-post-title":"","ast-breadcrumbs-content":"","ast-featured-img":"","footer-sml-layout":"","theme-transparent-header-meta":"","adv-header-id-meta":"","stick-header-meta":"","header-above-stick-meta":"","header-main-stick-meta":"","header-below-stick-meta":"","astra-migrate-meta-layouts":"default","ast-page-background-enabled":"default","ast-page-background-meta":{"desktop":{"background-color":"var(--ast-global-color-4)","background-image":"","background-repeat":"repeat","background-position":"center center","background-size":"auto","background-attachment":"scroll","background-type":"","background-media":"","overlay-type":"","overlay-color":"","overlay-opacity":"","overlay-gradient":""},"tablet":{"background-color":"","background-image":"","background-repeat":"repeat","background-position":"center center","background-size":"auto","background-attachment":"scroll","background-type":"","background-media":"","overlay-type":"","overlay-color":"","overlay-opacity":"","overlay-gradient":""},"mobile":{"background-color":"","background-image":"","background-repeat":"repeat","background-position":"center center","background-size":"auto","background-attachment":"scroll","background-type":"","background-media":"","overlay-type":"","overlay-color":"","overlay-opacity":"","overlay-gradient":""}},"ast-content-background-meta":{"desktop":{"background-color":"var(--ast-global-color-5)","background-image":"","background-repeat":"repeat","background-position":"center center","background-size":"auto","background-attachment":"scroll","background-type":"","background-media":"","overlay-type":"","overlay-color":"","overlay-opacity":"","overlay-gradient":""},"tablet":{"background-color":"var(--ast-global-color-5)","background-image":"","background-repeat":"repeat","background-position":"center center","background-size":"auto","background-attachment":"scroll","background-type":"","background-media":"","overlay-type":"","overlay-color":"","overlay-opacity":"","overlay-gradient":""},"mobile":{"background-color":"var(--ast-global-color-5)","background-image":"","background-repeat":"repeat","background-position":"center center","background-size":"auto","background-attachment":"scroll","background-type":"","background-media":"","overlay-type":"","overlay-color":"","overlay-opacity":"","overlay-gradient":""}},"footnotes":""},"categories":[1,29],"tags":[151,152],"class_list":["post-784","post","type-post","status-publish","format-standard","has-post-thumbnail","hentry","category-general","category-portada","tag-coeducacio","tag-tutoria"],"post_mailing_queue_ids":[],"_links":{"self":[{"href":"https:\/\/agora.xtec.cat\/iesdauro\/wp-json\/wp\/v2\/posts\/784","targetHints":{"allow":["GET"]}}],"collection":[{"href":"https:\/\/agora.xtec.cat\/iesdauro\/wp-json\/wp\/v2\/posts"}],"about":[{"href":"https:\/\/agora.xtec.cat\/iesdauro\/wp-json\/wp\/v2\/types\/post"}],"author":[{"embeddable":true,"href":"https:\/\/agora.xtec.cat\/iesdauro\/wp-json\/wp\/v2\/users\/1"}],"replies":[{"embeddable":true,"href":"https:\/\/agora.xtec.cat\/iesdauro\/wp-json\/wp\/v2\/comments?post=784"}],"version-history":[{"count":2,"href":"https:\/\/agora.xtec.cat\/iesdauro\/wp-json\/wp\/v2\/posts\/784\/revisions"}],"predecessor-version":[{"id":789,"href":"https:\/\/agora.xtec.cat\/iesdauro\/wp-json\/wp\/v2\/posts\/784\/revisions\/789"}],"wp:featuredmedia":[{"embeddable":true,"href":"https:\/\/agora.xtec.cat\/iesdauro\/wp-json\/wp\/v2\/media\/788"}],"wp:attachment":[{"href":"https:\/\/agora.xtec.cat\/iesdauro\/wp-json\/wp\/v2\/media?parent=784"}],"wp:term":[{"taxonomy":"category","embeddable":true,"href":"https:\/\/agora.xtec.cat\/iesdauro\/wp-json\/wp\/v2\/categories?post=784"},{"taxonomy":"post_tag","embeddable":true,"href":"https:\/\/agora.xtec.cat\/iesdauro\/wp-json\/wp\/v2\/tags?post=784"}],"curies":[{"name":"wp","href":"https:\/\/api.w.org\/{rel}","templated":true}]}}