{"id":721,"date":"2024-02-22T17:37:40","date_gmt":"2024-02-22T16:37:40","guid":{"rendered":"https:\/\/agora.xtec.cat\/iesdauro\/?p=721"},"modified":"2024-09-07T17:48:36","modified_gmt":"2024-09-07T15:48:36","slug":"preinscripcio-curs-2024-2025-eso-i-bat-dates-clau","status":"publish","type":"post","link":"https:\/\/agora.xtec.cat\/iesdauro\/general\/preinscripcio-curs-2024-2025-eso-i-bat-dates-clau\/","title":{"rendered":"Preinscripci\u00f3 curs 2024-2025. ESO i BAT. Dates clau."},"content":{"rendered":"<h3><b>PROC\u00c9S DE PREINSCRIPCI\u00d3 2024-2025<\/b><\/h3>\n<p><span style=\"font-weight: 400;\">Totes les llistes es penjaran en aquest article de la p\u00e0gina web del centre el dia que marca aquest calendari:<\/span><\/p>\n<h4><b>ESO<\/b><\/h4>\n<p><span style=\"font-weight: 400;\">5 de mar\u00e7 de 2024: <a href=\"https:\/\/drive.google.com\/file\/d\/136-H4al-RUpiqcerxiR3rC-3o0IGjBky\/view?usp=sharing\" target=\"_blank\" rel=\"noopener\">difusi\u00f3 de l&#8217;oferta de places<\/a><\/span><\/p>\n<p><span style=\"font-weight: 400;\">Del 8 al 20 de mar\u00e7 de 2024: presentaci\u00f3 de sol\u00b7licituds<\/span><\/p>\n<p><span style=\"font-weight: 400;\">Fins el 22 de mar\u00e7 de 2024: presentaci\u00f3 de documentaci\u00f3<\/span><\/p>\n<p><span style=\"font-weight: 400;\">Aquests dies pots presentar documentaci\u00f3 acreditativa que no hagis pogut adjuntar durant el per\u00edode de presentaci\u00f3 de sol\u00b7licituds.<\/span><\/p>\n<p><a href=\"https:\/\/preinscripcio.gencat.cat\/ca\/estudis\/eso\/inici\/\" target=\"_blank\" rel=\"noopener\">Preinscripci\u00f3 GENCAT ESO<\/a><\/p>\n<p><span style=\"font-weight: 400;\">17 d&#8217;abril de 2024: <a href=\"https:\/\/drive.google.com\/file\/d\/1YzY4W3LtDE0UGZyripT5-ugPig0T7Djt\/view?usp=sharing\" target=\"_blank\" rel=\"noopener\">publicaci\u00f3 de llistes amb el barem provisional<\/a><\/span><\/p>\n<p><span style=\"font-weight: 400;\">Del 17 al 22 d&#8217;abril de 2024: presentaci\u00f3 de reclamacions<\/span><\/p>\n<p><span style=\"font-weight: 400;\">25 d\u2019abril de 2024: <a href=\"https:\/\/drive.google.com\/file\/d\/1S5cLOzxaTDpd2bnK3J7KyINxAhpyYCPD\/view?usp=sharing\" target=\"_blank\" rel=\"noopener\">publicaci\u00f3 de llistes\u00a0 amb el barem definitiu un cop resoltes les reclamacions<\/a><\/span><\/p>\n<p><span style=\"font-weight: 400;\">30 d\u2019abril de 2024: sorteig del n\u00famero per al desempat: <span style=\"color: #ff6600;\">El n\u00famero \u00e9s el <strong><span class=\"ui-provider gr b c d e f g h i j k l m n o p q r s t u v w x y z ab ac ae af ag ah ai aj ak\" dir=\"ltr\">81801<\/span><\/strong><\/span><\/span><\/p>\n<p><span style=\"font-weight: 400;\">2 de maig de 2024: <a href=\"https:\/\/drive.google.com\/file\/d\/1QxVIdqM2Nn5pzlpsbuWCC115aRSoeBmg\/view?usp=sharing\" target=\"_blank\" rel=\"noopener\">publicaci\u00f3 de les llistes ordenades definitives<\/a><\/span><\/p>\n<p><span style=\"font-weight: 400;\">7 de juny de 2024: <a href=\"https:\/\/drive.google.com\/file\/d\/1lV2lEjMaxXdQeZq6xSkn9tnY4bNMqfMP\/view?usp=sharing\" target=\"_blank\" rel=\"noopener\">publicaci\u00f3 de l\u2019oferta final de places<\/a><\/span><\/p>\n<p><span style=\"font-weight: 400;\">10 de juny de 2024: <a href=\"https:\/\/drive.google.com\/file\/d\/1MTZ_W_7tQmFVSvl9yYDAnlOkJvyh8yyo\/view?usp=sharing\" target=\"_blank\" rel=\"noopener\">publicaci\u00f3 de la llista d\u2019admesos<\/a>, <a href=\"https:\/\/drive.google.com\/file\/d\/1pQfRNPMZAg1727BR-CYScL0Ql330-ukH\/view?usp=sharing\" target=\"_blank\" rel=\"noopener\">publicaci\u00f3 de la llista d&#8217;espera<\/a><\/span><\/p>\n<p><span style=\"font-weight: 400;\">Els alumnes admesos rebran, a partir del 10 juny, un correu amb les indicacions i documentaci\u00f3 per formalitzar la matr\u00edcula.<\/span><\/p>\n<h4><\/h4>\n<h4><b>BATXILLERAT<\/b><\/h4>\n<p><span style=\"font-weight: 400;\">16 d&#8217;abril de 2024: <a href=\"https:\/\/drive.google.com\/file\/d\/1EyrsafkVJ1RQsRWkaObeAbcJC5xPrBcX\/view?usp=sharing\" target=\"_blank\" rel=\"noopener\">difusi\u00f3 de l&#8217;oferta inicial de places<\/a><\/span><\/p>\n<p><span style=\"font-weight: 400;\">Del 18 al 25 d&#8217;abril de 2024: presentaci\u00f3 de sol\u00b7licituds<\/span><\/p>\n<p><span style=\"font-weight: 400;\">Fins el 26 d&#8217;abril de 2024: presentaci\u00f3 de documentaci\u00f3<\/span><\/p>\n<p><span style=\"font-weight: 400;\">Aquests dies pots presentar documentaci\u00f3 acreditativa que no hagis pogut adjuntar durant el per\u00edode de presentaci\u00f3 de sol\u00b7licituds.<\/span><\/p>\n<p><a href=\"https:\/\/educacio.gencat.cat\/ca\/tramits\/tramits-temes\/9388-batxillerat?moda=1\" target=\"_blank\" rel=\"noopener\">Preinscripci\u00f3 GENCAT BATXILLERAT<\/a><\/p>\n<p><span style=\"font-weight: 400;\">17 de maig de 2024: <a href=\"https:\/\/drive.google.com\/file\/d\/1ZNPDoBvUAq8z_0dbSTB6dttN9BUh4vr-\/view?usp=sharing\" target=\"_blank\" rel=\"noopener\">publicaci\u00f3 de llistes amb puntuaci\u00f3 provisional<\/a><\/span><\/p>\n<p><span style=\"font-weight: 400;\">Del 17 al 23 de maig de 2024: presentaci\u00f3 de reclamacions<\/span><\/p>\n<p><span style=\"font-weight: 400;\">29 de maig de 2024: <a href=\"https:\/\/drive.google.com\/file\/d\/1h-gZtlNGSptlNNixVhrG5CstFLHqM4WE\/view?usp=sharing\" target=\"_blank\" rel=\"noopener\">publicaci\u00f3 de llista de sol\u00b7licituds amb la puntuaci\u00f3 un cop resoltes les reclamacions<\/a><\/span><\/p>\n<p><span style=\"font-weight: 400;\">29 de maig de 2024: sorteig per resoldre les sol\u00b7licituds empatades en punts: <span style=\"color: #ff6600;\">El n\u00famero \u00e9s el <strong>13348<\/strong><\/span><\/span><\/p>\n<p><span style=\"font-weight: 400;\">3 de juny de 2024: <a href=\"https:\/\/drive.google.com\/file\/d\/1RigLmgHCGKFEHSv6a5IYOxwYiKR5oHL7\/view?usp=sharing\" target=\"_blank\" rel=\"noopener\">publicaci\u00f3 de les llistes ordenades definitives<\/a><\/span><\/p>\n<p><span style=\"font-weight: 400;\">20 de juny de 2024: publicaci\u00f3 de l\u2019oferta final de places<\/span><\/p>\n<p><span style=\"font-weight: 400;\">20 de juny de 2024: publicaci\u00f3 de la llista d\u2019admesos i <a href=\"https:\/\/drive.google.com\/file\/d\/1KMkBgsbGCmmSDTtVFHNU1EecCMj03V6N\/view?usp=sharing\" target=\"_blank\" rel=\"noopener\">llista d&#8217;espera<\/a><\/span><\/p>\n<p>Del 21 de juny a l&#8217;1 de juliol de 2024: matriculaci\u00f3 dels alumnes preinscrits a batxillerat amb pla\u00e7a assignada<\/p>\n<p><span style=\"font-weight: 400;\">Els alumnes admesos rebran, a partir del 20 juny, un correu amb les indicacions i documentaci\u00f3 per formalitzar la matr\u00edcula.<\/span><\/p>\n<h4><\/h4>\n<p><a href=\"https:\/\/agora.xtec.cat\/iesdauro\/wp-content\/uploads\/usu2955\/2024\/02\/Preinscripcio-2024.png\"><img loading=\"lazy\" decoding=\"async\" class=\"wp-image-722 aligncenter\" src=\"https:\/\/agora.xtec.cat\/iesdauro\/wp-content\/uploads\/usu2955\/2024\/02\/Preinscripcio-2024-724x1024.png\" alt=\"\" width=\"356\" height=\"503\" srcset=\"https:\/\/agora.xtec.cat\/iesdauro\/wp-content\/uploads\/usu2955\/2024\/02\/Preinscripcio-2024-724x1024.png 724w, https:\/\/agora.xtec.cat\/iesdauro\/wp-content\/uploads\/usu2955\/2024\/02\/Preinscripcio-2024-212x300.png 212w, https:\/\/agora.xtec.cat\/iesdauro\/wp-content\/uploads\/usu2955\/2024\/02\/Preinscripcio-2024-768x1086.png 768w, https:\/\/agora.xtec.cat\/iesdauro\/wp-content\/uploads\/usu2955\/2024\/02\/Preinscripcio-2024-1086x1536.png 1086w, https:\/\/agora.xtec.cat\/iesdauro\/wp-content\/uploads\/usu2955\/2024\/02\/Preinscripcio-2024.png 1389w\" sizes=\"auto, (max-width: 356px) 100vw, 356px\" \/><\/a><\/p>\n<p>&nbsp;<\/p>\n","protected":false},"excerpt":{"rendered":"<p>ESO I BAT. Difusi\u00f3 de l&#8217;oferta de places, presentaci\u00f3 de sol\u00b7licituds, presentaci\u00f3 de documentaci\u00f3&#8230;<\/p>\n","protected":false},"author":1,"featured_media":726,"comment_status":"open","ping_status":"closed","sticky":false,"template":"","format":"standard","meta":{"_bbp_topic_count":0,"_bbp_reply_count":0,"_bbp_total_topic_count":0,"_bbp_total_reply_count":0,"_bbp_voice_count":0,"_bbp_anonymous_reply_count":0,"_bbp_topic_count_hidden":0,"_bbp_reply_count_hidden":0,"_bbp_forum_subforum_count":0,"site-sidebar-layout":"default","site-content-layout":"","ast-site-content-layout":"","site-content-style":"default","site-sidebar-style":"default","ast-global-header-display":"","ast-banner-title-visibility":"","ast-main-header-display":"","ast-hfb-above-header-display":"","ast-hfb-below-header-display":"","ast-hfb-mobile-header-display":"","site-post-title":"","ast-breadcrumbs-content":"","ast-featured-img":"","footer-sml-layout":"","theme-transparent-header-meta":"","adv-header-id-meta":"","stick-header-meta":"","header-above-stick-meta":"","header-main-stick-meta":"","header-below-stick-meta":"","astra-migrate-meta-layouts":"default","ast-page-background-enabled":"default","ast-page-background-meta":{"desktop":{"background-color":"var(--ast-global-color-4)","background-image":"","background-repeat":"repeat","background-position":"center center","background-size":"auto","background-attachment":"scroll","background-type":"","background-media":"","overlay-type":"","overlay-color":"","overlay-opacity":"","overlay-gradient":""},"tablet":{"background-color":"","background-image":"","background-repeat":"repeat","background-position":"center center","background-size":"auto","background-attachment":"scroll","background-type":"","background-media":"","overlay-type":"","overlay-color":"","overlay-opacity":"","overlay-gradient":""},"mobile":{"background-color":"","background-image":"","background-repeat":"repeat","background-position":"center center","background-size":"auto","background-attachment":"scroll","background-type":"","background-media":"","overlay-type":"","overlay-color":"","overlay-opacity":"","overlay-gradient":""}},"ast-content-background-meta":{"desktop":{"background-color":"var(--ast-global-color-5)","background-image":"","background-repeat":"repeat","background-position":"center center","background-size":"auto","background-attachment":"scroll","background-type":"","background-media":"","overlay-type":"","overlay-color":"","overlay-opacity":"","overlay-gradient":""},"tablet":{"background-color":"var(--ast-global-color-5)","background-image":"","background-repeat":"repeat","background-position":"center center","background-size":"auto","background-attachment":"scroll","background-type":"","background-media":"","overlay-type":"","overlay-color":"","overlay-opacity":"","overlay-gradient":""},"mobile":{"background-color":"var(--ast-global-color-5)","background-image":"","background-repeat":"repeat","background-position":"center center","background-size":"auto","background-attachment":"scroll","background-type":"","background-media":"","overlay-type":"","overlay-color":"","overlay-opacity":"","overlay-gradient":""}},"footnotes":""},"categories":[1,29],"tags":[],"class_list":["post-721","post","type-post","status-publish","format-standard","has-post-thumbnail","hentry","category-general","category-portada"],"post_mailing_queue_ids":[],"_links":{"self":[{"href":"https:\/\/agora.xtec.cat\/iesdauro\/wp-json\/wp\/v2\/posts\/721","targetHints":{"allow":["GET"]}}],"collection":[{"href":"https:\/\/agora.xtec.cat\/iesdauro\/wp-json\/wp\/v2\/posts"}],"about":[{"href":"https:\/\/agora.xtec.cat\/iesdauro\/wp-json\/wp\/v2\/types\/post"}],"author":[{"embeddable":true,"href":"https:\/\/agora.xtec.cat\/iesdauro\/wp-json\/wp\/v2\/users\/1"}],"replies":[{"embeddable":true,"href":"https:\/\/agora.xtec.cat\/iesdauro\/wp-json\/wp\/v2\/comments?post=721"}],"version-history":[{"count":7,"href":"https:\/\/agora.xtec.cat\/iesdauro\/wp-json\/wp\/v2\/posts\/721\/revisions"}],"predecessor-version":[{"id":1511,"href":"https:\/\/agora.xtec.cat\/iesdauro\/wp-json\/wp\/v2\/posts\/721\/revisions\/1511"}],"wp:featuredmedia":[{"embeddable":true,"href":"https:\/\/agora.xtec.cat\/iesdauro\/wp-json\/wp\/v2\/media\/726"}],"wp:attachment":[{"href":"https:\/\/agora.xtec.cat\/iesdauro\/wp-json\/wp\/v2\/media?parent=721"}],"wp:term":[{"taxonomy":"category","embeddable":true,"href":"https:\/\/agora.xtec.cat\/iesdauro\/wp-json\/wp\/v2\/categories?post=721"},{"taxonomy":"post_tag","embeddable":true,"href":"https:\/\/agora.xtec.cat\/iesdauro\/wp-json\/wp\/v2\/tags?post=721"}],"curies":[{"name":"wp","href":"https:\/\/api.w.org\/{rel}","templated":true}]}}