{"id":4139,"date":"2026-05-01T11:48:58","date_gmt":"2026-05-01T09:48:58","guid":{"rendered":"https:\/\/agora.xtec.cat\/iesdauro\/?p=4139"},"modified":"2026-05-01T11:49:01","modified_gmt":"2026-05-01T09:49:01","slug":"finalista-amic-ficcions","status":"publish","type":"post","link":"https:\/\/agora.xtec.cat\/iesdauro\/portada\/finalista-amic-ficcions\/","title":{"rendered":"Finalista Amic-Ficcions."},"content":{"rendered":"\n<p>Tenim una not\u00edcia que ens fa molt\u00edssima il\u00b7lusi\u00f3!&nbsp;<\/p>\n\n\n\n<p>Ja s&#8217;han fet p\u00fablics els finalistes de la 18a edici\u00f3 del concurs literari AMIC-Ficcions, i podem dir ben orgullosos que tenim una finalista entre nosaltres! Volem felicitar molt especialment <strong>l\u2019Abril Coll<\/strong> per haver arribat fins a la final, despr\u00e9s de mesos de feina, imaginaci\u00f3 i dedicaci\u00f3. Enhorabona! \u00c9s un \u00e8xit molt merescut.<\/p>\n\n\n\n<p>Aquest certamen, organitzat per l&#8217;Associaci\u00f3 de Mitjans d&#8217;Informaci\u00f3 i Comunicaci\u00f3 (AMIC), s&#8217;ha consolidat com un espai de refer\u00e8ncia per a la creaci\u00f3 liter\u00e0ria dels alumnes de secund\u00e0ria i batxillerat dels territoris de parla catalana des de l&#8217;any 2007.<\/p>\n\n\n\n<p>AMIC-Ficcions convida els participants a escriure una hist\u00f2ria de ficci\u00f3 dividida en tres cap\u00edtols, a partir d&#8217;un inici proposat. Es pot participar individualment o en grup, i tot el proc\u00e9s es desenvolupa en l\u00ednia. Enguany, el concurs ha comptat amb una gran participaci\u00f3: 3.726 alumnes i 150 relats finalistes, una mostra del talent i la creativitat que hi ha entre els joves escriptors i escriptores.<\/p>\n\n\n\n<p>Ara nom\u00e9s queda esperar els actes de lliurament de premis, on es donaran a con\u00e8ixer els guanyadors i es reconeixer\u00e0 l\u2019esfor\u00e7 de tots els participants.<\/p>\n\n\n\n<p>I, com sempre, animem tothom a continuar escrivint. Crear hist\u00f2ries \u00e9s una manera \u00fanica d\u2019expressar-se, de fer volar la imaginaci\u00f3 i de compartir mirades sobre el m\u00f3n.&nbsp;<\/p>\n\n\n\n<p>No deixeu mai d&#8217;escriure!<\/p>\n\n\n\n<figure class=\"wp-block-image size-full\"><a href=\"https:\/\/agora.xtec.cat\/iesdauro\/wp-content\/uploads\/usu2955\/2026\/05\/Captura-de-pantalla-2026-04-30-115857.png\"><img loading=\"lazy\" decoding=\"async\" width=\"681\" height=\"394\" src=\"https:\/\/agora.xtec.cat\/iesdauro\/wp-content\/uploads\/usu2955\/2026\/05\/Captura-de-pantalla-2026-04-30-115857.png\" alt=\"\" class=\"wp-image-4140\" srcset=\"https:\/\/agora.xtec.cat\/iesdauro\/wp-content\/uploads\/usu2955\/2026\/05\/Captura-de-pantalla-2026-04-30-115857.png 681w, https:\/\/agora.xtec.cat\/iesdauro\/wp-content\/uploads\/usu2955\/2026\/05\/Captura-de-pantalla-2026-04-30-115857-300x174.png 300w\" sizes=\"auto, (max-width: 681px) 100vw, 681px\" \/><\/a><\/figure>\n","protected":false},"excerpt":{"rendered":"<p>Tenim una not\u00edcia que ens fa molt\u00edssima il\u00b7lusi\u00f3!&nbsp; Ja s&#8217;han fet p\u00fablics els finalistes de la 18a edici\u00f3 del concurs literari AMIC-Ficcions, i podem dir ben orgullosos que tenim una finalista entre nosaltres! Volem felicitar molt especialment l\u2019Abril Coll per haver arribat fins a la final, despr\u00e9s de mesos de feina, imaginaci\u00f3 i dedicaci\u00f3. Enhorabona! [&hellip;]<\/p>\n","protected":false},"author":1,"featured_media":4140,"comment_status":"open","ping_status":"open","sticky":false,"template":"","format":"standard","meta":{"_bbp_topic_count":0,"_bbp_reply_count":0,"_bbp_total_topic_count":0,"_bbp_total_reply_count":0,"_bbp_voice_count":0,"_bbp_anonymous_reply_count":0,"_bbp_topic_count_hidden":0,"_bbp_reply_count_hidden":0,"_bbp_forum_subforum_count":0,"site-sidebar-layout":"default","site-content-layout":"","ast-site-content-layout":"default","site-content-style":"default","site-sidebar-style":"default","ast-global-header-display":"","ast-banner-title-visibility":"","ast-main-header-display":"","ast-hfb-above-header-display":"","ast-hfb-below-header-display":"","ast-hfb-mobile-header-display":"","site-post-title":"","ast-breadcrumbs-content":"","ast-featured-img":"","footer-sml-layout":"","theme-transparent-header-meta":"","adv-header-id-meta":"","stick-header-meta":"","header-above-stick-meta":"","header-main-stick-meta":"","header-below-stick-meta":"","astra-migrate-meta-layouts":"set","ast-page-background-enabled":"default","ast-page-background-meta":{"desktop":{"background-color":"var(--ast-global-color-4)","background-image":"","background-repeat":"repeat","background-position":"center center","background-size":"auto","background-attachment":"scroll","background-type":"","background-media":"","overlay-type":"","overlay-color":"","overlay-opacity":"","overlay-gradient":""},"tablet":{"background-color":"","background-image":"","background-repeat":"repeat","background-position":"center center","background-size":"auto","background-attachment":"scroll","background-type":"","background-media":"","overlay-type":"","overlay-color":"","overlay-opacity":"","overlay-gradient":""},"mobile":{"background-color":"","background-image":"","background-repeat":"repeat","background-position":"center center","background-size":"auto","background-attachment":"scroll","background-type":"","background-media":"","overlay-type":"","overlay-color":"","overlay-opacity":"","overlay-gradient":""}},"ast-content-background-meta":{"desktop":{"background-color":"var(--ast-global-color-5)","background-image":"","background-repeat":"repeat","background-position":"center center","background-size":"auto","background-attachment":"scroll","background-type":"","background-media":"","overlay-type":"","overlay-color":"","overlay-opacity":"","overlay-gradient":""},"tablet":{"background-color":"var(--ast-global-color-5)","background-image":"","background-repeat":"repeat","background-position":"center center","background-size":"auto","background-attachment":"scroll","background-type":"","background-media":"","overlay-type":"","overlay-color":"","overlay-opacity":"","overlay-gradient":""},"mobile":{"background-color":"var(--ast-global-color-5)","background-image":"","background-repeat":"repeat","background-position":"center center","background-size":"auto","background-attachment":"scroll","background-type":"","background-media":"","overlay-type":"","overlay-color":"","overlay-opacity":"","overlay-gradient":""}},"footnotes":""},"categories":[136,144,29],"tags":[248],"class_list":["post-4139","post","type-post","status-publish","format-standard","has-post-thumbnail","hentry","category-3eso","category-llengues","category-portada","tag-amic-ficcions"],"post_mailing_queue_ids":[],"_links":{"self":[{"href":"https:\/\/agora.xtec.cat\/iesdauro\/wp-json\/wp\/v2\/posts\/4139","targetHints":{"allow":["GET"]}}],"collection":[{"href":"https:\/\/agora.xtec.cat\/iesdauro\/wp-json\/wp\/v2\/posts"}],"about":[{"href":"https:\/\/agora.xtec.cat\/iesdauro\/wp-json\/wp\/v2\/types\/post"}],"author":[{"embeddable":true,"href":"https:\/\/agora.xtec.cat\/iesdauro\/wp-json\/wp\/v2\/users\/1"}],"replies":[{"embeddable":true,"href":"https:\/\/agora.xtec.cat\/iesdauro\/wp-json\/wp\/v2\/comments?post=4139"}],"version-history":[{"count":1,"href":"https:\/\/agora.xtec.cat\/iesdauro\/wp-json\/wp\/v2\/posts\/4139\/revisions"}],"predecessor-version":[{"id":4141,"href":"https:\/\/agora.xtec.cat\/iesdauro\/wp-json\/wp\/v2\/posts\/4139\/revisions\/4141"}],"wp:featuredmedia":[{"embeddable":true,"href":"https:\/\/agora.xtec.cat\/iesdauro\/wp-json\/wp\/v2\/media\/4140"}],"wp:attachment":[{"href":"https:\/\/agora.xtec.cat\/iesdauro\/wp-json\/wp\/v2\/media?parent=4139"}],"wp:term":[{"taxonomy":"category","embeddable":true,"href":"https:\/\/agora.xtec.cat\/iesdauro\/wp-json\/wp\/v2\/categories?post=4139"},{"taxonomy":"post_tag","embeddable":true,"href":"https:\/\/agora.xtec.cat\/iesdauro\/wp-json\/wp\/v2\/tags?post=4139"}],"curies":[{"name":"wp","href":"https:\/\/api.w.org\/{rel}","templated":true}]}}