{"id":4071,"date":"2026-04-26T14:03:24","date_gmt":"2026-04-26T12:03:24","guid":{"rendered":"https:\/\/agora.xtec.cat\/iesdauro\/?p=4071"},"modified":"2026-04-26T14:03:26","modified_gmt":"2026-04-26T12:03:26","slug":"xviii-gimcana-matematica-de-manresa-2","status":"publish","type":"post","link":"https:\/\/agora.xtec.cat\/iesdauro\/portada\/xviii-gimcana-matematica-de-manresa-2\/","title":{"rendered":"XVIII Gimcana Matem\u00e0tica de Manresa"},"content":{"rendered":"\n<p>L&#8217;alumnat de 1r d\u2019ESO ha participat en la XVIII Gimcana Matem\u00e0tica de Manresa, on han superat diferents proves matem\u00e0tiques d\u2019una manera divertida i en equip.<\/p>\n\n\n\n<p>A m\u00e9s, alguns alumnes de 4t d\u2019ESO tamb\u00e9 hi han participat com a monitors, ajudant a organitzar i dinamitzar l\u2019activitat.<\/p>\n\n\n\n<p>\u00c9s una manera diferent de viure les matem\u00e0tiques i de passar-ho b\u00e9 plegats.<\/p>\n\n\n\n<div class=\"wp-block-getwid-images-slider has-arrows-inside has-dots-inside has-images-center has-cropped-images\"><div class=\"wp-block-getwid-images-slider__wrapper\" data-effect=\"slide\" data-slides-show=\"1\" data-slides-show-laptop=\"1\" data-slides-show-tablet=\"1\" data-slides-show-mobile=\"1\" data-slides-scroll=\"1\" data-autoplay=\"false\" data-pause-hover=\"false\" data-autoplay-speed=\"6000\" data-infinite=\"true\" data-animation-speed=\"800\" data-center-mode=\"false\" data-variable-width=\"false\" data-arrows=\"inside\" data-dots=\"inside\" data-spacing=\"none\"><div class=\"wp-block-getwid-images-slider__item\"><figure><img loading=\"lazy\" decoding=\"async\" width=\"768\" height=\"1024\" src=\"https:\/\/agora.xtec.cat\/iesdauro\/wp-content\/uploads\/usu2955\/2026\/04\/1777204736652.jpg\" data-id=\"4072\" data-link=\"https:\/\/agora.xtec.cat\/iesdauro\/?attachment_id=4072\" data-original-link=\"https:\/\/agora.xtec.cat\/iesdauro\/wp-content\/uploads\/usu2955\/2026\/04\/1777204736652.jpg\" class=\"wp-block-getwid-images-slider__image wp-image-4072\" srcset=\"https:\/\/agora.xtec.cat\/iesdauro\/wp-content\/uploads\/usu2955\/2026\/04\/1777204736652.jpg 768w, https:\/\/agora.xtec.cat\/iesdauro\/wp-content\/uploads\/usu2955\/2026\/04\/1777204736652-225x300.jpg 225w\" sizes=\"auto, (max-width: 768px) 100vw, 768px\" \/><\/figure><\/div><div class=\"wp-block-getwid-images-slider__item\"><figure><img loading=\"lazy\" decoding=\"async\" width=\"768\" height=\"1024\" src=\"https:\/\/agora.xtec.cat\/iesdauro\/wp-content\/uploads\/usu2955\/2026\/04\/1777204736660.jpg\" data-id=\"4073\" data-link=\"https:\/\/agora.xtec.cat\/iesdauro\/?attachment_id=4073\" data-original-link=\"https:\/\/agora.xtec.cat\/iesdauro\/wp-content\/uploads\/usu2955\/2026\/04\/1777204736660.jpg\" class=\"wp-block-getwid-images-slider__image wp-image-4073\" srcset=\"https:\/\/agora.xtec.cat\/iesdauro\/wp-content\/uploads\/usu2955\/2026\/04\/1777204736660.jpg 768w, https:\/\/agora.xtec.cat\/iesdauro\/wp-content\/uploads\/usu2955\/2026\/04\/1777204736660-225x300.jpg 225w\" sizes=\"auto, (max-width: 768px) 100vw, 768px\" \/><\/figure><\/div><div class=\"wp-block-getwid-images-slider__item\"><figure><img loading=\"lazy\" decoding=\"async\" width=\"1024\" height=\"768\" src=\"https:\/\/agora.xtec.cat\/iesdauro\/wp-content\/uploads\/usu2955\/2026\/04\/1777204736668.jpg\" data-id=\"4075\" data-link=\"https:\/\/agora.xtec.cat\/iesdauro\/?attachment_id=4075\" data-original-link=\"https:\/\/agora.xtec.cat\/iesdauro\/wp-content\/uploads\/usu2955\/2026\/04\/1777204736668.jpg\" class=\"wp-block-getwid-images-slider__image wp-image-4075\" srcset=\"https:\/\/agora.xtec.cat\/iesdauro\/wp-content\/uploads\/usu2955\/2026\/04\/1777204736668.jpg 1024w, https:\/\/agora.xtec.cat\/iesdauro\/wp-content\/uploads\/usu2955\/2026\/04\/1777204736668-300x225.jpg 300w, https:\/\/agora.xtec.cat\/iesdauro\/wp-content\/uploads\/usu2955\/2026\/04\/1777204736668-768x576.jpg 768w\" sizes=\"auto, (max-width: 1024px) 100vw, 1024px\" \/><\/figure><\/div><div class=\"wp-block-getwid-images-slider__item\"><figure><img loading=\"lazy\" decoding=\"async\" width=\"768\" height=\"1024\" src=\"https:\/\/agora.xtec.cat\/iesdauro\/wp-content\/uploads\/usu2955\/2026\/04\/1777204736674.jpg\" data-id=\"4074\" data-link=\"https:\/\/agora.xtec.cat\/iesdauro\/?attachment_id=4074\" data-original-link=\"https:\/\/agora.xtec.cat\/iesdauro\/wp-content\/uploads\/usu2955\/2026\/04\/1777204736674.jpg\" class=\"wp-block-getwid-images-slider__image wp-image-4074\" srcset=\"https:\/\/agora.xtec.cat\/iesdauro\/wp-content\/uploads\/usu2955\/2026\/04\/1777204736674.jpg 768w, https:\/\/agora.xtec.cat\/iesdauro\/wp-content\/uploads\/usu2955\/2026\/04\/1777204736674-225x300.jpg 225w\" sizes=\"auto, (max-width: 768px) 100vw, 768px\" \/><\/figure><\/div><div class=\"wp-block-getwid-images-slider__item\"><figure><img loading=\"lazy\" decoding=\"async\" width=\"2000\" height=\"1500\" src=\"https:\/\/agora.xtec.cat\/iesdauro\/wp-content\/uploads\/usu2955\/2026\/04\/1777204736684.jpg\" data-id=\"4076\" data-link=\"https:\/\/agora.xtec.cat\/iesdauro\/?attachment_id=4076\" data-original-link=\"https:\/\/agora.xtec.cat\/iesdauro\/wp-content\/uploads\/usu2955\/2026\/04\/1777204736684.jpg\" class=\"wp-block-getwid-images-slider__image wp-image-4076\" srcset=\"https:\/\/agora.xtec.cat\/iesdauro\/wp-content\/uploads\/usu2955\/2026\/04\/1777204736684.jpg 2000w, https:\/\/agora.xtec.cat\/iesdauro\/wp-content\/uploads\/usu2955\/2026\/04\/1777204736684-300x225.jpg 300w, https:\/\/agora.xtec.cat\/iesdauro\/wp-content\/uploads\/usu2955\/2026\/04\/1777204736684-1024x768.jpg 1024w, https:\/\/agora.xtec.cat\/iesdauro\/wp-content\/uploads\/usu2955\/2026\/04\/1777204736684-768x576.jpg 768w, https:\/\/agora.xtec.cat\/iesdauro\/wp-content\/uploads\/usu2955\/2026\/04\/1777204736684-1536x1152.jpg 1536w\" sizes=\"auto, (max-width: 2000px) 100vw, 2000px\" \/><\/figure><\/div><\/div><\/div>\n","protected":false},"excerpt":{"rendered":"<p>L&#8217;alumnat de 1r d\u2019ESO ha participat en la XVIII Gimcana Matem\u00e0tica de Manresa, on han superat diferents proves matem\u00e0tiques d\u2019una manera divertida i en equip. A m\u00e9s, alguns alumnes de 4t d\u2019ESO tamb\u00e9 hi han participat com a monitors, ajudant a organitzar i dinamitzar l\u2019activitat. \u00c9s una manera diferent de viure les matem\u00e0tiques i de [&hellip;]<\/p>\n","protected":false},"author":1,"featured_media":4076,"comment_status":"open","ping_status":"open","sticky":false,"template":"","format":"standard","meta":{"_bbp_topic_count":0,"_bbp_reply_count":0,"_bbp_total_topic_count":0,"_bbp_total_reply_count":0,"_bbp_voice_count":0,"_bbp_anonymous_reply_count":0,"_bbp_topic_count_hidden":0,"_bbp_reply_count_hidden":0,"_bbp_forum_subforum_count":0,"site-sidebar-layout":"default","site-content-layout":"","ast-site-content-layout":"default","site-content-style":"default","site-sidebar-style":"default","ast-global-header-display":"","ast-banner-title-visibility":"","ast-main-header-display":"","ast-hfb-above-header-display":"","ast-hfb-below-header-display":"","ast-hfb-mobile-header-display":"","site-post-title":"","ast-breadcrumbs-content":"","ast-featured-img":"","footer-sml-layout":"","theme-transparent-header-meta":"","adv-header-id-meta":"","stick-header-meta":"","header-above-stick-meta":"","header-main-stick-meta":"","header-below-stick-meta":"","astra-migrate-meta-layouts":"set","ast-page-background-enabled":"default","ast-page-background-meta":{"desktop":{"background-color":"var(--ast-global-color-4)","background-image":"","background-repeat":"repeat","background-position":"center center","background-size":"auto","background-attachment":"scroll","background-type":"","background-media":"","overlay-type":"","overlay-color":"","overlay-opacity":"","overlay-gradient":""},"tablet":{"background-color":"","background-image":"","background-repeat":"repeat","background-position":"center center","background-size":"auto","background-attachment":"scroll","background-type":"","background-media":"","overlay-type":"","overlay-color":"","overlay-opacity":"","overlay-gradient":""},"mobile":{"background-color":"","background-image":"","background-repeat":"repeat","background-position":"center center","background-size":"auto","background-attachment":"scroll","background-type":"","background-media":"","overlay-type":"","overlay-color":"","overlay-opacity":"","overlay-gradient":""}},"ast-content-background-meta":{"desktop":{"background-color":"var(--ast-global-color-5)","background-image":"","background-repeat":"repeat","background-position":"center center","background-size":"auto","background-attachment":"scroll","background-type":"","background-media":"","overlay-type":"","overlay-color":"","overlay-opacity":"","overlay-gradient":""},"tablet":{"background-color":"var(--ast-global-color-5)","background-image":"","background-repeat":"repeat","background-position":"center center","background-size":"auto","background-attachment":"scroll","background-type":"","background-media":"","overlay-type":"","overlay-color":"","overlay-opacity":"","overlay-gradient":""},"mobile":{"background-color":"var(--ast-global-color-5)","background-image":"","background-repeat":"repeat","background-position":"center center","background-size":"auto","background-attachment":"scroll","background-type":"","background-media":"","overlay-type":"","overlay-color":"","overlay-opacity":"","overlay-gradient":""}},"footnotes":""},"categories":[134,146,29],"tags":[244],"class_list":["post-4071","post","type-post","status-publish","format-standard","has-post-thumbnail","hentry","category-1eso","category-matematiques","category-portada","tag-gimcana-matematica"],"post_mailing_queue_ids":[],"_links":{"self":[{"href":"https:\/\/agora.xtec.cat\/iesdauro\/wp-json\/wp\/v2\/posts\/4071","targetHints":{"allow":["GET"]}}],"collection":[{"href":"https:\/\/agora.xtec.cat\/iesdauro\/wp-json\/wp\/v2\/posts"}],"about":[{"href":"https:\/\/agora.xtec.cat\/iesdauro\/wp-json\/wp\/v2\/types\/post"}],"author":[{"embeddable":true,"href":"https:\/\/agora.xtec.cat\/iesdauro\/wp-json\/wp\/v2\/users\/1"}],"replies":[{"embeddable":true,"href":"https:\/\/agora.xtec.cat\/iesdauro\/wp-json\/wp\/v2\/comments?post=4071"}],"version-history":[{"count":1,"href":"https:\/\/agora.xtec.cat\/iesdauro\/wp-json\/wp\/v2\/posts\/4071\/revisions"}],"predecessor-version":[{"id":4077,"href":"https:\/\/agora.xtec.cat\/iesdauro\/wp-json\/wp\/v2\/posts\/4071\/revisions\/4077"}],"wp:featuredmedia":[{"embeddable":true,"href":"https:\/\/agora.xtec.cat\/iesdauro\/wp-json\/wp\/v2\/media\/4076"}],"wp:attachment":[{"href":"https:\/\/agora.xtec.cat\/iesdauro\/wp-json\/wp\/v2\/media?parent=4071"}],"wp:term":[{"taxonomy":"category","embeddable":true,"href":"https:\/\/agora.xtec.cat\/iesdauro\/wp-json\/wp\/v2\/categories?post=4071"},{"taxonomy":"post_tag","embeddable":true,"href":"https:\/\/agora.xtec.cat\/iesdauro\/wp-json\/wp\/v2\/tags?post=4071"}],"curies":[{"name":"wp","href":"https:\/\/api.w.org\/{rel}","templated":true}]}}