{"id":4052,"date":"2026-04-26T11:12:05","date_gmt":"2026-04-26T09:12:05","guid":{"rendered":"https:\/\/agora.xtec.cat\/iesdauro\/?p=4052"},"modified":"2026-04-26T11:12:06","modified_gmt":"2026-04-26T09:12:06","slug":"exposicio-el-petit-princep-a-la-biblioteca-del-centre","status":"publish","type":"post","link":"https:\/\/agora.xtec.cat\/iesdauro\/portada\/exposicio-el-petit-princep-a-la-biblioteca-del-centre\/","title":{"rendered":"Exposici\u00f3 &#8220;El petit pr\u00edncep&#8221; a la Biblioteca del centre."},"content":{"rendered":"\n<p>El dia 22 d\u2019abril, durant l\u2019hora de tutoria de 1r d\u2019ESO, es va dur a terme la presentaci\u00f3 de l\u2019exposici\u00f3 El petit pr\u00edncep, a c\u00e0rrec del Toti, antic professor del centre.<\/p>\n\n\n\n<p>L\u2019exposici\u00f3, organitzada en el marc del Pla Lector i de la celebraci\u00f3 de Sant Jordi, es va desenvolupar amb molt bona acollida i participaci\u00f3 per part de l\u2019alumnat. La mostra, instal\u00b7lada a la biblioteca del centre, es va poder visitar a partir del dia 21 d\u2019abril.<\/p>\n\n\n\n<p>Aquesta activitat va ajudar a despertar l\u2019inter\u00e8s per la lectura i a potenciar l\u2019\u00fas de la biblioteca, afavorint alhora la implicaci\u00f3 activa de l\u2019alumnat en una proposta cultural rellevant.&nbsp;<\/p>\n\n\n\n<div class=\"wp-block-getwid-images-slider has-arrows-inside has-dots-inside has-images-center has-fitted-images\"><div class=\"wp-block-getwid-images-slider__wrapper\" data-effect=\"slide\" data-slides-show=\"1\" data-slides-show-laptop=\"1\" data-slides-show-tablet=\"1\" data-slides-show-mobile=\"1\" data-slides-scroll=\"1\" data-autoplay=\"false\" data-pause-hover=\"false\" data-autoplay-speed=\"6000\" data-infinite=\"true\" data-animation-speed=\"800\" data-center-mode=\"false\" data-variable-width=\"false\" data-arrows=\"inside\" data-dots=\"inside\" data-spacing=\"none\"><div class=\"wp-block-getwid-images-slider__item\"><figure><img loading=\"lazy\" decoding=\"async\" width=\"800\" height=\"602\" src=\"https:\/\/agora.xtec.cat\/iesdauro\/wp-content\/uploads\/usu2955\/2026\/04\/IMG-20260422-WA0008.jpg\" alt=\"\" data-id=\"4053\" data-link=\"https:\/\/agora.xtec.cat\/iesdauro\/?attachment_id=4053\" data-original-link=\"https:\/\/agora.xtec.cat\/iesdauro\/wp-content\/uploads\/usu2955\/2026\/04\/IMG-20260422-WA0008.jpg\" class=\"wp-block-getwid-images-slider__image wp-image-4053\" srcset=\"https:\/\/agora.xtec.cat\/iesdauro\/wp-content\/uploads\/usu2955\/2026\/04\/IMG-20260422-WA0008.jpg 800w, https:\/\/agora.xtec.cat\/iesdauro\/wp-content\/uploads\/usu2955\/2026\/04\/IMG-20260422-WA0008-300x226.jpg 300w, https:\/\/agora.xtec.cat\/iesdauro\/wp-content\/uploads\/usu2955\/2026\/04\/IMG-20260422-WA0008-768x578.jpg 768w\" sizes=\"auto, (max-width: 800px) 100vw, 800px\" \/><\/figure><\/div><div class=\"wp-block-getwid-images-slider__item\"><figure><img loading=\"lazy\" decoding=\"async\" width=\"800\" height=\"602\" src=\"https:\/\/agora.xtec.cat\/iesdauro\/wp-content\/uploads\/usu2955\/2026\/04\/IMG-20260422-WA0007.jpg\" alt=\"\" data-id=\"4054\" data-link=\"https:\/\/agora.xtec.cat\/iesdauro\/?attachment_id=4054\" data-original-link=\"https:\/\/agora.xtec.cat\/iesdauro\/wp-content\/uploads\/usu2955\/2026\/04\/IMG-20260422-WA0007.jpg\" class=\"wp-block-getwid-images-slider__image wp-image-4054\" srcset=\"https:\/\/agora.xtec.cat\/iesdauro\/wp-content\/uploads\/usu2955\/2026\/04\/IMG-20260422-WA0007.jpg 800w, https:\/\/agora.xtec.cat\/iesdauro\/wp-content\/uploads\/usu2955\/2026\/04\/IMG-20260422-WA0007-300x226.jpg 300w, https:\/\/agora.xtec.cat\/iesdauro\/wp-content\/uploads\/usu2955\/2026\/04\/IMG-20260422-WA0007-768x578.jpg 768w\" sizes=\"auto, (max-width: 800px) 100vw, 800px\" \/><\/figure><\/div><div class=\"wp-block-getwid-images-slider__item\"><figure><img loading=\"lazy\" decoding=\"async\" width=\"800\" height=\"602\" src=\"https:\/\/agora.xtec.cat\/iesdauro\/wp-content\/uploads\/usu2955\/2026\/04\/IMG-20260422-WA0010.jpg\" alt=\"\" data-id=\"4055\" data-link=\"https:\/\/agora.xtec.cat\/iesdauro\/?attachment_id=4055\" data-original-link=\"https:\/\/agora.xtec.cat\/iesdauro\/wp-content\/uploads\/usu2955\/2026\/04\/IMG-20260422-WA0010.jpg\" class=\"wp-block-getwid-images-slider__image wp-image-4055\" srcset=\"https:\/\/agora.xtec.cat\/iesdauro\/wp-content\/uploads\/usu2955\/2026\/04\/IMG-20260422-WA0010.jpg 800w, https:\/\/agora.xtec.cat\/iesdauro\/wp-content\/uploads\/usu2955\/2026\/04\/IMG-20260422-WA0010-300x226.jpg 300w, https:\/\/agora.xtec.cat\/iesdauro\/wp-content\/uploads\/usu2955\/2026\/04\/IMG-20260422-WA0010-768x578.jpg 768w\" sizes=\"auto, (max-width: 800px) 100vw, 800px\" \/><\/figure><\/div><div class=\"wp-block-getwid-images-slider__item\"><figure><img loading=\"lazy\" decoding=\"async\" width=\"800\" height=\"600\" src=\"https:\/\/agora.xtec.cat\/iesdauro\/wp-content\/uploads\/usu2955\/2026\/04\/IMG-20260422-WA0009.jpg\" alt=\"\" data-id=\"4056\" data-link=\"https:\/\/agora.xtec.cat\/iesdauro\/?attachment_id=4056\" data-original-link=\"https:\/\/agora.xtec.cat\/iesdauro\/wp-content\/uploads\/usu2955\/2026\/04\/IMG-20260422-WA0009.jpg\" class=\"wp-block-getwid-images-slider__image wp-image-4056\" srcset=\"https:\/\/agora.xtec.cat\/iesdauro\/wp-content\/uploads\/usu2955\/2026\/04\/IMG-20260422-WA0009.jpg 800w, https:\/\/agora.xtec.cat\/iesdauro\/wp-content\/uploads\/usu2955\/2026\/04\/IMG-20260422-WA0009-300x225.jpg 300w, https:\/\/agora.xtec.cat\/iesdauro\/wp-content\/uploads\/usu2955\/2026\/04\/IMG-20260422-WA0009-768x576.jpg 768w\" sizes=\"auto, (max-width: 800px) 100vw, 800px\" \/><\/figure><\/div><\/div><\/div>\n","protected":false},"excerpt":{"rendered":"<p>El dia 22 d\u2019abril, durant l\u2019hora de tutoria de 1r d\u2019ESO, es va dur a terme la presentaci\u00f3 de l\u2019exposici\u00f3 El petit pr\u00edncep, a c\u00e0rrec del Toti, antic professor del centre. L\u2019exposici\u00f3, organitzada en el marc del Pla Lector i de la celebraci\u00f3 de Sant Jordi, es va desenvolupar amb molt bona acollida i participaci\u00f3 [&hellip;]<\/p>\n","protected":false},"author":1,"featured_media":4054,"comment_status":"open","ping_status":"open","sticky":false,"template":"","format":"standard","meta":{"_bbp_topic_count":0,"_bbp_reply_count":0,"_bbp_total_topic_count":0,"_bbp_total_reply_count":0,"_bbp_voice_count":0,"_bbp_anonymous_reply_count":0,"_bbp_topic_count_hidden":0,"_bbp_reply_count_hidden":0,"_bbp_forum_subforum_count":0,"site-sidebar-layout":"default","site-content-layout":"","ast-site-content-layout":"default","site-content-style":"default","site-sidebar-style":"default","ast-global-header-display":"","ast-banner-title-visibility":"","ast-main-header-display":"","ast-hfb-above-header-display":"","ast-hfb-below-header-display":"","ast-hfb-mobile-header-display":"","site-post-title":"","ast-breadcrumbs-content":"","ast-featured-img":"","footer-sml-layout":"","theme-transparent-header-meta":"","adv-header-id-meta":"","stick-header-meta":"","header-above-stick-meta":"","header-main-stick-meta":"","header-below-stick-meta":"","astra-migrate-meta-layouts":"set","ast-page-background-enabled":"default","ast-page-background-meta":{"desktop":{"background-color":"var(--ast-global-color-4)","background-image":"","background-repeat":"repeat","background-position":"center center","background-size":"auto","background-attachment":"scroll","background-type":"","background-media":"","overlay-type":"","overlay-color":"","overlay-opacity":"","overlay-gradient":""},"tablet":{"background-color":"","background-image":"","background-repeat":"repeat","background-position":"center center","background-size":"auto","background-attachment":"scroll","background-type":"","background-media":"","overlay-type":"","overlay-color":"","overlay-opacity":"","overlay-gradient":""},"mobile":{"background-color":"","background-image":"","background-repeat":"repeat","background-position":"center center","background-size":"auto","background-attachment":"scroll","background-type":"","background-media":"","overlay-type":"","overlay-color":"","overlay-opacity":"","overlay-gradient":""}},"ast-content-background-meta":{"desktop":{"background-color":"var(--ast-global-color-5)","background-image":"","background-repeat":"repeat","background-position":"center center","background-size":"auto","background-attachment":"scroll","background-type":"","background-media":"","overlay-type":"","overlay-color":"","overlay-opacity":"","overlay-gradient":""},"tablet":{"background-color":"var(--ast-global-color-5)","background-image":"","background-repeat":"repeat","background-position":"center center","background-size":"auto","background-attachment":"scroll","background-type":"","background-media":"","overlay-type":"","overlay-color":"","overlay-opacity":"","overlay-gradient":""},"mobile":{"background-color":"var(--ast-global-color-5)","background-image":"","background-repeat":"repeat","background-position":"center center","background-size":"auto","background-attachment":"scroll","background-type":"","background-media":"","overlay-type":"","overlay-color":"","overlay-opacity":"","overlay-gradient":""}},"footnotes":""},"categories":[134,144,29],"tags":[243],"class_list":["post-4052","post","type-post","status-publish","format-standard","has-post-thumbnail","hentry","category-1eso","category-llengues","category-portada","tag-petit-princep"],"post_mailing_queue_ids":[],"_links":{"self":[{"href":"https:\/\/agora.xtec.cat\/iesdauro\/wp-json\/wp\/v2\/posts\/4052","targetHints":{"allow":["GET"]}}],"collection":[{"href":"https:\/\/agora.xtec.cat\/iesdauro\/wp-json\/wp\/v2\/posts"}],"about":[{"href":"https:\/\/agora.xtec.cat\/iesdauro\/wp-json\/wp\/v2\/types\/post"}],"author":[{"embeddable":true,"href":"https:\/\/agora.xtec.cat\/iesdauro\/wp-json\/wp\/v2\/users\/1"}],"replies":[{"embeddable":true,"href":"https:\/\/agora.xtec.cat\/iesdauro\/wp-json\/wp\/v2\/comments?post=4052"}],"version-history":[{"count":1,"href":"https:\/\/agora.xtec.cat\/iesdauro\/wp-json\/wp\/v2\/posts\/4052\/revisions"}],"predecessor-version":[{"id":4057,"href":"https:\/\/agora.xtec.cat\/iesdauro\/wp-json\/wp\/v2\/posts\/4052\/revisions\/4057"}],"wp:featuredmedia":[{"embeddable":true,"href":"https:\/\/agora.xtec.cat\/iesdauro\/wp-json\/wp\/v2\/media\/4054"}],"wp:attachment":[{"href":"https:\/\/agora.xtec.cat\/iesdauro\/wp-json\/wp\/v2\/media?parent=4052"}],"wp:term":[{"taxonomy":"category","embeddable":true,"href":"https:\/\/agora.xtec.cat\/iesdauro\/wp-json\/wp\/v2\/categories?post=4052"},{"taxonomy":"post_tag","embeddable":true,"href":"https:\/\/agora.xtec.cat\/iesdauro\/wp-json\/wp\/v2\/tags?post=4052"}],"curies":[{"name":"wp","href":"https:\/\/api.w.org\/{rel}","templated":true}]}}