{"id":3907,"date":"2026-03-13T10:39:19","date_gmt":"2026-03-13T09:39:19","guid":{"rendered":"https:\/\/agora.xtec.cat\/iesdauro\/?p=3907"},"modified":"2026-03-13T11:01:49","modified_gmt":"2026-03-13T10:01:49","slug":"2n-bat-a-la-maternitat-elna","status":"publish","type":"post","link":"https:\/\/agora.xtec.cat\/iesdauro\/portada\/2n-bat-a-la-maternitat-elna\/","title":{"rendered":"2n BAT a la Maternitat Elna"},"content":{"rendered":"\n<p>En el marc del projecte<em> <\/em><strong><em>&#8220;La Maternitat d\u2019Elna i l&#8217;exili republic\u00e0&#8221;<\/em><\/strong>, el passat 10 de mar\u00e7 l&#8217;alumnat de 2n BAT va participar en una classe d&#8217;hist\u00f2ria<em> in situ<\/em>: van fer una visita al Castell de Sant Ferran de Figueres, Cotlliure i la platja d&#8217;Argelers de la m\u00e0 de la historiadora i escriptora Assumpta Montell\u00e0. Una activitat per aprendre del passat, entendre el present i construir el futur.<\/p>\n\n\n\n<p><strong><em>(Fotos castell interior i visita castell)&nbsp;<\/em><\/strong><\/p>\n\n\n\n<p><em>Imatges escoltant l&#8217;Assumpta Montell\u00e0 a l\u2019interior del Castell de Sant Ferran, explicant la import\u00e0ncia de la Maternitat d\u2019Elna i qui va ser Elisabeth Eidenbenz.<\/em><\/p>\n\n\n\n<p><strong><em>(Foto machado)<\/em><\/strong><\/p>\n\n\n\n<p><em>Fotografia davant la tomba del poeta i escriptor Antonio Machado, escoltant la seva hist\u00f2ria i el seu exili amb l\u2019Assumpta.<\/em><\/p>\n\n\n\n<p><strong><em>(Foto argelers)<\/em><\/strong><\/p>\n\n\n\n<p><em>Foto de grup a la platja d\u2019Argelers on es va fer un minut de silenci en record a tots aquells exiliats -dones, homes i nens- de la Guerra Civil Espanyola que van acabar al camp d&#8217;Argelers.&nbsp;<\/em><\/p>\n\n\n\n<div class=\"wp-block-getwid-images-slider has-arrows-inside has-dots-inside has-images-center has-cropped-images has-fixed-height\"><div class=\"wp-block-getwid-images-slider__wrapper\" data-effect=\"slide\" data-slides-show=\"1\" data-slides-show-laptop=\"1\" data-slides-show-tablet=\"1\" data-slides-show-mobile=\"1\" data-slides-scroll=\"1\" data-autoplay=\"false\" data-pause-hover=\"false\" data-autoplay-speed=\"6000\" data-infinite=\"true\" data-animation-speed=\"800\" data-center-mode=\"false\" data-variable-width=\"false\" data-arrows=\"inside\" data-dots=\"inside\" data-spacing=\"none\"><div class=\"wp-block-getwid-images-slider__item\" style=\"height:600px\"><figure><img loading=\"lazy\" decoding=\"async\" width=\"2016\" height=\"1512\" src=\"https:\/\/agora.xtec.cat\/iesdauro\/wp-content\/uploads\/usu2955\/2026\/03\/argeles-bona.jpeg\" data-id=\"3911\" data-link=\"https:\/\/agora.xtec.cat\/iesdauro\/?attachment_id=3911\" data-original-link=\"https:\/\/agora.xtec.cat\/iesdauro\/wp-content\/uploads\/usu2955\/2026\/03\/argeles-bona.jpeg\" class=\"wp-block-getwid-images-slider__image wp-image-3911\" srcset=\"https:\/\/agora.xtec.cat\/iesdauro\/wp-content\/uploads\/usu2955\/2026\/03\/argeles-bona.jpeg 2016w, https:\/\/agora.xtec.cat\/iesdauro\/wp-content\/uploads\/usu2955\/2026\/03\/argeles-bona-300x225.jpeg 300w, https:\/\/agora.xtec.cat\/iesdauro\/wp-content\/uploads\/usu2955\/2026\/03\/argeles-bona-1024x768.jpeg 1024w, https:\/\/agora.xtec.cat\/iesdauro\/wp-content\/uploads\/usu2955\/2026\/03\/argeles-bona-768x576.jpeg 768w, https:\/\/agora.xtec.cat\/iesdauro\/wp-content\/uploads\/usu2955\/2026\/03\/argeles-bona-1536x1152.jpeg 1536w\" sizes=\"auto, (max-width: 2016px) 100vw, 2016px\" \/><\/figure><\/div><div class=\"wp-block-getwid-images-slider__item\" style=\"height:600px\"><figure><img loading=\"lazy\" decoding=\"async\" width=\"768\" height=\"1024\" src=\"https:\/\/agora.xtec.cat\/iesdauro\/wp-content\/uploads\/usu2955\/2026\/03\/Machado.jpeg\" data-id=\"3910\" data-link=\"https:\/\/agora.xtec.cat\/iesdauro\/?attachment_id=3910\" data-original-link=\"https:\/\/agora.xtec.cat\/iesdauro\/wp-content\/uploads\/usu2955\/2026\/03\/Machado.jpeg\" class=\"wp-block-getwid-images-slider__image wp-image-3910\" srcset=\"https:\/\/agora.xtec.cat\/iesdauro\/wp-content\/uploads\/usu2955\/2026\/03\/Machado.jpeg 768w, https:\/\/agora.xtec.cat\/iesdauro\/wp-content\/uploads\/usu2955\/2026\/03\/Machado-225x300.jpeg 225w\" sizes=\"auto, (max-width: 768px) 100vw, 768px\" \/><\/figure><\/div><div class=\"wp-block-getwid-images-slider__item\" style=\"height:600px\"><figure><img loading=\"lazy\" decoding=\"async\" width=\"600\" height=\"800\" src=\"https:\/\/agora.xtec.cat\/iesdauro\/wp-content\/uploads\/usu2955\/2026\/03\/castell_interior.jpeg\" data-id=\"3908\" data-link=\"https:\/\/agora.xtec.cat\/iesdauro\/?attachment_id=3908\" data-original-link=\"https:\/\/agora.xtec.cat\/iesdauro\/wp-content\/uploads\/usu2955\/2026\/03\/castell_interior.jpeg\" class=\"wp-block-getwid-images-slider__image wp-image-3908\" srcset=\"https:\/\/agora.xtec.cat\/iesdauro\/wp-content\/uploads\/usu2955\/2026\/03\/castell_interior.jpeg 600w, https:\/\/agora.xtec.cat\/iesdauro\/wp-content\/uploads\/usu2955\/2026\/03\/castell_interior-225x300.jpeg 225w\" sizes=\"auto, (max-width: 600px) 100vw, 600px\" \/><\/figure><\/div><div class=\"wp-block-getwid-images-slider__item\" style=\"height:600px\"><figure><img loading=\"lazy\" decoding=\"async\" width=\"600\" height=\"800\" src=\"https:\/\/agora.xtec.cat\/iesdauro\/wp-content\/uploads\/usu2955\/2026\/03\/Visita-castell.jpeg\" data-id=\"3909\" data-link=\"https:\/\/agora.xtec.cat\/iesdauro\/?attachment_id=3909\" data-original-link=\"https:\/\/agora.xtec.cat\/iesdauro\/wp-content\/uploads\/usu2955\/2026\/03\/Visita-castell.jpeg\" class=\"wp-block-getwid-images-slider__image wp-image-3909\" srcset=\"https:\/\/agora.xtec.cat\/iesdauro\/wp-content\/uploads\/usu2955\/2026\/03\/Visita-castell.jpeg 600w, https:\/\/agora.xtec.cat\/iesdauro\/wp-content\/uploads\/usu2955\/2026\/03\/Visita-castell-225x300.jpeg 225w\" sizes=\"auto, (max-width: 600px) 100vw, 600px\" \/><\/figure><\/div><\/div><\/div>\n","protected":false},"excerpt":{"rendered":"<p>En el marc del projecte &#8220;La Maternitat d\u2019Elna i l&#8217;exili republic\u00e0&#8221;, el passat 10 de mar\u00e7 l&#8217;alumnat de 2n BAT va participar en una classe d&#8217;hist\u00f2ria in situ: van fer una visita al Castell de Sant Ferran de Figueres, Cotlliure i la platja d&#8217;Argelers de la m\u00e0 de la historiadora i escriptora Assumpta Montell\u00e0. Una [&hellip;]<\/p>\n","protected":false},"author":1,"featured_media":3910,"comment_status":"open","ping_status":"open","sticky":false,"template":"","format":"standard","meta":{"_bbp_topic_count":0,"_bbp_reply_count":0,"_bbp_total_topic_count":0,"_bbp_total_reply_count":0,"_bbp_voice_count":0,"_bbp_anonymous_reply_count":0,"_bbp_topic_count_hidden":0,"_bbp_reply_count_hidden":0,"_bbp_forum_subforum_count":0,"site-sidebar-layout":"default","site-content-layout":"","ast-site-content-layout":"default","site-content-style":"default","site-sidebar-style":"default","ast-global-header-display":"","ast-banner-title-visibility":"","ast-main-header-display":"","ast-hfb-above-header-display":"","ast-hfb-below-header-display":"","ast-hfb-mobile-header-display":"","site-post-title":"","ast-breadcrumbs-content":"","ast-featured-img":"","footer-sml-layout":"","theme-transparent-header-meta":"","adv-header-id-meta":"","stick-header-meta":"","header-above-stick-meta":"","header-main-stick-meta":"","header-below-stick-meta":"","astra-migrate-meta-layouts":"set","ast-page-background-enabled":"default","ast-page-background-meta":{"desktop":{"background-color":"var(--ast-global-color-4)","background-image":"","background-repeat":"repeat","background-position":"center center","background-size":"auto","background-attachment":"scroll","background-type":"","background-media":"","overlay-type":"","overlay-color":"","overlay-opacity":"","overlay-gradient":""},"tablet":{"background-color":"","background-image":"","background-repeat":"repeat","background-position":"center center","background-size":"auto","background-attachment":"scroll","background-type":"","background-media":"","overlay-type":"","overlay-color":"","overlay-opacity":"","overlay-gradient":""},"mobile":{"background-color":"","background-image":"","background-repeat":"repeat","background-position":"center center","background-size":"auto","background-attachment":"scroll","background-type":"","background-media":"","overlay-type":"","overlay-color":"","overlay-opacity":"","overlay-gradient":""}},"ast-content-background-meta":{"desktop":{"background-color":"var(--ast-global-color-5)","background-image":"","background-repeat":"repeat","background-position":"center center","background-size":"auto","background-attachment":"scroll","background-type":"","background-media":"","overlay-type":"","overlay-color":"","overlay-opacity":"","overlay-gradient":""},"tablet":{"background-color":"var(--ast-global-color-5)","background-image":"","background-repeat":"repeat","background-position":"center center","background-size":"auto","background-attachment":"scroll","background-type":"","background-media":"","overlay-type":"","overlay-color":"","overlay-opacity":"","overlay-gradient":""},"mobile":{"background-color":"var(--ast-global-color-5)","background-image":"","background-repeat":"repeat","background-position":"center center","background-size":"auto","background-attachment":"scroll","background-type":"","background-media":"","overlay-type":"","overlay-color":"","overlay-opacity":"","overlay-gradient":""}},"footnotes":""},"categories":[139,143,29],"tags":[235],"class_list":["post-3907","post","type-post","status-publish","format-standard","has-post-thumbnail","hentry","category-2bat","category-ciencies-socials","category-portada","tag-maternitat-elna"],"post_mailing_queue_ids":[],"_links":{"self":[{"href":"https:\/\/agora.xtec.cat\/iesdauro\/wp-json\/wp\/v2\/posts\/3907","targetHints":{"allow":["GET"]}}],"collection":[{"href":"https:\/\/agora.xtec.cat\/iesdauro\/wp-json\/wp\/v2\/posts"}],"about":[{"href":"https:\/\/agora.xtec.cat\/iesdauro\/wp-json\/wp\/v2\/types\/post"}],"author":[{"embeddable":true,"href":"https:\/\/agora.xtec.cat\/iesdauro\/wp-json\/wp\/v2\/users\/1"}],"replies":[{"embeddable":true,"href":"https:\/\/agora.xtec.cat\/iesdauro\/wp-json\/wp\/v2\/comments?post=3907"}],"version-history":[{"count":2,"href":"https:\/\/agora.xtec.cat\/iesdauro\/wp-json\/wp\/v2\/posts\/3907\/revisions"}],"predecessor-version":[{"id":3913,"href":"https:\/\/agora.xtec.cat\/iesdauro\/wp-json\/wp\/v2\/posts\/3907\/revisions\/3913"}],"wp:featuredmedia":[{"embeddable":true,"href":"https:\/\/agora.xtec.cat\/iesdauro\/wp-json\/wp\/v2\/media\/3910"}],"wp:attachment":[{"href":"https:\/\/agora.xtec.cat\/iesdauro\/wp-json\/wp\/v2\/media?parent=3907"}],"wp:term":[{"taxonomy":"category","embeddable":true,"href":"https:\/\/agora.xtec.cat\/iesdauro\/wp-json\/wp\/v2\/categories?post=3907"},{"taxonomy":"post_tag","embeddable":true,"href":"https:\/\/agora.xtec.cat\/iesdauro\/wp-json\/wp\/v2\/tags?post=3907"}],"curies":[{"name":"wp","href":"https:\/\/api.w.org\/{rel}","templated":true}]}}