{"id":3838,"date":"2026-02-24T17:16:41","date_gmt":"2026-02-24T16:16:41","guid":{"rendered":"https:\/\/agora.xtec.cat\/iesdauro\/?p=3838"},"modified":"2026-02-24T17:20:35","modified_gmt":"2026-02-24T16:20:35","slug":"la-mona-lisa-del-segle-xxi","status":"publish","type":"post","link":"https:\/\/agora.xtec.cat\/iesdauro\/general\/la-mona-lisa-del-segle-xxi\/","title":{"rendered":"La Mona Lisa del Segle XXI."},"content":{"rendered":"\n<p>La Mona Lisa es reinventa al nostre centre! A l\u2019optativa Art Jove de 1r d\u2019ESO, l\u2019alumnat ha versionat la m\u00edtica Mona Lisa de Leonardo da Vinci, donant-li una mirada actual, cr\u00edtica i plena de creativitat. A partir d\u2019aquesta obra ic\u00f2nica del Renaixement, els i les alumnes han reinterpretat el retrat canviant-ne el rostre per influencers, \u00eddols del m\u00f3n de la m\u00fasica, l\u2019esport o el cinema, personatges de ficci\u00f3 o persones referents del seu entorn, i en alguns casos tamb\u00e9 n\u2019han adaptat la vestimenta.  El resultat ha estat una exposici\u00f3 rica en imaginaci\u00f3 i reflexi\u00f3, que demostra que l\u2019art \u00e9s viu i que les grans obres poden dialogar perfectament amb la realitat present. Enhorabona a tot l\u2019alumnat d\u2019Art Jove per la seva implicaci\u00f3 i creativitat! <\/p>\n\n\n\n<div class=\"wp-block-getwid-images-slider has-arrows-inside has-dots-inside has-images-center\"><div class=\"wp-block-getwid-images-slider__wrapper\" data-effect=\"slide\" data-slides-show=\"1\" data-slides-show-laptop=\"1\" data-slides-show-tablet=\"1\" data-slides-show-mobile=\"1\" data-slides-scroll=\"1\" data-autoplay=\"false\" data-pause-hover=\"false\" data-autoplay-speed=\"6000\" data-infinite=\"true\" data-animation-speed=\"600\" data-center-mode=\"false\" data-variable-width=\"false\" data-arrows=\"inside\" data-dots=\"inside\" data-spacing=\"none\"><div class=\"wp-block-getwid-images-slider__item\"><figure><img loading=\"lazy\" decoding=\"async\" width=\"768\" height=\"1024\" src=\"https:\/\/agora.xtec.cat\/iesdauro\/wp-content\/uploads\/usu2955\/2026\/02\/1771949309194-768x1024.jpg\" alt=\"\" data-id=\"3839\" data-link=\"https:\/\/agora.xtec.cat\/iesdauro\/general\/la-mona-lisa-del-segle-xxi\/attachment\/1771949309194\/\" data-original-link=\"https:\/\/agora.xtec.cat\/iesdauro\/wp-content\/uploads\/usu2955\/2026\/02\/1771949309194.jpg\" class=\"wp-block-getwid-images-slider__image wp-image-3839\" srcset=\"https:\/\/agora.xtec.cat\/iesdauro\/wp-content\/uploads\/usu2955\/2026\/02\/1771949309194-768x1024.jpg 768w, https:\/\/agora.xtec.cat\/iesdauro\/wp-content\/uploads\/usu2955\/2026\/02\/1771949309194-225x300.jpg 225w, https:\/\/agora.xtec.cat\/iesdauro\/wp-content\/uploads\/usu2955\/2026\/02\/1771949309194-1152x1536.jpg 1152w, https:\/\/agora.xtec.cat\/iesdauro\/wp-content\/uploads\/usu2955\/2026\/02\/1771949309194.jpg 1500w\" sizes=\"auto, (max-width: 768px) 100vw, 768px\" \/><\/figure><\/div><div class=\"wp-block-getwid-images-slider__item\"><figure><img loading=\"lazy\" decoding=\"async\" width=\"768\" height=\"1024\" src=\"https:\/\/agora.xtec.cat\/iesdauro\/wp-content\/uploads\/usu2955\/2026\/02\/1771949309270-768x1024.jpg\" alt=\"\" data-id=\"3840\" data-link=\"https:\/\/agora.xtec.cat\/iesdauro\/general\/la-mona-lisa-del-segle-xxi\/attachment\/1771949309270\/\" data-original-link=\"https:\/\/agora.xtec.cat\/iesdauro\/wp-content\/uploads\/usu2955\/2026\/02\/1771949309270.jpg\" class=\"wp-block-getwid-images-slider__image wp-image-3840\" srcset=\"https:\/\/agora.xtec.cat\/iesdauro\/wp-content\/uploads\/usu2955\/2026\/02\/1771949309270-768x1024.jpg 768w, https:\/\/agora.xtec.cat\/iesdauro\/wp-content\/uploads\/usu2955\/2026\/02\/1771949309270-225x300.jpg 225w, https:\/\/agora.xtec.cat\/iesdauro\/wp-content\/uploads\/usu2955\/2026\/02\/1771949309270-1152x1536.jpg 1152w, https:\/\/agora.xtec.cat\/iesdauro\/wp-content\/uploads\/usu2955\/2026\/02\/1771949309270.jpg 1500w\" sizes=\"auto, (max-width: 768px) 100vw, 768px\" \/><\/figure><\/div><div class=\"wp-block-getwid-images-slider__item\"><figure><img loading=\"lazy\" decoding=\"async\" width=\"768\" height=\"1024\" src=\"https:\/\/agora.xtec.cat\/iesdauro\/wp-content\/uploads\/usu2955\/2026\/02\/1771949309307-768x1024.jpg\" alt=\"\" data-id=\"3841\" data-link=\"https:\/\/agora.xtec.cat\/iesdauro\/general\/la-mona-lisa-del-segle-xxi\/attachment\/1771949309307\/\" data-original-link=\"https:\/\/agora.xtec.cat\/iesdauro\/wp-content\/uploads\/usu2955\/2026\/02\/1771949309307.jpg\" class=\"wp-block-getwid-images-slider__image wp-image-3841\" srcset=\"https:\/\/agora.xtec.cat\/iesdauro\/wp-content\/uploads\/usu2955\/2026\/02\/1771949309307-768x1024.jpg 768w, https:\/\/agora.xtec.cat\/iesdauro\/wp-content\/uploads\/usu2955\/2026\/02\/1771949309307-225x300.jpg 225w, https:\/\/agora.xtec.cat\/iesdauro\/wp-content\/uploads\/usu2955\/2026\/02\/1771949309307-1152x1536.jpg 1152w, https:\/\/agora.xtec.cat\/iesdauro\/wp-content\/uploads\/usu2955\/2026\/02\/1771949309307.jpg 1500w\" sizes=\"auto, (max-width: 768px) 100vw, 768px\" \/><\/figure><\/div><div class=\"wp-block-getwid-images-slider__item\"><figure><img loading=\"lazy\" decoding=\"async\" width=\"768\" height=\"1024\" src=\"https:\/\/agora.xtec.cat\/iesdauro\/wp-content\/uploads\/usu2955\/2026\/02\/1771949309344-768x1024.jpg\" alt=\"\" data-id=\"3842\" data-link=\"https:\/\/agora.xtec.cat\/iesdauro\/general\/la-mona-lisa-del-segle-xxi\/attachment\/1771949309344\/\" data-original-link=\"https:\/\/agora.xtec.cat\/iesdauro\/wp-content\/uploads\/usu2955\/2026\/02\/1771949309344.jpg\" class=\"wp-block-getwid-images-slider__image wp-image-3842\" srcset=\"https:\/\/agora.xtec.cat\/iesdauro\/wp-content\/uploads\/usu2955\/2026\/02\/1771949309344-768x1024.jpg 768w, https:\/\/agora.xtec.cat\/iesdauro\/wp-content\/uploads\/usu2955\/2026\/02\/1771949309344-225x300.jpg 225w, https:\/\/agora.xtec.cat\/iesdauro\/wp-content\/uploads\/usu2955\/2026\/02\/1771949309344-1152x1536.jpg 1152w, https:\/\/agora.xtec.cat\/iesdauro\/wp-content\/uploads\/usu2955\/2026\/02\/1771949309344.jpg 1500w\" sizes=\"auto, (max-width: 768px) 100vw, 768px\" \/><\/figure><\/div><div class=\"wp-block-getwid-images-slider__item\"><figure><img loading=\"lazy\" decoding=\"async\" width=\"768\" height=\"576\" src=\"https:\/\/agora.xtec.cat\/iesdauro\/wp-content\/uploads\/usu2955\/2026\/02\/1771949309387-768x576.jpg\" alt=\"\" data-id=\"3843\" data-link=\"https:\/\/agora.xtec.cat\/iesdauro\/general\/la-mona-lisa-del-segle-xxi\/attachment\/1771949309387\/\" data-original-link=\"https:\/\/agora.xtec.cat\/iesdauro\/wp-content\/uploads\/usu2955\/2026\/02\/1771949309387.jpg\" class=\"wp-block-getwid-images-slider__image wp-image-3843\" srcset=\"https:\/\/agora.xtec.cat\/iesdauro\/wp-content\/uploads\/usu2955\/2026\/02\/1771949309387-768x576.jpg 768w, https:\/\/agora.xtec.cat\/iesdauro\/wp-content\/uploads\/usu2955\/2026\/02\/1771949309387-300x225.jpg 300w, https:\/\/agora.xtec.cat\/iesdauro\/wp-content\/uploads\/usu2955\/2026\/02\/1771949309387-1024x768.jpg 1024w, https:\/\/agora.xtec.cat\/iesdauro\/wp-content\/uploads\/usu2955\/2026\/02\/1771949309387-1536x1152.jpg 1536w, https:\/\/agora.xtec.cat\/iesdauro\/wp-content\/uploads\/usu2955\/2026\/02\/1771949309387.jpg 2000w\" sizes=\"auto, (max-width: 768px) 100vw, 768px\" \/><\/figure><\/div><div class=\"wp-block-getwid-images-slider__item\"><figure><img loading=\"lazy\" decoding=\"async\" width=\"768\" height=\"1024\" src=\"https:\/\/agora.xtec.cat\/iesdauro\/wp-content\/uploads\/usu2955\/2026\/02\/1771949309234-768x1024.jpg\" alt=\"\" data-id=\"3844\" data-link=\"https:\/\/agora.xtec.cat\/iesdauro\/general\/la-mona-lisa-del-segle-xxi\/attachment\/1771949309234\/\" data-original-link=\"https:\/\/agora.xtec.cat\/iesdauro\/wp-content\/uploads\/usu2955\/2026\/02\/1771949309234.jpg\" class=\"wp-block-getwid-images-slider__image wp-image-3844\" srcset=\"https:\/\/agora.xtec.cat\/iesdauro\/wp-content\/uploads\/usu2955\/2026\/02\/1771949309234-768x1024.jpg 768w, https:\/\/agora.xtec.cat\/iesdauro\/wp-content\/uploads\/usu2955\/2026\/02\/1771949309234-225x300.jpg 225w, https:\/\/agora.xtec.cat\/iesdauro\/wp-content\/uploads\/usu2955\/2026\/02\/1771949309234-1152x1536.jpg 1152w, https:\/\/agora.xtec.cat\/iesdauro\/wp-content\/uploads\/usu2955\/2026\/02\/1771949309234.jpg 1500w\" sizes=\"auto, (max-width: 768px) 100vw, 768px\" \/><\/figure><\/div><\/div><\/div>\n","protected":false},"excerpt":{"rendered":"<p>La Mona Lisa es reinventa al nostre centre! A l\u2019optativa Art Jove de 1r d\u2019ESO, l\u2019alumnat ha versionat la m\u00edtica Mona Lisa de Leonardo da Vinci, donant-li una mirada actual, cr\u00edtica i plena de creativitat. A partir d\u2019aquesta obra ic\u00f2nica del Renaixement, els i les alumnes han reinterpretat el retrat canviant-ne el rostre per influencers, [&hellip;]<\/p>\n","protected":false},"author":1,"featured_media":3843,"comment_status":"open","ping_status":"open","sticky":false,"template":"","format":"standard","meta":{"_bbp_topic_count":0,"_bbp_reply_count":0,"_bbp_total_topic_count":0,"_bbp_total_reply_count":0,"_bbp_voice_count":0,"_bbp_anonymous_reply_count":0,"_bbp_topic_count_hidden":0,"_bbp_reply_count_hidden":0,"_bbp_forum_subforum_count":0,"site-sidebar-layout":"default","site-content-layout":"","ast-site-content-layout":"default","site-content-style":"default","site-sidebar-style":"default","ast-global-header-display":"","ast-banner-title-visibility":"","ast-main-header-display":"","ast-hfb-above-header-display":"","ast-hfb-below-header-display":"","ast-hfb-mobile-header-display":"","site-post-title":"","ast-breadcrumbs-content":"","ast-featured-img":"","footer-sml-layout":"","theme-transparent-header-meta":"","adv-header-id-meta":"","stick-header-meta":"","header-above-stick-meta":"","header-main-stick-meta":"","header-below-stick-meta":"","astra-migrate-meta-layouts":"set","ast-page-background-enabled":"default","ast-page-background-meta":{"desktop":{"background-color":"var(--ast-global-color-4)","background-image":"","background-repeat":"repeat","background-position":"center center","background-size":"auto","background-attachment":"scroll","background-type":"","background-media":"","overlay-type":"","overlay-color":"","overlay-opacity":"","overlay-gradient":""},"tablet":{"background-color":"","background-image":"","background-repeat":"repeat","background-position":"center center","background-size":"auto","background-attachment":"scroll","background-type":"","background-media":"","overlay-type":"","overlay-color":"","overlay-opacity":"","overlay-gradient":""},"mobile":{"background-color":"","background-image":"","background-repeat":"repeat","background-position":"center center","background-size":"auto","background-attachment":"scroll","background-type":"","background-media":"","overlay-type":"","overlay-color":"","overlay-opacity":"","overlay-gradient":""}},"ast-content-background-meta":{"desktop":{"background-color":"var(--ast-global-color-5)","background-image":"","background-repeat":"repeat","background-position":"center center","background-size":"auto","background-attachment":"scroll","background-type":"","background-media":"","overlay-type":"","overlay-color":"","overlay-opacity":"","overlay-gradient":""},"tablet":{"background-color":"var(--ast-global-color-5)","background-image":"","background-repeat":"repeat","background-position":"center center","background-size":"auto","background-attachment":"scroll","background-type":"","background-media":"","overlay-type":"","overlay-color":"","overlay-opacity":"","overlay-gradient":""},"mobile":{"background-color":"var(--ast-global-color-5)","background-image":"","background-repeat":"repeat","background-position":"center center","background-size":"auto","background-attachment":"scroll","background-type":"","background-media":"","overlay-type":"","overlay-color":"","overlay-opacity":"","overlay-gradient":""}},"footnotes":""},"categories":[134,141,1,29],"tags":[233],"class_list":["post-3838","post","type-post","status-publish","format-standard","has-post-thumbnail","hentry","category-1eso","category-expressions","category-general","category-portada","tag-art-jove"],"post_mailing_queue_ids":[],"_links":{"self":[{"href":"https:\/\/agora.xtec.cat\/iesdauro\/wp-json\/wp\/v2\/posts\/3838","targetHints":{"allow":["GET"]}}],"collection":[{"href":"https:\/\/agora.xtec.cat\/iesdauro\/wp-json\/wp\/v2\/posts"}],"about":[{"href":"https:\/\/agora.xtec.cat\/iesdauro\/wp-json\/wp\/v2\/types\/post"}],"author":[{"embeddable":true,"href":"https:\/\/agora.xtec.cat\/iesdauro\/wp-json\/wp\/v2\/users\/1"}],"replies":[{"embeddable":true,"href":"https:\/\/agora.xtec.cat\/iesdauro\/wp-json\/wp\/v2\/comments?post=3838"}],"version-history":[{"count":2,"href":"https:\/\/agora.xtec.cat\/iesdauro\/wp-json\/wp\/v2\/posts\/3838\/revisions"}],"predecessor-version":[{"id":3846,"href":"https:\/\/agora.xtec.cat\/iesdauro\/wp-json\/wp\/v2\/posts\/3838\/revisions\/3846"}],"wp:featuredmedia":[{"embeddable":true,"href":"https:\/\/agora.xtec.cat\/iesdauro\/wp-json\/wp\/v2\/media\/3843"}],"wp:attachment":[{"href":"https:\/\/agora.xtec.cat\/iesdauro\/wp-json\/wp\/v2\/media?parent=3838"}],"wp:term":[{"taxonomy":"category","embeddable":true,"href":"https:\/\/agora.xtec.cat\/iesdauro\/wp-json\/wp\/v2\/categories?post=3838"},{"taxonomy":"post_tag","embeddable":true,"href":"https:\/\/agora.xtec.cat\/iesdauro\/wp-json\/wp\/v2\/tags?post=3838"}],"curies":[{"name":"wp","href":"https:\/\/api.w.org\/{rel}","templated":true}]}}