{"id":3655,"date":"2026-02-04T09:12:33","date_gmt":"2026-02-04T08:12:33","guid":{"rendered":"https:\/\/agora.xtec.cat\/iesdauro\/?p=3655"},"modified":"2026-02-04T09:12:33","modified_gmt":"2026-02-04T08:12:33","slug":"amical-de-mauthausen","status":"publish","type":"post","link":"https:\/\/agora.xtec.cat\/iesdauro\/portada\/amical-de-mauthausen\/","title":{"rendered":"Amical de Mauthausen"},"content":{"rendered":"<p>El passat dijous 29 de gener l\u2019alumnat de 1r de batxillerat va rebre la visita d&#8217;en Joan Calvo, president de l\u2019<em>Amical de Mauthausen i altres camps de concentraci\u00f3\u00a0i de totes les v\u00edctimes del nazisme d\u2019Espanya<\/em>.<\/p>\n<p>Calvo va oferir una xerrada gr\u00e0cies a la qual el nostre alumnat va poder fer-se a la idea de la hist\u00f2ria de la deportaci\u00f3, l\u2019Holocaust, retre un homenatge a totes aquelles persones que van viure i lluitar durant la Guerra Civil Espanyola i que m\u00e9s tard van patir deportaci\u00f3 als camps nazis; combatre l&#8217;oblit i fer mem\u00f2ria per tal que episodis com aquests no es tornin a repetir mai m\u00e9s.<\/p>\n<p>Una activitat molt significativa que s&#8217;emmarca en les diferents accions dutes a terme arreu del territori en el Dia Internacional de Commemoraci\u00f3 en Mem\u00f2ria de les V\u00edctimes de l&#8217;Holocaust (27 de gener).<\/p>\n<p><a href=\"https:\/\/agora.xtec.cat\/iesdauro\/wp-content\/uploads\/usu2955\/2026\/02\/amical.jpeg\"><img loading=\"lazy\" decoding=\"async\" class=\"alignnone size-large wp-image-3656\" src=\"https:\/\/agora.xtec.cat\/iesdauro\/wp-content\/uploads\/usu2955\/2026\/02\/amical-1024x768.jpeg\" alt=\"\" width=\"1024\" height=\"768\" srcset=\"https:\/\/agora.xtec.cat\/iesdauro\/wp-content\/uploads\/usu2955\/2026\/02\/amical-1024x768.jpeg 1024w, https:\/\/agora.xtec.cat\/iesdauro\/wp-content\/uploads\/usu2955\/2026\/02\/amical-300x225.jpeg 300w, https:\/\/agora.xtec.cat\/iesdauro\/wp-content\/uploads\/usu2955\/2026\/02\/amical-768x576.jpeg 768w, https:\/\/agora.xtec.cat\/iesdauro\/wp-content\/uploads\/usu2955\/2026\/02\/amical-1536x1152.jpeg 1536w, https:\/\/agora.xtec.cat\/iesdauro\/wp-content\/uploads\/usu2955\/2026\/02\/amical-200x150.jpeg 200w, https:\/\/agora.xtec.cat\/iesdauro\/wp-content\/uploads\/usu2955\/2026\/02\/amical.jpeg 2016w\" sizes=\"auto, (max-width: 1024px) 100vw, 1024px\" \/><\/a><\/p>\n","protected":false},"excerpt":{"rendered":"<p>El passat dijous 29 de gener l\u2019alumnat de 1r de batxillerat va rebre la visita d&#8217;en Joan Calvo, president de l\u2019Amical de Mauthausen i altres camps de concentraci\u00f3\u00a0i de totes les v\u00edctimes del nazisme d\u2019Espanya.\u00a0<\/p>\n","protected":false},"author":1,"featured_media":3656,"comment_status":"open","ping_status":"open","sticky":false,"template":"","format":"standard","meta":{"_bbp_topic_count":0,"_bbp_reply_count":0,"_bbp_total_topic_count":0,"_bbp_total_reply_count":0,"_bbp_voice_count":0,"_bbp_anonymous_reply_count":0,"_bbp_topic_count_hidden":0,"_bbp_reply_count_hidden":0,"_bbp_forum_subforum_count":0,"site-sidebar-layout":"default","site-content-layout":"","ast-site-content-layout":"","site-content-style":"default","site-sidebar-style":"default","ast-global-header-display":"","ast-banner-title-visibility":"","ast-main-header-display":"","ast-hfb-above-header-display":"","ast-hfb-below-header-display":"","ast-hfb-mobile-header-display":"","site-post-title":"","ast-breadcrumbs-content":"","ast-featured-img":"","footer-sml-layout":"","theme-transparent-header-meta":"","adv-header-id-meta":"","stick-header-meta":"","header-above-stick-meta":"","header-main-stick-meta":"","header-below-stick-meta":"","astra-migrate-meta-layouts":"default","ast-page-background-enabled":"default","ast-page-background-meta":{"desktop":{"background-color":"var(--ast-global-color-4)","background-image":"","background-repeat":"repeat","background-position":"center center","background-size":"auto","background-attachment":"scroll","background-type":"","background-media":"","overlay-type":"","overlay-color":"","overlay-opacity":"","overlay-gradient":""},"tablet":{"background-color":"","background-image":"","background-repeat":"repeat","background-position":"center center","background-size":"auto","background-attachment":"scroll","background-type":"","background-media":"","overlay-type":"","overlay-color":"","overlay-opacity":"","overlay-gradient":""},"mobile":{"background-color":"","background-image":"","background-repeat":"repeat","background-position":"center center","background-size":"auto","background-attachment":"scroll","background-type":"","background-media":"","overlay-type":"","overlay-color":"","overlay-opacity":"","overlay-gradient":""}},"ast-content-background-meta":{"desktop":{"background-color":"var(--ast-global-color-5)","background-image":"","background-repeat":"repeat","background-position":"center center","background-size":"auto","background-attachment":"scroll","background-type":"","background-media":"","overlay-type":"","overlay-color":"","overlay-opacity":"","overlay-gradient":""},"tablet":{"background-color":"var(--ast-global-color-5)","background-image":"","background-repeat":"repeat","background-position":"center center","background-size":"auto","background-attachment":"scroll","background-type":"","background-media":"","overlay-type":"","overlay-color":"","overlay-opacity":"","overlay-gradient":""},"mobile":{"background-color":"var(--ast-global-color-5)","background-image":"","background-repeat":"repeat","background-position":"center center","background-size":"auto","background-attachment":"scroll","background-type":"","background-media":"","overlay-type":"","overlay-color":"","overlay-opacity":"","overlay-gradient":""}},"footnotes":""},"categories":[138,29],"tags":[],"class_list":["post-3655","post","type-post","status-publish","format-standard","has-post-thumbnail","hentry","category-1bat","category-portada"],"post_mailing_queue_ids":[],"_links":{"self":[{"href":"https:\/\/agora.xtec.cat\/iesdauro\/wp-json\/wp\/v2\/posts\/3655","targetHints":{"allow":["GET"]}}],"collection":[{"href":"https:\/\/agora.xtec.cat\/iesdauro\/wp-json\/wp\/v2\/posts"}],"about":[{"href":"https:\/\/agora.xtec.cat\/iesdauro\/wp-json\/wp\/v2\/types\/post"}],"author":[{"embeddable":true,"href":"https:\/\/agora.xtec.cat\/iesdauro\/wp-json\/wp\/v2\/users\/1"}],"replies":[{"embeddable":true,"href":"https:\/\/agora.xtec.cat\/iesdauro\/wp-json\/wp\/v2\/comments?post=3655"}],"version-history":[{"count":1,"href":"https:\/\/agora.xtec.cat\/iesdauro\/wp-json\/wp\/v2\/posts\/3655\/revisions"}],"predecessor-version":[{"id":3657,"href":"https:\/\/agora.xtec.cat\/iesdauro\/wp-json\/wp\/v2\/posts\/3655\/revisions\/3657"}],"wp:featuredmedia":[{"embeddable":true,"href":"https:\/\/agora.xtec.cat\/iesdauro\/wp-json\/wp\/v2\/media\/3656"}],"wp:attachment":[{"href":"https:\/\/agora.xtec.cat\/iesdauro\/wp-json\/wp\/v2\/media?parent=3655"}],"wp:term":[{"taxonomy":"category","embeddable":true,"href":"https:\/\/agora.xtec.cat\/iesdauro\/wp-json\/wp\/v2\/categories?post=3655"},{"taxonomy":"post_tag","embeddable":true,"href":"https:\/\/agora.xtec.cat\/iesdauro\/wp-json\/wp\/v2\/tags?post=3655"}],"curies":[{"name":"wp","href":"https:\/\/api.w.org\/{rel}","templated":true}]}}