{"id":3475,"date":"2026-01-02T11:07:14","date_gmt":"2026-01-02T10:07:14","guid":{"rendered":"https:\/\/agora.xtec.cat\/iesdauro\/?p=3475"},"modified":"2026-01-02T11:11:58","modified_gmt":"2026-01-02T10:11:58","slug":"cantata-de-nadala-a-les-residencies-3r-deso","status":"publish","type":"post","link":"https:\/\/agora.xtec.cat\/iesdauro\/portada\/cantata-de-nadala-a-les-residencies-3r-deso\/","title":{"rendered":"Cantata de Nadala a les resid\u00e8ncies. 3r d&#8217;ESO"},"content":{"rendered":"<p style=\"text-align: justify;\">Els passats dies 12 i 15 de desembre, un grup d\u2019alumnes de 3r d\u2019ESO de l\u2019Institut d\u2019Auro va participar en les activitats de celebraci\u00f3 de les festes de Nadal a les dues resid\u00e8ncies del municipi: la Resid\u00e8ncia Sant Francesc i l\u2019Onada.<\/p>\n<div dir=\"auto\" style=\"text-align: justify;\"><\/div>\n<div dir=\"auto\" style=\"text-align: justify;\">Aquest acte ha constitu\u00eft una experi\u00e8ncia molt enriquidora, ja que ha fomentat la implicaci\u00f3 social, l\u2019empatia i els valors de conviv\u00e8ncia del nostre alumnat, alhora que ha refor\u00e7at el vincle intergeneracional.<\/div>\n<div dir=\"auto\" style=\"text-align: justify;\"><\/div>\n<div dir=\"auto\" style=\"text-align: justify;\">Volem expressar el nostre sentiment de felicitat per haver pogut viure aquests moments tan especials, plens de joia i il\u00b7lusi\u00f3. Ha estat especialment emotiu compartir aquesta experi\u00e8ncia i poder observar l\u2019emoci\u00f3 dels residents, aix\u00ed com la satisfacci\u00f3 i l&#8217;alegria que ha generat la nostra intervenci\u00f3.<\/div>\n<div dir=\"auto\" style=\"text-align: justify;\"><\/div>\n<div dir=\"auto\" style=\"text-align: justify;\">Finalment, volem agrair sincerament tant a la Resid\u00e8ncia Sant Francesc com a la Resid\u00e8ncia l\u2019Onada el tracte rebut, la seva predisposici\u00f3 i la confian\u00e7a dipositada en el nostre centre, aix\u00ed com el fet d\u2019haver-nos perm\u00e8s formar part d\u2019aquesta celebraci\u00f3, que ben segur ser\u00e0 inoblidable per a tots nosaltres.<\/div>\n<div dir=\"auto\" style=\"text-align: justify;\"><\/div>\n<div dir=\"auto\" style=\"text-align: justify;\">Us deixem una mostra del concert interpretat pel nostre alumnat.<\/div>\n<div dir=\"auto\" style=\"text-align: justify;\"><\/div>\n<div dir=\"auto\" style=\"text-align: justify;\"><a href=\"https:\/\/drive.google.com\/file\/d\/1c7hNWrkZGC3NSJLhnkCOl2mCI01-kw_v\/view?usp=sharing\">V\u00eddeo de la Cantata<\/a><\/div>\n","protected":false},"excerpt":{"rendered":"<p>Els passats dies 12 i 15 de desembre, un grup d\u2019alumnes de 3r d\u2019ESO de l\u2019Institut d\u2019Auro va participar en les activitats de celebraci\u00f3 de les festes de Nadal a les dues resid\u00e8ncies del municipi: la Resid\u00e8ncia Sant Francesc i l\u2019Onada.<\/p>\n","protected":false},"author":1,"featured_media":0,"comment_status":"open","ping_status":"open","sticky":false,"template":"","format":"standard","meta":{"_bbp_topic_count":0,"_bbp_reply_count":0,"_bbp_total_topic_count":0,"_bbp_total_reply_count":0,"_bbp_voice_count":0,"_bbp_anonymous_reply_count":0,"_bbp_topic_count_hidden":0,"_bbp_reply_count_hidden":0,"_bbp_forum_subforum_count":0,"site-sidebar-layout":"default","site-content-layout":"","ast-site-content-layout":"","site-content-style":"default","site-sidebar-style":"default","ast-global-header-display":"","ast-banner-title-visibility":"","ast-main-header-display":"","ast-hfb-above-header-display":"","ast-hfb-below-header-display":"","ast-hfb-mobile-header-display":"","site-post-title":"","ast-breadcrumbs-content":"","ast-featured-img":"","footer-sml-layout":"","theme-transparent-header-meta":"","adv-header-id-meta":"","stick-header-meta":"","header-above-stick-meta":"","header-main-stick-meta":"","header-below-stick-meta":"","astra-migrate-meta-layouts":"default","ast-page-background-enabled":"default","ast-page-background-meta":{"desktop":{"background-color":"var(--ast-global-color-4)","background-image":"","background-repeat":"repeat","background-position":"center center","background-size":"auto","background-attachment":"scroll","background-type":"","background-media":"","overlay-type":"","overlay-color":"","overlay-opacity":"","overlay-gradient":""},"tablet":{"background-color":"","background-image":"","background-repeat":"repeat","background-position":"center center","background-size":"auto","background-attachment":"scroll","background-type":"","background-media":"","overlay-type":"","overlay-color":"","overlay-opacity":"","overlay-gradient":""},"mobile":{"background-color":"","background-image":"","background-repeat":"repeat","background-position":"center center","background-size":"auto","background-attachment":"scroll","background-type":"","background-media":"","overlay-type":"","overlay-color":"","overlay-opacity":"","overlay-gradient":""}},"ast-content-background-meta":{"desktop":{"background-color":"var(--ast-global-color-5)","background-image":"","background-repeat":"repeat","background-position":"center center","background-size":"auto","background-attachment":"scroll","background-type":"","background-media":"","overlay-type":"","overlay-color":"","overlay-opacity":"","overlay-gradient":""},"tablet":{"background-color":"var(--ast-global-color-5)","background-image":"","background-repeat":"repeat","background-position":"center center","background-size":"auto","background-attachment":"scroll","background-type":"","background-media":"","overlay-type":"","overlay-color":"","overlay-opacity":"","overlay-gradient":""},"mobile":{"background-color":"var(--ast-global-color-5)","background-image":"","background-repeat":"repeat","background-position":"center center","background-size":"auto","background-attachment":"scroll","background-type":"","background-media":"","overlay-type":"","overlay-color":"","overlay-opacity":"","overlay-gradient":""}},"footnotes":""},"categories":[136,141,29],"tags":[216,164],"class_list":["post-3475","post","type-post","status-publish","format-standard","hentry","category-3eso","category-expressions","category-portada","tag-cantata","tag-nadal"],"post_mailing_queue_ids":[],"_links":{"self":[{"href":"https:\/\/agora.xtec.cat\/iesdauro\/wp-json\/wp\/v2\/posts\/3475","targetHints":{"allow":["GET"]}}],"collection":[{"href":"https:\/\/agora.xtec.cat\/iesdauro\/wp-json\/wp\/v2\/posts"}],"about":[{"href":"https:\/\/agora.xtec.cat\/iesdauro\/wp-json\/wp\/v2\/types\/post"}],"author":[{"embeddable":true,"href":"https:\/\/agora.xtec.cat\/iesdauro\/wp-json\/wp\/v2\/users\/1"}],"replies":[{"embeddable":true,"href":"https:\/\/agora.xtec.cat\/iesdauro\/wp-json\/wp\/v2\/comments?post=3475"}],"version-history":[{"count":2,"href":"https:\/\/agora.xtec.cat\/iesdauro\/wp-json\/wp\/v2\/posts\/3475\/revisions"}],"predecessor-version":[{"id":3477,"href":"https:\/\/agora.xtec.cat\/iesdauro\/wp-json\/wp\/v2\/posts\/3475\/revisions\/3477"}],"wp:attachment":[{"href":"https:\/\/agora.xtec.cat\/iesdauro\/wp-json\/wp\/v2\/media?parent=3475"}],"wp:term":[{"taxonomy":"category","embeddable":true,"href":"https:\/\/agora.xtec.cat\/iesdauro\/wp-json\/wp\/v2\/categories?post=3475"},{"taxonomy":"post_tag","embeddable":true,"href":"https:\/\/agora.xtec.cat\/iesdauro\/wp-json\/wp\/v2\/tags?post=3475"}],"curies":[{"name":"wp","href":"https:\/\/api.w.org\/{rel}","templated":true}]}}