{"id":2902,"date":"2025-05-30T10:28:29","date_gmt":"2025-05-30T08:28:29","guid":{"rendered":"https:\/\/agora.xtec.cat\/iesdauro\/?p=2902"},"modified":"2025-07-17T10:41:06","modified_gmt":"2025-07-17T08:41:06","slug":"servei-transport-escolar-de-castellnou","status":"publish","type":"post","link":"https:\/\/agora.xtec.cat\/iesdauro\/general\/servei-transport-escolar-de-castellnou\/","title":{"rendered":"Servei transport escolar de Castellnou"},"content":{"rendered":"<p><b>El Consell Comarcal del Bages gestiona el servei escolar que transporta <\/b><span style=\"font-weight: 400;\">di\u00e0riament l&#8217;alumnat del vostre municipi des de les diferents parades d\u2019autob\u00fas a l\u2019institut i els torna un cop acabada la jornada escolar.\u00a0<\/span><\/p>\n<p><span style=\"font-weight: 400;\">Per fer \u00fas d\u2019aquest servei cal renovar anualment la demanda. Els terminis per a fer les <\/span><b>sol\u00b7licituds pel pr\u00f2xim curs 2025-2026 ja s\u2019han obert:<\/b><\/p>\n<ul>\n<li style=\"font-weight: 400;\" aria-level=\"1\"><b>L\u2019alumnat que continua a l\u2019institut cursant ensenyaments obligatoris (ESO),<\/b><span style=\"font-weight: 400;\"> i vols continuar fent servir el servei sense canvis pot fer la sol\u00b7licitud del 26 de maig fins al 20 de juny de 2025.<\/span><\/li>\n<li style=\"font-weight: 400;\" aria-level=\"1\"><b>L&#8217;alumnat que sol\u00b7licita places vacants perqu\u00e8 continua a l\u2019institut cursant estudis postobligatoris (Batxillerat), <\/b><span style=\"font-weight: 400;\">pot fer la sol\u00b7licitud del 9 de juny fins al 4 de juliol de 2025.<\/span><\/li>\n<\/ul>\n<p><span style=\"font-weight: 400;\">Per a m\u00e9s informaci\u00f3 us enllacem <\/span><a href=\"https:\/\/www.ccbages.cat\/educacioicultura\/educacio\/transport\/\"><span style=\"font-weight: 400;\">la p\u00e0gina web del Consell Comarcal del Bages<\/span><\/a><span style=\"font-weight: 400;\">, des d\u2019on podreu fer tots els tr\u00e0mits i on hi ha informaci\u00f3 m\u00e9s detallada del proc\u00e9s i les dates.<\/span><\/p>\n<p><a href=\"https:\/\/agora.xtec.cat\/iesdauro\/wp-content\/uploads\/usu2955\/2025\/05\/transport-escolar-1.png\"><img loading=\"lazy\" decoding=\"async\" class=\"size-full wp-image-2906 aligncenter\" src=\"https:\/\/agora.xtec.cat\/iesdauro\/wp-content\/uploads\/usu2955\/2025\/05\/transport-escolar-1.png\" alt=\"\" width=\"600\" height=\"300\" srcset=\"https:\/\/agora.xtec.cat\/iesdauro\/wp-content\/uploads\/usu2955\/2025\/05\/transport-escolar-1.png 600w, https:\/\/agora.xtec.cat\/iesdauro\/wp-content\/uploads\/usu2955\/2025\/05\/transport-escolar-1-300x150.png 300w\" sizes=\"auto, (max-width: 600px) 100vw, 600px\" \/><\/a><\/p>\n","protected":false},"excerpt":{"rendered":"<p>El Consell Comarcal del Bages gestiona el servei escolar que transporta di\u00e0riament l&#8217;alumnat del vostre municipi des de les diferents parades d\u2019autob\u00fas a l\u2019institut i els torna un cop acabada la jornada escolar.\u00a0<\/p>\n<p>Per fer \u00fas d\u2019aquest servei cal renovar anualment la demanda. Els terminis per a fer les sol\u00b7licituds pel pr\u00f2xim curs 2025-2026 ja s\u2019han obert<\/p>\n","protected":false},"author":1,"featured_media":2933,"comment_status":"open","ping_status":"closed","sticky":false,"template":"","format":"standard","meta":{"_bbp_topic_count":0,"_bbp_reply_count":0,"_bbp_total_topic_count":0,"_bbp_total_reply_count":0,"_bbp_voice_count":0,"_bbp_anonymous_reply_count":0,"_bbp_topic_count_hidden":0,"_bbp_reply_count_hidden":0,"_bbp_forum_subforum_count":0,"site-sidebar-layout":"default","site-content-layout":"","ast-site-content-layout":"","site-content-style":"default","site-sidebar-style":"default","ast-global-header-display":"","ast-banner-title-visibility":"","ast-main-header-display":"","ast-hfb-above-header-display":"","ast-hfb-below-header-display":"","ast-hfb-mobile-header-display":"","site-post-title":"","ast-breadcrumbs-content":"","ast-featured-img":"","footer-sml-layout":"","theme-transparent-header-meta":"","adv-header-id-meta":"","stick-header-meta":"","header-above-stick-meta":"","header-main-stick-meta":"","header-below-stick-meta":"","astra-migrate-meta-layouts":"default","ast-page-background-enabled":"default","ast-page-background-meta":{"desktop":{"background-color":"var(--ast-global-color-4)","background-image":"","background-repeat":"repeat","background-position":"center center","background-size":"auto","background-attachment":"scroll","background-type":"","background-media":"","overlay-type":"","overlay-color":"","overlay-opacity":"","overlay-gradient":""},"tablet":{"background-color":"","background-image":"","background-repeat":"repeat","background-position":"center center","background-size":"auto","background-attachment":"scroll","background-type":"","background-media":"","overlay-type":"","overlay-color":"","overlay-opacity":"","overlay-gradient":""},"mobile":{"background-color":"","background-image":"","background-repeat":"repeat","background-position":"center center","background-size":"auto","background-attachment":"scroll","background-type":"","background-media":"","overlay-type":"","overlay-color":"","overlay-opacity":"","overlay-gradient":""}},"ast-content-background-meta":{"desktop":{"background-color":"var(--ast-global-color-5)","background-image":"","background-repeat":"repeat","background-position":"center center","background-size":"auto","background-attachment":"scroll","background-type":"","background-media":"","overlay-type":"","overlay-color":"","overlay-opacity":"","overlay-gradient":""},"tablet":{"background-color":"var(--ast-global-color-5)","background-image":"","background-repeat":"repeat","background-position":"center center","background-size":"auto","background-attachment":"scroll","background-type":"","background-media":"","overlay-type":"","overlay-color":"","overlay-opacity":"","overlay-gradient":""},"mobile":{"background-color":"var(--ast-global-color-5)","background-image":"","background-repeat":"repeat","background-position":"center center","background-size":"auto","background-attachment":"scroll","background-type":"","background-media":"","overlay-type":"","overlay-color":"","overlay-opacity":"","overlay-gradient":""}},"footnotes":""},"categories":[1,29],"tags":[170],"class_list":["post-2902","post","type-post","status-publish","format-standard","has-post-thumbnail","hentry","category-general","category-portada","tag-transport-escolar"],"post_mailing_queue_ids":[],"_links":{"self":[{"href":"https:\/\/agora.xtec.cat\/iesdauro\/wp-json\/wp\/v2\/posts\/2902","targetHints":{"allow":["GET"]}}],"collection":[{"href":"https:\/\/agora.xtec.cat\/iesdauro\/wp-json\/wp\/v2\/posts"}],"about":[{"href":"https:\/\/agora.xtec.cat\/iesdauro\/wp-json\/wp\/v2\/types\/post"}],"author":[{"embeddable":true,"href":"https:\/\/agora.xtec.cat\/iesdauro\/wp-json\/wp\/v2\/users\/1"}],"replies":[{"embeddable":true,"href":"https:\/\/agora.xtec.cat\/iesdauro\/wp-json\/wp\/v2\/comments?post=2902"}],"version-history":[{"count":3,"href":"https:\/\/agora.xtec.cat\/iesdauro\/wp-json\/wp\/v2\/posts\/2902\/revisions"}],"predecessor-version":[{"id":2907,"href":"https:\/\/agora.xtec.cat\/iesdauro\/wp-json\/wp\/v2\/posts\/2902\/revisions\/2907"}],"wp:featuredmedia":[{"embeddable":true,"href":"https:\/\/agora.xtec.cat\/iesdauro\/wp-json\/wp\/v2\/media\/2933"}],"wp:attachment":[{"href":"https:\/\/agora.xtec.cat\/iesdauro\/wp-json\/wp\/v2\/media?parent=2902"}],"wp:term":[{"taxonomy":"category","embeddable":true,"href":"https:\/\/agora.xtec.cat\/iesdauro\/wp-json\/wp\/v2\/categories?post=2902"},{"taxonomy":"post_tag","embeddable":true,"href":"https:\/\/agora.xtec.cat\/iesdauro\/wp-json\/wp\/v2\/tags?post=2902"}],"curies":[{"name":"wp","href":"https:\/\/api.w.org\/{rel}","templated":true}]}}