{"id":2588,"date":"2025-04-05T11:52:51","date_gmt":"2025-04-05T09:52:51","guid":{"rendered":"https:\/\/agora.xtec.cat\/iesdauro\/?p=2588"},"modified":"2025-04-05T12:18:09","modified_gmt":"2025-04-05T10:18:09","slug":"participacio-de-linstitut-en-les-proves-delf-scolaire-curs-2024-2025","status":"publish","type":"post","link":"https:\/\/agora.xtec.cat\/iesdauro\/portada\/participacio-de-linstitut-en-les-proves-delf-scolaire-curs-2024-2025\/","title":{"rendered":"Participaci\u00f3 de l\u2019Institut en les Proves DELF Scolaire \u2013 Curs 2024\/2025"},"content":{"rendered":"<p style=\"text-align: justify;\">El nostre institut participa en les proves oficials DELF scolaire, unes proves de franc\u00e8s reconegudes internacionalment i atorgades pel Ministeri d\u2019Educaci\u00f3 Nacional de Fran\u00e7a. Aquestes proves permeten als estudiants obtenir el Dipl\u00f4me d\u2019\u00c9tudes en Langue Fran\u00e7aise (DELF), certificat oficial que avala el seu coneixement de la llengua francesa i \u00e9s reconegut en m\u00e9s de 174 pa\u00efsos.<\/p>\n<h6 style=\"text-align: justify;\">Qu\u00e8 \u00e9s el DELF scolaire?<\/h6>\n<div><\/div>\n<p style=\"text-align: justify;\">El DELF scolaire est\u00e0 dissenyat espec\u00edficament per a alumnes de secund\u00e0ria i segueix els nivells del Marc Com\u00fa Europeu de Refer\u00e8ncia per a les Lleng\u00fces (MCERL). Aquest diploma ofereix una gran oportunitat per als estudiants de certificar les seves compet\u00e8ncies ling\u00fc\u00edstiques en franc\u00e8s, amb ex\u00e0mens adaptats als nivells A2, B1 i B2.<\/p>\n<p style=\"text-align: justify;\">Aquests diplomes tenen una validesa indefinida i, a m\u00e9s, obren la porta a diverses oportunitats acad\u00e8miques i professionals. Per exemple, el DELF B1 \u00e9s requerit per poder optar a una beca Erasmus.<\/p>\n<h6 style=\"text-align: justify;\">Dates de les proves DELF scolaire 2025<\/h6>\n<p style=\"text-align: justify;\">Les proves s\u2019organitzaran de la seg\u00fcent manera:<\/p>\n<p style=\"text-align: justify;\">\u2022 Proves escrites DELF A2: Dijous 8 de maig de 2025, de 17h00 a 18h40.<\/p>\n<p style=\"text-align: justify;\">\u2022 Proves orals individuals: Entre el 25 d\u2019abril i el 27 de maig de 2025, segons la planificaci\u00f3 espec\u00edfica de cada centre.<\/p>\n<p style=\"text-align: justify;\">Els ex\u00e0mens es realitzaran als instituts de secund\u00e0ria designats pel Departament d\u2019Ensenyament. S\u2019establiran els centres d\u2019examen en funci\u00f3 de la ubicaci\u00f3 dels alumnes per facilitar el despla\u00e7ament.<\/p>\n<h6 style=\"text-align: justify;\">Taxes d\u2019inscripci\u00f3<\/h6>\n<p style=\"text-align: justify;\">Les proves DELF scolaire ofereixen unes taxes preferents, m\u00e9s econ\u00f2miques que les del DELF junior. Per al curs 2025, les taxes s\u00f3n:<\/p>\n<p style=\"text-align: justify;\">\u2022 DELF scolaire A2: 80,50\u20ac<\/p>\n<h6 style=\"text-align: justify;\">Contingut de les proves<\/h6>\n<p style=\"text-align: justify;\">Els ex\u00e0mens avaluen les quatre destreses ling\u00fc\u00edstiques:<\/p>\n<p style=\"text-align: justify;\">1. Comprensi\u00f3 escrita<\/p>\n<p style=\"text-align: justify;\">2. Expressi\u00f3 escrita<\/p>\n<p style=\"text-align: justify;\">3. Comprensi\u00f3 oral<\/p>\n<p style=\"text-align: justify;\">4. Expressi\u00f3 oral<\/p>\n<p style=\"text-align: justify;\">Per superar les proves, l\u2019alumne ha d\u2019obtenir una mitjana m\u00ednima de 50 punts sobre 100. A m\u00e9s, es permet que una destresa compensi la nota d\u2019una altra, tot i que cada destresa ha de tenir com a m\u00ednim una puntuaci\u00f3 de 5\/25 per ser considerada aprovada.<\/p>\n<h6 style=\"text-align: justify;\">Inscripci\u00f3 i preparaci\u00f3<\/h6>\n<p style=\"text-align: justify;\">Els estudiants interessats a presentar-se al DELF scolaire poden reservar pla\u00e7a omplint el formulari d\u2019inscripci\u00f3 abans del 20 de gener. La matr\u00edcula telem\u00e0tica es realitzar\u00e0 entre l\u20191 i el 20 de febrer, un cop confirmada l\u2019autoritzaci\u00f3 des de TPVescola.<\/p>\n<p style=\"text-align: justify;\">Per assegurar que els alumnes disposen del nivell necessari per presentar-se a les proves, al gener es realitzaran proves simulacre al centre.<\/p>\n<h6 style=\"text-align: justify;\">M\u00e9s informaci\u00f3<\/h6>\n<p style=\"text-align: justify;\">Per a qualsevol dubte o consulta sobre el DELF scolaire, podeu contactar amb el departament de lleng\u00fces estrangeres a trav\u00e9s de l\u2019adre\u00e7a de correu electr\u00f2nic <a href=\"mailto:jordina.tapia.prof@dauro.cat\" target=\"_blank\" rel=\"noopener\">jordina.tapia.prof@dauro.cat<\/a>.<\/p>\n<p style=\"text-align: justify;\">El centre considera que les proves DELF scolaire s\u00f3n una gran oportunitat per als alumnes per certificar el seu coneixement del franc\u00e8s i obrir noves oportunitats acad\u00e8miques i professionals.<\/p>\n<p><a href=\"https:\/\/agora.xtec.cat\/iesdauro\/wp-content\/uploads\/usu2955\/2025\/04\/DELF-web.jpg\"><img loading=\"lazy\" decoding=\"async\" class=\" wp-image-2589 aligncenter\" src=\"https:\/\/agora.xtec.cat\/iesdauro\/wp-content\/uploads\/usu2955\/2025\/04\/DELF-web.jpg\" alt=\"\" width=\"769\" height=\"329\" srcset=\"https:\/\/agora.xtec.cat\/iesdauro\/wp-content\/uploads\/usu2955\/2025\/04\/DELF-web.jpg 1024w, https:\/\/agora.xtec.cat\/iesdauro\/wp-content\/uploads\/usu2955\/2025\/04\/DELF-web-300x128.jpg 300w, https:\/\/agora.xtec.cat\/iesdauro\/wp-content\/uploads\/usu2955\/2025\/04\/DELF-web-768x329.jpg 768w\" sizes=\"auto, (max-width: 769px) 100vw, 769px\" \/><\/a><\/p>\n","protected":false},"excerpt":{"rendered":"<p>El nostre institut participa en les proves oficials DELF scolaire, unes proves de franc\u00e8s reconegudes internacionalment i atorgades pel Ministeri d\u2019Educaci\u00f3 Nacional de Fran\u00e7a. Aquestes proves permeten als estudiants obtenir el Dipl\u00f4me d\u2019\u00c9tudes en Langue Fran\u00e7aise (DELF), certificat oficial que avala el seu coneixement de la llengua francesa i \u00e9s reconegut en m\u00e9s de 174 pa\u00efsos.<\/p>\n","protected":false},"author":1,"featured_media":2587,"comment_status":"open","ping_status":"closed","sticky":false,"template":"","format":"standard","meta":{"_bbp_topic_count":0,"_bbp_reply_count":0,"_bbp_total_topic_count":0,"_bbp_total_reply_count":0,"_bbp_voice_count":0,"_bbp_anonymous_reply_count":0,"_bbp_topic_count_hidden":0,"_bbp_reply_count_hidden":0,"_bbp_forum_subforum_count":0,"site-sidebar-layout":"default","site-content-layout":"","ast-site-content-layout":"","site-content-style":"default","site-sidebar-style":"default","ast-global-header-display":"","ast-banner-title-visibility":"","ast-main-header-display":"","ast-hfb-above-header-display":"","ast-hfb-below-header-display":"","ast-hfb-mobile-header-display":"","site-post-title":"","ast-breadcrumbs-content":"","ast-featured-img":"","footer-sml-layout":"","theme-transparent-header-meta":"","adv-header-id-meta":"","stick-header-meta":"","header-above-stick-meta":"","header-main-stick-meta":"","header-below-stick-meta":"","astra-migrate-meta-layouts":"default","ast-page-background-enabled":"default","ast-page-background-meta":{"desktop":{"background-color":"var(--ast-global-color-4)","background-image":"","background-repeat":"repeat","background-position":"center center","background-size":"auto","background-attachment":"scroll","background-type":"","background-media":"","overlay-type":"","overlay-color":"","overlay-opacity":"","overlay-gradient":""},"tablet":{"background-color":"","background-image":"","background-repeat":"repeat","background-position":"center center","background-size":"auto","background-attachment":"scroll","background-type":"","background-media":"","overlay-type":"","overlay-color":"","overlay-opacity":"","overlay-gradient":""},"mobile":{"background-color":"","background-image":"","background-repeat":"repeat","background-position":"center center","background-size":"auto","background-attachment":"scroll","background-type":"","background-media":"","overlay-type":"","overlay-color":"","overlay-opacity":"","overlay-gradient":""}},"ast-content-background-meta":{"desktop":{"background-color":"var(--ast-global-color-5)","background-image":"","background-repeat":"repeat","background-position":"center center","background-size":"auto","background-attachment":"scroll","background-type":"","background-media":"","overlay-type":"","overlay-color":"","overlay-opacity":"","overlay-gradient":""},"tablet":{"background-color":"var(--ast-global-color-5)","background-image":"","background-repeat":"repeat","background-position":"center center","background-size":"auto","background-attachment":"scroll","background-type":"","background-media":"","overlay-type":"","overlay-color":"","overlay-opacity":"","overlay-gradient":""},"mobile":{"background-color":"var(--ast-global-color-5)","background-image":"","background-repeat":"repeat","background-position":"center center","background-size":"auto","background-attachment":"scroll","background-type":"","background-media":"","overlay-type":"","overlay-color":"","overlay-opacity":"","overlay-gradient":""}},"footnotes":""},"categories":[145,29,140],"tags":[],"class_list":["post-2588","post","type-post","status-publish","format-standard","has-post-thumbnail","hentry","category-llengues-estrangeres","category-portada","category-projectes-de-centre"],"post_mailing_queue_ids":[],"_links":{"self":[{"href":"https:\/\/agora.xtec.cat\/iesdauro\/wp-json\/wp\/v2\/posts\/2588","targetHints":{"allow":["GET"]}}],"collection":[{"href":"https:\/\/agora.xtec.cat\/iesdauro\/wp-json\/wp\/v2\/posts"}],"about":[{"href":"https:\/\/agora.xtec.cat\/iesdauro\/wp-json\/wp\/v2\/types\/post"}],"author":[{"embeddable":true,"href":"https:\/\/agora.xtec.cat\/iesdauro\/wp-json\/wp\/v2\/users\/1"}],"replies":[{"embeddable":true,"href":"https:\/\/agora.xtec.cat\/iesdauro\/wp-json\/wp\/v2\/comments?post=2588"}],"version-history":[{"count":3,"href":"https:\/\/agora.xtec.cat\/iesdauro\/wp-json\/wp\/v2\/posts\/2588\/revisions"}],"predecessor-version":[{"id":2596,"href":"https:\/\/agora.xtec.cat\/iesdauro\/wp-json\/wp\/v2\/posts\/2588\/revisions\/2596"}],"wp:featuredmedia":[{"embeddable":true,"href":"https:\/\/agora.xtec.cat\/iesdauro\/wp-json\/wp\/v2\/media\/2587"}],"wp:attachment":[{"href":"https:\/\/agora.xtec.cat\/iesdauro\/wp-json\/wp\/v2\/media?parent=2588"}],"wp:term":[{"taxonomy":"category","embeddable":true,"href":"https:\/\/agora.xtec.cat\/iesdauro\/wp-json\/wp\/v2\/categories?post=2588"},{"taxonomy":"post_tag","embeddable":true,"href":"https:\/\/agora.xtec.cat\/iesdauro\/wp-json\/wp\/v2\/tags?post=2588"}],"curies":[{"name":"wp","href":"https:\/\/api.w.org\/{rel}","templated":true}]}}