{"id":2435,"date":"2025-04-16T12:50:31","date_gmt":"2025-04-16T10:50:31","guid":{"rendered":"https:\/\/agora.xtec.cat\/iesdauro\/?p=2435"},"modified":"2025-04-16T13:06:57","modified_gmt":"2025-04-16T11:06:57","slug":"lectures-imprescindibles-per-sant-jordi-primera-part","status":"publish","type":"post","link":"https:\/\/agora.xtec.cat\/iesdauro\/general\/lectures-imprescindibles-per-sant-jordi-primera-part\/","title":{"rendered":"Lectures imprescindibles per Sant Jordi. Quarta part."},"content":{"rendered":"<p style=\"text-align: justify;\">Triar un bon llibre pot ser tot un repte, sobretot quan hi ha tantes opcions. Siguis un lector apassionat o b\u00e9 alg\u00fa que busca una hist\u00f2ria que t&#8217;atrapi des de la primera p\u00e0gina, sempre hi ha un llibre perfecte per a cada moment. Des d&#8217;aventures plenes d&#8217;acci\u00f3 fins a relats que ens fan reflexionar, la literatura ens permet viatjar a mons desconeguts, con\u00e8ixer personatges inoblidables i viure emocions intenses. En aquest article, el professorat del Departament de Lleng\u00fces de l&#8217;institut, us volem proposar algunes lectures imprescindibles per aquest Sant Jordi. Esperem que us agradin i que gaudiu de la lectura&#8230; perqu\u00e8 llegir \u00e9s tot un plaer!<\/p>\n<h6><b>Juli\u00e0 Satorra, Marta (2024) <\/b><b><i>Alguna cosa m\u00e9s enll\u00e0. <\/i><\/b><b>Lleonard Muntaner Ed.<\/b><\/h6>\n<p style=\"text-align: justify;\"><i><span style=\"font-weight: 400;\">Alguna cosa m\u00e9s enll\u00e0 <\/span><\/i><span style=\"font-weight: 400;\">\u00e9s un recull de narracions breus que permeten con\u00e8ixer el m\u00f3n interior de la dona. A trav\u00e9s de la Cl\u00e0udia, l\u2019Emma, l\u2019Ona\u2026 farem un viatge pels pensaments de moltes persones que podrien ser una sola dona. Que podries ser tu mateixa.<\/span><\/p>\n<p style=\"text-align: justify;\"><span style=\"font-weight: 400;\">Narrativa breu recomanada per a totes les edats per compartir emocions que sovint amaguem massa endins.<\/span><a href=\"https:\/\/agora.xtec.cat\/iesdauro\/wp-content\/uploads\/usu2955\/2025\/04\/llibre-13.jpg\"><img loading=\"lazy\" decoding=\"async\" class=\" wp-image-2632 aligncenter\" src=\"https:\/\/agora.xtec.cat\/iesdauro\/wp-content\/uploads\/usu2955\/2025\/04\/llibre-13-684x1024.jpg\" alt=\"\" width=\"254\" height=\"381\" srcset=\"https:\/\/agora.xtec.cat\/iesdauro\/wp-content\/uploads\/usu2955\/2025\/04\/llibre-13-684x1024.jpg 684w, https:\/\/agora.xtec.cat\/iesdauro\/wp-content\/uploads\/usu2955\/2025\/04\/llibre-13-200x300.jpg 200w, https:\/\/agora.xtec.cat\/iesdauro\/wp-content\/uploads\/usu2955\/2025\/04\/llibre-13-768x1150.jpg 768w, https:\/\/agora.xtec.cat\/iesdauro\/wp-content\/uploads\/usu2955\/2025\/04\/llibre-13.jpg 789w\" sizes=\"auto, (max-width: 254px) 100vw, 254px\" \/><\/a><\/p>\n<h6><\/h6>\n<p><b>Aguilar, Laia. (2019) <\/b><b><i>Wolfgang. El secret del pare. <\/i><\/b><b>Editorial Labutxaca.<\/b><\/p>\n<p style=\"text-align: justify;\"><span style=\"font-weight: 400;\">Si us va captivar <\/span><i><span style=\"font-weight: 400;\">Wolfgang (extraordinari)<\/span><\/i><span style=\"font-weight: 400;\">, la hist\u00f2ria<\/span> <span style=\"font-weight: 400;\">d\u2019aquest nen continua amb <\/span><i><span style=\"font-weight: 400;\">Wolfgang. El secret del pare. <\/span><\/i><span style=\"font-weight: 400;\">El protagonista t\u00e9 13 anys i fa temps que viu amb en Carles, el seu pare. Tot sembla que va b\u00e9 -o aparentment b\u00e9- fins que a casa comencen a passar coses estranyes. Les trucades del pare a hores intempestives li indiquen que hi ha alg\u00fa altre a la seva vida (una dona). D\u2019altra banda, l\u2019\u00e0via es mostra reticent a acceptar el pare i amaga unes cartes i uns documents que en cap moment vol ensenyar al nen. Tots aquests avisos fan que en Wolfgang comenci a interessar-se per la vida del pare (en concret pel seu passat), a qui s\u2019adona que no coneix gens\u2026<\/span><\/p>\n<p style=\"text-align: justify;\"><span style=\"font-weight: 400;\">Si en voleu llegir un fragment, aqu\u00ed teniu <\/span><a href=\"https:\/\/grup62cat.cdnstatics2.com\/usuaris\/libros_contenido\/arxius\/41\/40834_Wolfgang.pdf\"><span style=\"font-weight: 400;\">l\u2019enlla\u00e7.<\/span><\/a><\/p>\n<p style=\"text-align: justify;\"><span style=\"font-weight: 400;\">Una novel\u00b7la recomanada per a 1r cicle d\u2019ESO<\/span><\/p>\n<p><a href=\"https:\/\/agora.xtec.cat\/iesdauro\/wp-content\/uploads\/usu2955\/2025\/04\/llibre-14.jpg\"><img loading=\"lazy\" decoding=\"async\" class=\" wp-image-2633 aligncenter\" src=\"https:\/\/agora.xtec.cat\/iesdauro\/wp-content\/uploads\/usu2955\/2025\/04\/llibre-14.jpg\" alt=\"\" width=\"259\" height=\"379\" srcset=\"https:\/\/agora.xtec.cat\/iesdauro\/wp-content\/uploads\/usu2955\/2025\/04\/llibre-14.jpg 684w, https:\/\/agora.xtec.cat\/iesdauro\/wp-content\/uploads\/usu2955\/2025\/04\/llibre-14-205x300.jpg 205w\" sizes=\"auto, (max-width: 259px) 100vw, 259px\" \/><\/a><\/p>\n<h6><b>Ovidi Introducci\u00f3: Pere F\u00e0bregas P\u00e0gines: 488 Data de publicaci\u00f3: Agost del 2021 ISBN: 978-84-16948-69-7 Col\u00b7lecci\u00f3: Summa Aetatis N\u00famero de col\u00b7lecci\u00f3: 7 \u2026<\/b><\/h6>\n<p style=\"text-align: justify;\"><span style=\"font-weight: 400;\">El llibre Heroides \u00e9s un recull de vint-i-una cartes escrites en vers. Les protagonistes s\u00f3n reines i nimfes del m\u00f3n mitol\u00f2gic que ens fan arribar, en forma d\u2019ep\u00edstola, el dolor provocat per la tra\u00efci\u00f3, l&#8217;abandonament o b\u00e9 la ranc\u00fania. Aquest llibre \u00e9s una mostra m\u00e9s de l&#8217;exaltaci\u00f3 de la feminitat en el m\u00f3n cl\u00e0ssic: hero\u00efnes llegend\u00e0ries que intenten amagar l&#8217;aut\u00e8ntic desconsol que senten per haver estat abandonades i tra\u00efdes pels amants i pels marits que els van jurar amor etern. Les protagonistes es converteixen en escriptores i \u00e9s el seu dolor qui parla a trav\u00e9s d\u2019un discurs tr\u00e0gic i ple de passi\u00f3.<\/span><a href=\"https:\/\/agora.xtec.cat\/iesdauro\/wp-content\/uploads\/usu2955\/2025\/04\/llibre-15.jpg\"><img loading=\"lazy\" decoding=\"async\" class=\" wp-image-2634 aligncenter\" src=\"https:\/\/agora.xtec.cat\/iesdauro\/wp-content\/uploads\/usu2955\/2025\/04\/llibre-15.jpg\" alt=\"\" width=\"253\" height=\"375\" srcset=\"https:\/\/agora.xtec.cat\/iesdauro\/wp-content\/uploads\/usu2955\/2025\/04\/llibre-15.jpg 600w, https:\/\/agora.xtec.cat\/iesdauro\/wp-content\/uploads\/usu2955\/2025\/04\/llibre-15-202x300.jpg 202w\" sizes=\"auto, (max-width: 253px) 100vw, 253px\" \/><\/a><\/p>\n<h6><b>Milwood, Kiran. (2022) <\/b><b><i>La J\u00falia i el taur\u00f3<\/i><\/b><b>. Bamb\u00fa<\/b><\/h6>\n<p><span style=\"font-weight: 400;\">Traducci\u00f3 de V\u00edctor Aldea<\/span><\/p>\n<p><span style=\"font-weight: 400;\">Il\u00b7lustrador: Tom de Freston<\/span><\/p>\n<p><span style=\"font-weight: 400;\">Em dic J\u00falia. Aquesta \u00e9s la hist\u00f2ria de l\u2019estiu que vaig perdre la mare i vaig trobar un taur\u00f3 m\u00e9s vell que els arbres. No pateixis, per\u00f2, que aix\u00f2 no t\u2019espatllar\u00e0 el final.<\/span><\/p>\n<p><span style=\"font-weight: 400;\">Una novel\u00b7la recomanada per a 1r cicle d\u2019ESO.<\/span><\/p>\n<p><a href=\"https:\/\/agora.xtec.cat\/iesdauro\/wp-content\/uploads\/usu2955\/2025\/03\/Llibre-7.jpg\"><img loading=\"lazy\" decoding=\"async\" class=\" wp-image-2597 aligncenter\" src=\"https:\/\/agora.xtec.cat\/iesdauro\/wp-content\/uploads\/usu2955\/2025\/03\/Llibre-7.jpg\" alt=\"\" width=\"273\" height=\"400\" srcset=\"https:\/\/agora.xtec.cat\/iesdauro\/wp-content\/uploads\/usu2955\/2025\/03\/Llibre-7.jpg 461w, https:\/\/agora.xtec.cat\/iesdauro\/wp-content\/uploads\/usu2955\/2025\/03\/Llibre-7-205x300.jpg 205w\" sizes=\"auto, (max-width: 273px) 100vw, 273px\" \/><\/a><\/p>\n<h6><b>Moreno, Eloy. (2018) <\/b><b><i>Invisible.<\/i><\/b><b> N\u00favol de tinta.<\/b><\/h6>\n<p style=\"text-align: justify;\"><span style=\"font-weight: 400;\">Invisible \u00e9s una novel\u00b7la que trasbalsa el lector perqu\u00e8 aborda el tema del bullying a les aules. Ara b\u00e9, el tractament \u00e9s des de tots els punts de vista; no nom\u00e9s ho veurem des de la persona afectada sin\u00f3 tamb\u00e9 coneixerem com ho viuen els seus amics (o suposats amics), el professorat (per a tots els gustos) i tamb\u00e9, i aix\u00f2 \u00e9s el que fa que aquesta novel\u00b7la sigui especial) des del punt de vista de l\u2019abusador.\u00a0\u00a0\u00a0<\/span><\/p>\n<p style=\"text-align: justify;\"><span style=\"font-weight: 400;\">La construcci\u00f3 liter\u00e0ria d\u2019aquesta narraci\u00f3 no \u00e9s f\u00e0cil d\u2019entrada, paci\u00e8ncia que la novel\u00b7la s\u2019ho val!<\/span><\/p>\n<p style=\"text-align: justify;\"><span style=\"font-weight: 400;\">Una novel\u00b7la recomanada per a 2n cicle d\u2019ESO.<\/span><\/p>\n<p><a href=\"https:\/\/agora.xtec.cat\/iesdauro\/wp-content\/uploads\/usu2955\/2025\/03\/Llibre-8.jpg\"><img loading=\"lazy\" decoding=\"async\" class=\" wp-image-2598 aligncenter\" src=\"https:\/\/agora.xtec.cat\/iesdauro\/wp-content\/uploads\/usu2955\/2025\/03\/Llibre-8.jpg\" alt=\"\" width=\"253\" height=\"380\" srcset=\"https:\/\/agora.xtec.cat\/iesdauro\/wp-content\/uploads\/usu2955\/2025\/03\/Llibre-8.jpg 681w, https:\/\/agora.xtec.cat\/iesdauro\/wp-content\/uploads\/usu2955\/2025\/03\/Llibre-8-200x300.jpg 200w\" sizes=\"auto, (max-width: 253px) 100vw, 253px\" \/><\/a><\/p>\n<h6><b>de Fombelle, Thimoth\u00e9e. (2022) <\/b><b><i>Alma. S\u2019aixeca el vent<\/i><\/b><b>. Arca<\/b><\/h6>\n<p style=\"text-align: justify;\">Il\u00b7lustrada per Fran\u00e7ois Place<\/p>\n<p style=\"text-align: justify;\">Traducci\u00f3 de Merc\u00e8 Ubach<\/p>\n<p style=\"text-align: justify;\"><span style=\"font-weight: 400;\">S\u2019aixeca el vent \u00e9s el primer llibre de la trilogia ALMA.\u00a0<\/span><\/p>\n<p style=\"text-align: justify;\"><span style=\"font-weight: 400;\">Situada l\u2019any 1786 quan potentats europeus s\u2019enriquien amb la venda d\u2019esclaus segrestant tribus senceres d\u2019africans per traslladar-los a una am\u00e8rica en plena expansi\u00f3.<\/span><\/p>\n<p style=\"text-align: justify;\"><span style=\"font-weight: 400;\">Tres hist\u00f2ries diferents es van superposant fins que acabaran enllan\u00e7ant-se en un mateix relat. Cal estar molt atent per\u00f2 quan hi entris, no la podr\u00e0s deixar.<\/span><\/p>\n<p style=\"text-align: justify;\"><span style=\"font-weight: 400;\">Una novel\u00b7la recomanada per a 2n cicle d\u2019ESO.<\/span><\/p>\n<p><a href=\"https:\/\/agora.xtec.cat\/iesdauro\/wp-content\/uploads\/usu2955\/2025\/03\/Llibre-9.jpg\"><img loading=\"lazy\" decoding=\"async\" class=\"wp-image-2599 aligncenter\" src=\"https:\/\/agora.xtec.cat\/iesdauro\/wp-content\/uploads\/usu2955\/2025\/03\/Llibre-9.jpg\" alt=\"\" width=\"252\" height=\"392\" srcset=\"https:\/\/agora.xtec.cat\/iesdauro\/wp-content\/uploads\/usu2955\/2025\/03\/Llibre-9.jpg 514w, https:\/\/agora.xtec.cat\/iesdauro\/wp-content\/uploads\/usu2955\/2025\/03\/Llibre-9-193x300.jpg 193w\" sizes=\"auto, (max-width: 252px) 100vw, 252px\" \/><\/a><\/p>\n<h6><b>VVAA, (2022). <\/b><b><i>Cuatro poetas en guerra<\/i><\/b><b>: Barcelona: AustralC\u00f3mic<\/b><\/h6>\n<p style=\"text-align: justify;\"><span style=\"font-weight: 400;\">Emotiva novel\u00b7la gr\u00e0fica, on Quique Palomo adapta l\u2019obra d\u2019Ian Gibson, fent un recorregut per la vida de quatre extraordinaris poetes: Lorca, Antonio Machado, Miguel Hern\u00e1ndez i Juan Ram\u00f3n Jim\u00e9nez, els quals van viure les repres\u00e0lies del Franquisme.<\/span><\/p>\n<p style=\"text-align: justify;\"><span style=\"font-weight: 400;\">El text, les il\u00b7lustracions i el rigor hist\u00f2ric i literari fan que aquest llibre sigui\u00a0 especialment adequat per a l\u2019alumnat de 4t d\u2019ESO i batxillerat.<\/span><\/p>\n<h6><a href=\"https:\/\/agora.xtec.cat\/iesdauro\/wp-content\/uploads\/usu2955\/2025\/03\/Llibre-4.jpg\"><img loading=\"lazy\" decoding=\"async\" class=\" wp-image-2543 aligncenter\" src=\"https:\/\/agora.xtec.cat\/iesdauro\/wp-content\/uploads\/usu2955\/2025\/03\/Llibre-4.jpg\" alt=\"\" width=\"268\" height=\"403\" srcset=\"https:\/\/agora.xtec.cat\/iesdauro\/wp-content\/uploads\/usu2955\/2025\/03\/Llibre-4.jpg 681w, https:\/\/agora.xtec.cat\/iesdauro\/wp-content\/uploads\/usu2955\/2025\/03\/Llibre-4-200x300.jpg 200w\" sizes=\"auto, (max-width: 268px) 100vw, 268px\" \/><\/a><\/h6>\n<h6><\/h6>\n<h6><b>VVAA, (2021), <\/b><b><i>Voces que cuentan<\/i><\/b><b>: Barcelona: Planeta C\u00f3mic<\/b><\/h6>\n<p style=\"text-align: justify;\"><span style=\"font-weight: 400;\">Dones com J\u00falia Otero, Eva Amaral, Leticia Dolera i Raquel Riba Rossy, entre d\u2019altres, ens relaten part de les seves vides, les seves experi\u00e8ncies professionals i les seves hist\u00f2ries de superaci\u00f3. I tot acompanyat amb il\u00b7lustracions fetes per dones que completen i embelleixen\u00a0 les reflexions sobre temes universals que poden interessar a totes les edats.<\/span><\/p>\n<p style=\"text-align: justify;\"><span style=\"font-weight: 400;\">Llibre recomanat per a l\u2019alumnat de 4t d\u2019ESO i batxillerat.<\/span><\/p>\n<p><a href=\"https:\/\/agora.xtec.cat\/iesdauro\/wp-content\/uploads\/usu2955\/2025\/03\/Llibre-5.jpg\"><img loading=\"lazy\" decoding=\"async\" class=\"wp-image-2545 aligncenter\" src=\"https:\/\/agora.xtec.cat\/iesdauro\/wp-content\/uploads\/usu2955\/2025\/03\/Llibre-5.jpg\" alt=\"\" width=\"271\" height=\"366\" srcset=\"https:\/\/agora.xtec.cat\/iesdauro\/wp-content\/uploads\/usu2955\/2025\/03\/Llibre-5.jpg 720w, https:\/\/agora.xtec.cat\/iesdauro\/wp-content\/uploads\/usu2955\/2025\/03\/Llibre-5-222x300.jpg 222w\" sizes=\"auto, (max-width: 271px) 100vw, 271px\" \/><\/a><\/p>\n<h6><b>Postert, Petra. (2022) <\/b><b><i>L\u2019any de les abelles<\/i><\/b><b>. Takatuka<\/b><\/h6>\n<p style=\"text-align: justify;\"><span style=\"font-weight: 400;\">Traducci\u00f3 d\u2019Anna Soler<\/span><\/p>\n<p style=\"text-align: justify;\"><span style=\"font-weight: 400;\">Il\u00b7lustracions: Maria Gir\u00f3<\/span><\/p>\n<p style=\"text-align: justify;\"><span style=\"font-weight: 400;\">En morir l\u2019avi, la Josy en rep una her\u00e8ncia ben especial: una caixa d\u2019abelles. Malgrat l\u2019oposici\u00f3 de la mare i tots els obstacles que aniran sorgint, no nom\u00e9s aconseguir\u00e0 quedar-se amb l\u2019her\u00e8ncia sin\u00f3 tamb\u00e9 convertir-se en l\u2019apicultora m\u00e9s jove de la ciutat.<\/span><\/p>\n<p style=\"text-align: justify;\"><span style=\"font-weight: 400;\">Al costat de l\u2019Alma, ser\u00e0 capa\u00e7 d\u2019aprendre tot all\u00f2 que envolta el m\u00f3n de les abelles i aprendr\u00e0 a cuidar-les per\u00f2 sobretot a estimar-les.<\/span><\/p>\n<p style=\"text-align: justify;\"><span style=\"font-weight: 400;\">De retruc, la Josy aconseguir\u00e0 que la mare es reconcili\u00ef amb el seu passat.<\/span><\/p>\n<p style=\"text-align: justify;\"><span style=\"font-weight: 400;\">Una novel\u00b7la preciosa recomanada per a 1r cicle d\u2019ESO.<\/span><\/p>\n<p><a href=\"https:\/\/agora.xtec.cat\/iesdauro\/wp-content\/uploads\/usu2955\/2025\/03\/Llibre-6.jpg\"><img loading=\"lazy\" decoding=\"async\" class=\" wp-image-2546 aligncenter\" src=\"https:\/\/agora.xtec.cat\/iesdauro\/wp-content\/uploads\/usu2955\/2025\/03\/Llibre-6.jpg\" alt=\"\" width=\"244\" height=\"360\" srcset=\"https:\/\/agora.xtec.cat\/iesdauro\/wp-content\/uploads\/usu2955\/2025\/03\/Llibre-6.jpg 400w, https:\/\/agora.xtec.cat\/iesdauro\/wp-content\/uploads\/usu2955\/2025\/03\/Llibre-6-203x300.jpg 203w\" sizes=\"auto, (max-width: 244px) 100vw, 244px\" \/><\/a><\/p>\n<h6><b>Gonzalvo, L. (2022).<\/b><b><i> La llista de les coses impossibles. <\/i><\/b><b>Barcelona: Columna<\/b><\/h6>\n<p style=\"text-align: justify;\"><i><span style=\"font-weight: 400;\">La llista de les coses impossibles <\/span><\/i><span style=\"font-weight: 400;\">\u00e9s la hist\u00f2ria de la Clara i del Guim. Una hist\u00f2ria de somnis i de realitats, de desitjos i de ferides. Una hist\u00f2ria d\u2019amor i de vida. Una hist\u00f2ria de superaci\u00f3 malgrat els diversos entrebancs que et pugui presentar la vida.<\/span><span style=\"font-weight: 400;\">La Clara i el Guim s\u00f3n parella des de l\u2019institut. Per\u00f2 poc abans de fer els divuit anys, el Guim decideix deixar-la, creu que s\u00f3n massa joves per lligar-se i prefereix viure la vida plenament sense dependre de ning\u00fa. Qui s\u2019havia d\u2019imaginar, per\u00f2, que al cap d\u2019uns mesos el Guim tindria un accident de moto i quedaria tetrapl\u00e8gic?\u00a0<\/span><span style=\"font-weight: 400;\">\u00c9s un relat intens i dur, per\u00f2 que de ben segur que no us deixar\u00e0 indiferents.<\/span><\/p>\n<p style=\"text-align: justify;\"><span style=\"font-weight: 400;\">Si en voleu llegir un fragment, aqu\u00ed teniu <\/span><a href=\"https:\/\/grup62cat.cdnstatics2.com\/libros_contenido_extra\/50\/49551_la_Llista_de_les_coses_impossibles.pdf\"><span style=\"font-weight: 400;\">l\u2019enlla\u00e7<\/span><\/a><span style=\"font-weight: 400;\">. <\/span><span style=\"font-weight: 400;\">Llibre destinat als alumnes de segon cicle d\u2019ESO i batxillerat.<\/span><\/p>\n<p><a href=\"https:\/\/agora.xtec.cat\/iesdauro\/wp-content\/uploads\/usu2955\/2025\/03\/Llibre-1.jpg\"><img loading=\"lazy\" decoding=\"async\" class=\" wp-image-2437 aligncenter\" src=\"https:\/\/agora.xtec.cat\/iesdauro\/wp-content\/uploads\/usu2955\/2025\/03\/Llibre-1.jpg\" alt=\"\" width=\"253\" height=\"382\" srcset=\"https:\/\/agora.xtec.cat\/iesdauro\/wp-content\/uploads\/usu2955\/2025\/03\/Llibre-1.jpg 299w, https:\/\/agora.xtec.cat\/iesdauro\/wp-content\/uploads\/usu2955\/2025\/03\/Llibre-1-199x300.jpg 199w\" sizes=\"auto, (max-width: 253px) 100vw, 253px\" \/><\/a><\/p>\n<h6><b>Orriols, M. (2016). <\/b><b><i>Anatomia de les dist\u00e0ncies curtes. <\/i><\/b><b>Barcelona: Edicions del Periscopi<\/b><\/h6>\n<p style=\"text-align: justify;\"><span style=\"font-weight: 400;\">A trav\u00e9s de personatges fuga\u00e7os i d\u2019imatges senzilles que condensen grans emocions en petits gestos, aquest <\/span><b>recull de contes <\/b><span style=\"font-weight: 400;\">retrata la infinitat de relacions a qu\u00e8 ens condueix l\u2019amor. L\u2019estima,el dolor, les ren\u00fancies impl\u00edcites, els oblits o les p\u00e8rdues es relacionen \u00edntimament en uns textos en qu\u00e8 els protagonistes s\u2019enfronten de manera quasi imperceptible amb l\u2019exterior mentre proven d\u2019oblidar els somnis, els desitjos laborals i sexuals i, fins i tot, el dret a enfadar-se. Un calidoscopi proper i emp\u00e0tic que ens aproxima de manera natural als sentiments que maquillem per por d\u2019alterar el curs de les nostres vides. Anatomia de les dist\u00e0ncies curtes \u00e9s un paisatge l\u00facid i emocional reblert dels silencis que protegim.<\/span><\/p>\n<p style=\"text-align: justify;\"><span style=\"font-weight: 400;\">Llibre destinat als alumnes de batxillerat.<\/span><\/p>\n<p><a href=\"https:\/\/agora.xtec.cat\/iesdauro\/wp-content\/uploads\/usu2955\/2025\/03\/Llibre-2.jpg\"><img loading=\"lazy\" decoding=\"async\" class=\" wp-image-2438 aligncenter\" src=\"https:\/\/agora.xtec.cat\/iesdauro\/wp-content\/uploads\/usu2955\/2025\/03\/Llibre-2.jpg\" alt=\"\" width=\"261\" height=\"385\" \/><\/a><\/p>\n<p>&nbsp;<\/p>\n<h6><strong>Barcel\u00f3, E. (2007). <i>Cordeluna:<\/i> Barcelona: Edeb\u00e9<\/strong><\/h6>\n<p style=\"text-align: justify;\"><span style=\"font-weight: 400;\">Cordeluna \u00e9s una novel\u00b7la que fusiona hist\u00f2ria, fantasia, amor, intriga i gelosia. Presenta dues hist\u00f2ries paral\u00b7leles separades en el temps, que s&#8217;entrellacen entre elles.<\/span><\/p>\n<p style=\"text-align: justify;\"><span style=\"font-weight: 400;\">Fa mil anys, una hist\u00f2ria d&#8217;amor es va veure interrompuda per una maledicci\u00f3. Un poder fosc va aconseguir capturar les \u00e0nimes dels amants, obligant-los a viure una i altra vegada al llarg de les generacions fins que, en algun moment de la nostra \u00e8poca, un poder div\u00ed aconsegueixi trencar el malefici.\u00a0<\/span><\/p>\n<p style=\"text-align: justify;\"><span style=\"font-weight: 400;\">Llibre destinat als alumnes de segon cicle d&#8217;ESO i de batxillerat.<\/span><\/p>\n<p><a href=\"https:\/\/agora.xtec.cat\/iesdauro\/wp-content\/uploads\/usu2955\/2025\/03\/Llibre-3.jpg\"><img loading=\"lazy\" decoding=\"async\" class=\" wp-image-2439 aligncenter\" src=\"https:\/\/agora.xtec.cat\/iesdauro\/wp-content\/uploads\/usu2955\/2025\/03\/Llibre-3.jpg\" alt=\"\" width=\"314\" height=\"501\" srcset=\"https:\/\/agora.xtec.cat\/iesdauro\/wp-content\/uploads\/usu2955\/2025\/03\/Llibre-3.jpg 411w, https:\/\/agora.xtec.cat\/iesdauro\/wp-content\/uploads\/usu2955\/2025\/03\/Llibre-3-188x300.jpg 188w\" sizes=\"auto, (max-width: 314px) 100vw, 314px\" \/><\/a><\/p>\n<p>&nbsp;<\/p>\n","protected":false},"excerpt":{"rendered":"<p>Triar un bon llibre pot ser tot un repte, sobretot quan hi ha tantes opcions. Siguis un lector apassionat o b\u00e9 alg\u00fa que busca una hist\u00f2ria que t&#8217;atrapi des de la primera p\u00e0gina, sempre hi ha un llibre perfecte per a cada moment. Des d&#8217;aventures plenes d&#8217;acci\u00f3 fins a relats que ens fan reflexionar, la literatura ens permet viatjar a mons desconeguts, con\u00e8ixer personatges inoblidables i viure emocions intenses. <\/p>\n","protected":false},"author":1,"featured_media":2440,"comment_status":"open","ping_status":"closed","sticky":false,"template":"","format":"standard","meta":{"_bbp_topic_count":0,"_bbp_reply_count":0,"_bbp_total_topic_count":0,"_bbp_total_reply_count":0,"_bbp_voice_count":0,"_bbp_anonymous_reply_count":0,"_bbp_topic_count_hidden":0,"_bbp_reply_count_hidden":0,"_bbp_forum_subforum_count":0,"site-sidebar-layout":"default","site-content-layout":"","ast-site-content-layout":"","site-content-style":"default","site-sidebar-style":"default","ast-global-header-display":"","ast-banner-title-visibility":"","ast-main-header-display":"","ast-hfb-above-header-display":"","ast-hfb-below-header-display":"","ast-hfb-mobile-header-display":"","site-post-title":"","ast-breadcrumbs-content":"","ast-featured-img":"","footer-sml-layout":"","theme-transparent-header-meta":"","adv-header-id-meta":"","stick-header-meta":"","header-above-stick-meta":"","header-main-stick-meta":"","header-below-stick-meta":"","astra-migrate-meta-layouts":"default","ast-page-background-enabled":"default","ast-page-background-meta":{"desktop":{"background-color":"var(--ast-global-color-4)","background-image":"","background-repeat":"repeat","background-position":"center center","background-size":"auto","background-attachment":"scroll","background-type":"","background-media":"","overlay-type":"","overlay-color":"","overlay-opacity":"","overlay-gradient":""},"tablet":{"background-color":"","background-image":"","background-repeat":"repeat","background-position":"center center","background-size":"auto","background-attachment":"scroll","background-type":"","background-media":"","overlay-type":"","overlay-color":"","overlay-opacity":"","overlay-gradient":""},"mobile":{"background-color":"","background-image":"","background-repeat":"repeat","background-position":"center center","background-size":"auto","background-attachment":"scroll","background-type":"","background-media":"","overlay-type":"","overlay-color":"","overlay-opacity":"","overlay-gradient":""}},"ast-content-background-meta":{"desktop":{"background-color":"var(--ast-global-color-5)","background-image":"","background-repeat":"repeat","background-position":"center center","background-size":"auto","background-attachment":"scroll","background-type":"","background-media":"","overlay-type":"","overlay-color":"","overlay-opacity":"","overlay-gradient":""},"tablet":{"background-color":"var(--ast-global-color-5)","background-image":"","background-repeat":"repeat","background-position":"center center","background-size":"auto","background-attachment":"scroll","background-type":"","background-media":"","overlay-type":"","overlay-color":"","overlay-opacity":"","overlay-gradient":""},"mobile":{"background-color":"var(--ast-global-color-5)","background-image":"","background-repeat":"repeat","background-position":"center center","background-size":"auto","background-attachment":"scroll","background-type":"","background-media":"","overlay-type":"","overlay-color":"","overlay-opacity":"","overlay-gradient":""}},"footnotes":""},"categories":[1,144,29],"tags":[38],"class_list":["post-2435","post","type-post","status-publish","format-standard","has-post-thumbnail","hentry","category-general","category-llengues","category-portada","tag-sant-jordi"],"post_mailing_queue_ids":[],"_links":{"self":[{"href":"https:\/\/agora.xtec.cat\/iesdauro\/wp-json\/wp\/v2\/posts\/2435","targetHints":{"allow":["GET"]}}],"collection":[{"href":"https:\/\/agora.xtec.cat\/iesdauro\/wp-json\/wp\/v2\/posts"}],"about":[{"href":"https:\/\/agora.xtec.cat\/iesdauro\/wp-json\/wp\/v2\/types\/post"}],"author":[{"embeddable":true,"href":"https:\/\/agora.xtec.cat\/iesdauro\/wp-json\/wp\/v2\/users\/1"}],"replies":[{"embeddable":true,"href":"https:\/\/agora.xtec.cat\/iesdauro\/wp-json\/wp\/v2\/comments?post=2435"}],"version-history":[{"count":6,"href":"https:\/\/agora.xtec.cat\/iesdauro\/wp-json\/wp\/v2\/posts\/2435\/revisions"}],"predecessor-version":[{"id":3939,"href":"https:\/\/agora.xtec.cat\/iesdauro\/wp-json\/wp\/v2\/posts\/2435\/revisions\/3939"}],"wp:featuredmedia":[{"embeddable":true,"href":"https:\/\/agora.xtec.cat\/iesdauro\/wp-json\/wp\/v2\/media\/2440"}],"wp:attachment":[{"href":"https:\/\/agora.xtec.cat\/iesdauro\/wp-json\/wp\/v2\/media?parent=2435"}],"wp:term":[{"taxonomy":"category","embeddable":true,"href":"https:\/\/agora.xtec.cat\/iesdauro\/wp-json\/wp\/v2\/categories?post=2435"},{"taxonomy":"post_tag","embeddable":true,"href":"https:\/\/agora.xtec.cat\/iesdauro\/wp-json\/wp\/v2\/tags?post=2435"}],"curies":[{"name":"wp","href":"https:\/\/api.w.org\/{rel}","templated":true}]}}