{"id":2290,"date":"2025-02-23T17:26:19","date_gmt":"2025-02-23T16:26:19","guid":{"rendered":"https:\/\/agora.xtec.cat\/iesdauro\/?p=2290"},"modified":"2025-07-17T10:41:42","modified_gmt":"2025-07-17T08:41:42","slug":"preinscripcio-curs-2025-2026-eso-i-bat-dates-clau","status":"publish","type":"post","link":"https:\/\/agora.xtec.cat\/iesdauro\/general\/preinscripcio-curs-2025-2026-eso-i-bat-dates-clau\/","title":{"rendered":"Preinscripci\u00f3 curs 2025-2026. ESO i BATX. Dates clau."},"content":{"rendered":"<header class=\"entry-header\">\n<h3 class=\"entry-title\"><\/h3>\n<\/header>\n<div class=\"entry-content\">\n<h3><b>PROC\u00c9S DE PREINSCRIPCI\u00d3 2025-2026<\/b><\/h3>\n<h4><b>ESO<\/b><\/h4>\n<p>11 de mar\u00e7 de 2025: difusi\u00f3 de l\u2019oferta inicial de places<\/p>\n<p>Del 14 al 26 de mar\u00e7 de 2025: presentaci\u00f3 de sol\u00b7licituds<\/p>\n<p>Fins el 28 de mar\u00e7 de 2025: presentaci\u00f3 de documentaci\u00f3<\/p>\n<p>Aquests dies pots presentar documentaci\u00f3 acreditativa que no hagis pogut adjuntar durant el per\u00edode de presentaci\u00f3 de sol\u00b7licituds.<\/p>\n<p><a href=\"https:\/\/preinscripcio.gencat.cat\/ca\/estudis\/eso\/inici\/\" target=\"_blank\" rel=\"noopener\">Preinscripci\u00f3 GENCAT ESO 2025-2026<\/a><\/p>\n<p>24 d\u2019abril de 2025: publicaci\u00f3 de llistes amb el barem provisional<\/p>\n<p>Del 24 al 29 d\u2019abril de 2025: presentaci\u00f3 de reclamacions<\/p>\n<p>5 de maig de 2025: publicaci\u00f3 de llistes\u00a0 amb el barem definitiu un cop resoltes les reclamacions<strong>\u00a0<\/strong><\/p>\n<p>8 de maig de 2025: sorteig del n\u00famero per al desempat: <strong>El n\u00famero \u00e9s el 76261<\/strong><\/p>\n<p>9 de maig de 2025: publicaci\u00f3 de les llistes ordenades definitives<\/p>\n<p>16 de juny de 2025: publicaci\u00f3 de l\u2019oferta final de places<\/p>\n<p>16 de juny de 2025: publicaci\u00f3 de la llista d\u2019admesos i llista d&#8217;espera<\/p>\n<p style=\"text-align: justify;\"><strong>Avui, 16 de juny de 2025, s&#8217;han publicat la llista d&#8217;assignaci\u00f3 de preinscrits al centre i la llista d&#8217;espera. Estan totes dues penjades al tauler d&#8217;anuncis del centre. El termini de reclamacions \u00e9s del 17 al 19 de juny ambd\u00f3s inclosos, i cal presentar-la a trav\u00e9s del seg\u00fcent <a href=\"https:\/\/educacio.gencat.cat\/ca\/tramits\/tramits-temes\/reclamacio-preinscripcio-obligatoris?moda=1\" target=\"_blank\" rel=\"noopener\" data-saferedirecturl=\"https:\/\/www.google.com\/url?q=https:\/\/educacio.gencat.cat\/ca\/tramits\/tramits-temes\/reclamacio-preinscripcio-obligatoris?moda%3D1&amp;source=gmail&amp;ust=1750168609980000&amp;usg=AOvVaw0gL0rCptJOszJJlZU9-qmo\">enlla\u00e7<\/a>\u00a0o b\u00e9 presencialment al centre en paper a trav\u00e9s del seg\u00fcent\u00a0<a href=\"https:\/\/documents.espai.educacio.gencat.cat\/FormularisModels\/CentresGestioAdministrativa\/A1429.pdf\" target=\"_blank\" rel=\"noopener\" data-saferedirecturl=\"https:\/\/www.google.com\/url?q=https:\/\/documents.espai.educacio.gencat.cat\/FormularisModels\/CentresGestioAdministrativa\/A1429.pdf&amp;source=gmail&amp;ust=1750168609980000&amp;usg=AOvVaw3AiyGQktTcUPMD_jIPoB0t\">document<\/a>.\u00a0<\/strong><\/p>\n<p>Els alumnes admesos rebran, a partir del 16 juny, un correu amb les indicacions i documentaci\u00f3 per formalitzar la matr\u00edcula.<\/p>\n<p>Del 25 de juny al 3 de juliol matriculaci\u00f3 de 1er d&#8217;ESO<\/p>\n<h4><\/h4>\n<h4><b>BATXILLERAT<\/b><\/h4>\n<p>02 d\u2019abril de 2025: difusi\u00f3 de l\u2019oferta inicial de places<\/p>\n<p>Del 03 al 10 d\u2019abril de 2025: presentaci\u00f3 de sol\u00b7licituds<\/p>\n<p>Fins el 11 d\u2019abril de 2025: presentaci\u00f3 de documentaci\u00f3<\/p>\n<p>Aquests dies pots presentar documentaci\u00f3 acreditativa que no hagis pogut adjuntar durant el per\u00edode de presentaci\u00f3 de sol\u00b7licituds.<\/p>\n<p><a href=\"https:\/\/preinscripcio.gencat.cat\/ca\/estudis\/batxillerat\/informat\/calendari\/\" target=\"_blank\" rel=\"noopener\">Preinscripci\u00f3 GENCAT BATXILLERAT 2025-2026<\/a><\/p>\n<p>16 de maig de 2025: publicaci\u00f3 de llistes amb puntuaci\u00f3 provisional<\/p>\n<p>Del 16 al 22 de maig de 2025: presentaci\u00f3 de reclamacions<\/p>\n<p>27 de maig de 2025: publicaci\u00f3 de llista de sol\u00b7licituds amb la puntuaci\u00f3 un cop resoltes les reclamacions<\/p>\n<p>27 de maig de 2025: sorteig per resoldre les sol\u00b7licituds empatades en punts: <strong>El n\u00famero \u00e9s el 6090<\/strong><\/p>\n<p>30 de maig de 2025: publicaci\u00f3 de les llistes ordenades definitives<\/p>\n<p>19 de juny de 2025: publicaci\u00f3 de l\u2019oferta final de places<\/p>\n<p>19 de juny de 2025: publicaci\u00f3 de la llista d\u2019admesos i llista d\u2019espera<\/p>\n<p>Del 20 de juny al 30 de juny de 2025: matriculaci\u00f3 dels alumnes preinscrits a batxillerat amb pla\u00e7a assignada<\/p>\n<p>Els alumnes admesos rebran, a partir del 19 de juny, un correu amb les indicacions i documentaci\u00f3 per formalitzar la matr\u00edcula.<\/p>\n<\/div>\n<p><a href=\"https:\/\/agora.xtec.cat\/iesdauro\/wp-content\/uploads\/usu2955\/2025\/02\/Preinscripcio-2025.jpg\"><img loading=\"lazy\" decoding=\"async\" class=\" wp-image-2292 aligncenter\" src=\"https:\/\/agora.xtec.cat\/iesdauro\/wp-content\/uploads\/usu2955\/2025\/02\/Preinscripcio-2025-724x1024.jpg\" alt=\"\" width=\"355\" height=\"502\" srcset=\"https:\/\/agora.xtec.cat\/iesdauro\/wp-content\/uploads\/usu2955\/2025\/02\/Preinscripcio-2025-724x1024.jpg 724w, https:\/\/agora.xtec.cat\/iesdauro\/wp-content\/uploads\/usu2955\/2025\/02\/Preinscripcio-2025-212x300.jpg 212w, https:\/\/agora.xtec.cat\/iesdauro\/wp-content\/uploads\/usu2955\/2025\/02\/Preinscripcio-2025-768x1086.jpg 768w, https:\/\/agora.xtec.cat\/iesdauro\/wp-content\/uploads\/usu2955\/2025\/02\/Preinscripcio-2025-1086x1536.jpg 1086w, https:\/\/agora.xtec.cat\/iesdauro\/wp-content\/uploads\/usu2955\/2025\/02\/Preinscripcio-2025-1448x2048.jpg 1448w, https:\/\/agora.xtec.cat\/iesdauro\/wp-content\/uploads\/usu2955\/2025\/02\/Preinscripcio-2025.jpg 1587w\" sizes=\"auto, (max-width: 355px) 100vw, 355px\" \/><\/a><\/p>\n<div class=\"entry-content\">\n<h4><\/h4>\n<p>&nbsp;<\/p>\n<\/div>\n","protected":false},"excerpt":{"rendered":"<p>PROC\u00c9S DE PREINSCRIPCI\u00d3 2025-2026. Dates Clau.<\/p>\n","protected":false},"author":1,"featured_media":2293,"comment_status":"open","ping_status":"closed","sticky":false,"template":"","format":"standard","meta":{"_bbp_topic_count":0,"_bbp_reply_count":0,"_bbp_total_topic_count":0,"_bbp_total_reply_count":0,"_bbp_voice_count":0,"_bbp_anonymous_reply_count":0,"_bbp_topic_count_hidden":0,"_bbp_reply_count_hidden":0,"_bbp_forum_subforum_count":0,"site-sidebar-layout":"default","site-content-layout":"","ast-site-content-layout":"","site-content-style":"default","site-sidebar-style":"default","ast-global-header-display":"","ast-banner-title-visibility":"","ast-main-header-display":"","ast-hfb-above-header-display":"","ast-hfb-below-header-display":"","ast-hfb-mobile-header-display":"","site-post-title":"","ast-breadcrumbs-content":"","ast-featured-img":"","footer-sml-layout":"","theme-transparent-header-meta":"","adv-header-id-meta":"","stick-header-meta":"","header-above-stick-meta":"","header-main-stick-meta":"","header-below-stick-meta":"","astra-migrate-meta-layouts":"default","ast-page-background-enabled":"default","ast-page-background-meta":{"desktop":{"background-color":"var(--ast-global-color-4)","background-image":"","background-repeat":"repeat","background-position":"center center","background-size":"auto","background-attachment":"scroll","background-type":"","background-media":"","overlay-type":"","overlay-color":"","overlay-opacity":"","overlay-gradient":""},"tablet":{"background-color":"","background-image":"","background-repeat":"repeat","background-position":"center center","background-size":"auto","background-attachment":"scroll","background-type":"","background-media":"","overlay-type":"","overlay-color":"","overlay-opacity":"","overlay-gradient":""},"mobile":{"background-color":"","background-image":"","background-repeat":"repeat","background-position":"center center","background-size":"auto","background-attachment":"scroll","background-type":"","background-media":"","overlay-type":"","overlay-color":"","overlay-opacity":"","overlay-gradient":""}},"ast-content-background-meta":{"desktop":{"background-color":"var(--ast-global-color-5)","background-image":"","background-repeat":"repeat","background-position":"center center","background-size":"auto","background-attachment":"scroll","background-type":"","background-media":"","overlay-type":"","overlay-color":"","overlay-opacity":"","overlay-gradient":""},"tablet":{"background-color":"var(--ast-global-color-5)","background-image":"","background-repeat":"repeat","background-position":"center center","background-size":"auto","background-attachment":"scroll","background-type":"","background-media":"","overlay-type":"","overlay-color":"","overlay-opacity":"","overlay-gradient":""},"mobile":{"background-color":"var(--ast-global-color-5)","background-image":"","background-repeat":"repeat","background-position":"center center","background-size":"auto","background-attachment":"scroll","background-type":"","background-media":"","overlay-type":"","overlay-color":"","overlay-opacity":"","overlay-gradient":""}},"footnotes":""},"categories":[1,29],"tags":[],"class_list":["post-2290","post","type-post","status-publish","format-standard","has-post-thumbnail","hentry","category-general","category-portada"],"post_mailing_queue_ids":[],"_links":{"self":[{"href":"https:\/\/agora.xtec.cat\/iesdauro\/wp-json\/wp\/v2\/posts\/2290","targetHints":{"allow":["GET"]}}],"collection":[{"href":"https:\/\/agora.xtec.cat\/iesdauro\/wp-json\/wp\/v2\/posts"}],"about":[{"href":"https:\/\/agora.xtec.cat\/iesdauro\/wp-json\/wp\/v2\/types\/post"}],"author":[{"embeddable":true,"href":"https:\/\/agora.xtec.cat\/iesdauro\/wp-json\/wp\/v2\/users\/1"}],"replies":[{"embeddable":true,"href":"https:\/\/agora.xtec.cat\/iesdauro\/wp-json\/wp\/v2\/comments?post=2290"}],"version-history":[{"count":6,"href":"https:\/\/agora.xtec.cat\/iesdauro\/wp-json\/wp\/v2\/posts\/2290\/revisions"}],"predecessor-version":[{"id":2992,"href":"https:\/\/agora.xtec.cat\/iesdauro\/wp-json\/wp\/v2\/posts\/2290\/revisions\/2992"}],"wp:featuredmedia":[{"embeddable":true,"href":"https:\/\/agora.xtec.cat\/iesdauro\/wp-json\/wp\/v2\/media\/2293"}],"wp:attachment":[{"href":"https:\/\/agora.xtec.cat\/iesdauro\/wp-json\/wp\/v2\/media?parent=2290"}],"wp:term":[{"taxonomy":"category","embeddable":true,"href":"https:\/\/agora.xtec.cat\/iesdauro\/wp-json\/wp\/v2\/categories?post=2290"},{"taxonomy":"post_tag","embeddable":true,"href":"https:\/\/agora.xtec.cat\/iesdauro\/wp-json\/wp\/v2\/tags?post=2290"}],"curies":[{"name":"wp","href":"https:\/\/api.w.org\/{rel}","templated":true}]}}