{"id":1748,"date":"2024-10-19T19:32:53","date_gmt":"2024-10-19T17:32:53","guid":{"rendered":"https:\/\/agora.xtec.cat\/iesdauro\/?p=1748"},"modified":"2025-11-12T18:11:51","modified_gmt":"2025-11-12T17:11:51","slug":"linstitut-dauro-collabora-amb-les-eoi","status":"publish","type":"post","link":"https:\/\/agora.xtec.cat\/iesdauro\/portada\/linstitut-dauro-collabora-amb-les-eoi\/","title":{"rendered":"L\u2019Institut d\u2019Auro col\u00b7labora amb les EOI"},"content":{"rendered":"<p style=\"text-align: justify;\"><span style=\"font-weight: 400;\">Benvolgudes fam\u00edlies i alumnat,<\/span><\/p>\n<p style=\"text-align: justify;\"><span style=\"font-weight: 400;\">L&#8217;Institut d&#8217;Auro, en col\u00b7laboraci\u00f3 amb l&#8217;Escola Oficial d&#8217;Idiomes (EOI) de Manresa, participa en el Programa de certificaci\u00f3 de coneixements de lleng\u00fces estrangeres. Aquest programa ofereix a l&#8217;alumnat l&#8217;oportunitat de preparar-se i presentar-se a les proves oficials de certificaci\u00f3 d&#8217;angl\u00e8s amb l&#8217;objectiu d&#8217;aconseguir els t\u00edtols de B1 i B2, segons el Marc Europeu Com\u00fa de Refer\u00e8ncia per a les Lleng\u00fces.<\/span><\/p>\n<p style=\"text-align: justify;\"><b>Calendari de les proves oficials<\/b><\/p>\n<p style=\"text-align: justify;\"><span style=\"font-weight: 400;\">Les proves escrites es faran a l&#8217;abril (pendent de confirmaci\u00f3), amb una data prevista per al divendres 10 d&#8217;abril. Les proves orals tindran lloc despr\u00e9s de les escrites, tot i que encara no s&#8217;ha fixat la data exacta. Les proves es duran a terme a la tarda a les instal\u00b7lacions de l&#8217;EOI de Manresa.<\/span><\/p>\n<p style=\"text-align: justify;\"><b>Preus i bonificacions<\/b><\/p>\n<p style=\"text-align: justify;\"><span style=\"font-weight: 400;\">El preu aproximat de les proves \u00e9s de 78 \u20ac. Les fam\u00edlies nombroses o monoparentals tenen una bonificaci\u00f3 del 50% i alguns alumnes poden estar exempts del pagament si compleixen les condicions seg\u00fcents:<\/span><\/p>\n<p style=\"text-align: justify;\"><span style=\"font-weight: 400;\">\u00a0\u00a0\u00a0\u00a0Ser membre de fam\u00edlia nombrosa de categoria especial.<\/span><\/p>\n<p style=\"text-align: justify;\"><span style=\"font-weight: 400;\">\u00a0\u00a0\u00a0\u00a0Tenir una discapacitat igual o superior al 33%.<\/span><\/p>\n<p style=\"text-align: justify;\"><span style=\"font-weight: 400;\">\u00a0\u00a0\u00a0\u00a0Estar subjecte a mesures privatives de llibertat.<\/span><\/p>\n<p style=\"text-align: justify;\"><span style=\"font-weight: 400;\">\u00a0\u00a0\u00a0\u00a0Ser v\u00edctima d&#8217;actes terroristes.<\/span><\/p>\n<p style=\"text-align: justify;\"><span style=\"font-weight: 400;\">\u00c9s important tenir la documentaci\u00f3 pertinent al dia per a formalitzar la inscripci\u00f3, que es far\u00e0 el gener.<\/span><\/p>\n<p style=\"text-align: justify;\"><b>Proves de simulacre a l&#8217;Institut d&#8217;Auro<\/b><\/p>\n<p style=\"text-align: justify;\"><span style=\"font-weight: 400;\">Per assegurar que l&#8217;alumnat interessat t\u00e9 el nivell adequat per a superar les proves oficials, es realitzaran simulacres de les proves de B1 i B2 a l&#8217;institut:<\/span><\/p>\n<p style=\"text-align: justify;\"><span style=\"font-weight: 400;\">\u00a0\u00a0<\/span><b> \u00a0Prova simulacre de nivell B1: Setmana del 9 de desembre (dia i hora pendent de confirmar).<\/b><\/p>\n<p style=\"text-align: justify;\"><b>\u00a0\u00a0\u00a0\u00a0Prova simulacre de nivell B2: Setmana del 9 de desembre (dia i hora pendent de confirmar).<\/b><\/p>\n<p style=\"text-align: justify;\"><span style=\"font-weight: 400;\">L&#8217;alumnat que superi aquestes proves podr\u00e0 formar part del programa de preparaci\u00f3.<\/span><\/p>\n<p style=\"text-align: justify;\"><b>Preparaci\u00f3 i recursos<\/b><\/p>\n<p style=\"text-align: justify;\"><span style=\"font-weight: 400;\">Els alumnes seleccionats hauran d&#8217;assistir a totes les sessions de preparaci\u00f3 durant l&#8217;horari escolar i realitzar tasques complement\u00e0ries a casa. A m\u00e9s, comptaran amb un Classroom especial on podran practicar activitats preparat\u00f2ries cada quinze dies.<\/span><\/p>\n<p style=\"text-align: justify;\"><b>M\u00e9s informaci\u00f3<\/b><\/p>\n<p style=\"text-align: justify;\"><span style=\"font-weight: 400;\">Per a qualsevol dubte, podeu contactar amb la coordinadora del programa, Jordina Tapia, a trav\u00e9s del correu electr\u00f2nic: <strong>jordina.t<\/strong><\/span><b>apia.prof@dauro.cat.<\/b><\/p>\n<p style=\"text-align: justify;\"><span style=\"font-weight: 400;\">Cordialment,<\/span><\/p>\n<p style=\"text-align: justify;\"><span style=\"font-weight: 400;\">L\u2019Equip directiu i l&#8217;\u00c0rea de Lleng\u00fces Estrangeres de l\u2019Institut d&#8217;Auro<\/span><\/p>\n<p><a href=\"https:\/\/agora.xtec.cat\/iesdauro\/wp-content\/uploads\/usu2955\/2024\/10\/eoi-manresa.jpg\"><img loading=\"lazy\" decoding=\"async\" class=\"size-full wp-image-1749 aligncenter\" src=\"https:\/\/agora.xtec.cat\/iesdauro\/wp-content\/uploads\/usu2955\/2024\/10\/eoi-manresa.jpg\" alt=\"\" width=\"224\" height=\"224\" srcset=\"https:\/\/agora.xtec.cat\/iesdauro\/wp-content\/uploads\/usu2955\/2024\/10\/eoi-manresa.jpg 224w, https:\/\/agora.xtec.cat\/iesdauro\/wp-content\/uploads\/usu2955\/2024\/10\/eoi-manresa-150x150.jpg 150w\" sizes=\"auto, (max-width: 224px) 100vw, 224px\" \/><\/a> <a href=\"https:\/\/agora.xtec.cat\/iesdauro\/wp-content\/uploads\/usu2955\/2024\/10\/eoi.jpg\"><img loading=\"lazy\" decoding=\"async\" class=\"wp-image-1750 aligncenter\" src=\"https:\/\/agora.xtec.cat\/iesdauro\/wp-content\/uploads\/usu2955\/2024\/10\/eoi-1024x576.jpg\" alt=\"\" width=\"407\" height=\"229\" srcset=\"https:\/\/agora.xtec.cat\/iesdauro\/wp-content\/uploads\/usu2955\/2024\/10\/eoi-1024x576.jpg 1024w, https:\/\/agora.xtec.cat\/iesdauro\/wp-content\/uploads\/usu2955\/2024\/10\/eoi-300x169.jpg 300w, https:\/\/agora.xtec.cat\/iesdauro\/wp-content\/uploads\/usu2955\/2024\/10\/eoi-768x432.jpg 768w, https:\/\/agora.xtec.cat\/iesdauro\/wp-content\/uploads\/usu2955\/2024\/10\/eoi.jpg 1280w\" sizes=\"auto, (max-width: 407px) 100vw, 407px\" \/><\/a><\/p>\n","protected":false},"excerpt":{"rendered":"<p>L&#8217;Institut d&#8217;Auro, en col\u00b7laboraci\u00f3 amb l&#8217;Escola Oficial d&#8217;Idiomes (EOI) de Manresa, participa en el Programa de certificaci\u00f3 de coneixements de lleng\u00fces estrangeres. Aquest programa ofereix a l&#8217;alumnat l&#8217;oportunitat de preparar-se i presentar-se a les proves oficials de certificaci\u00f3 d&#8217;angl\u00e8s amb l&#8217;objectiu d&#8217;aconseguir els t\u00edtols de B1 i B2, segons el Marc Europeu Com\u00fa de Refer\u00e8ncia per a les Lleng\u00fces.<\/p>\n","protected":false},"author":1,"featured_media":1750,"comment_status":"open","ping_status":"closed","sticky":false,"template":"","format":"standard","meta":{"_bbp_topic_count":0,"_bbp_reply_count":0,"_bbp_total_topic_count":0,"_bbp_total_reply_count":0,"_bbp_voice_count":0,"_bbp_anonymous_reply_count":0,"_bbp_topic_count_hidden":0,"_bbp_reply_count_hidden":0,"_bbp_forum_subforum_count":0,"site-sidebar-layout":"default","site-content-layout":"","ast-site-content-layout":"","site-content-style":"default","site-sidebar-style":"default","ast-global-header-display":"","ast-banner-title-visibility":"","ast-main-header-display":"","ast-hfb-above-header-display":"","ast-hfb-below-header-display":"","ast-hfb-mobile-header-display":"","site-post-title":"","ast-breadcrumbs-content":"","ast-featured-img":"","footer-sml-layout":"","theme-transparent-header-meta":"","adv-header-id-meta":"","stick-header-meta":"","header-above-stick-meta":"","header-main-stick-meta":"","header-below-stick-meta":"","astra-migrate-meta-layouts":"default","ast-page-background-enabled":"default","ast-page-background-meta":{"desktop":{"background-color":"var(--ast-global-color-4)","background-image":"","background-repeat":"repeat","background-position":"center center","background-size":"auto","background-attachment":"scroll","background-type":"","background-media":"","overlay-type":"","overlay-color":"","overlay-opacity":"","overlay-gradient":""},"tablet":{"background-color":"","background-image":"","background-repeat":"repeat","background-position":"center center","background-size":"auto","background-attachment":"scroll","background-type":"","background-media":"","overlay-type":"","overlay-color":"","overlay-opacity":"","overlay-gradient":""},"mobile":{"background-color":"","background-image":"","background-repeat":"repeat","background-position":"center center","background-size":"auto","background-attachment":"scroll","background-type":"","background-media":"","overlay-type":"","overlay-color":"","overlay-opacity":"","overlay-gradient":""}},"ast-content-background-meta":{"desktop":{"background-color":"var(--ast-global-color-5)","background-image":"","background-repeat":"repeat","background-position":"center center","background-size":"auto","background-attachment":"scroll","background-type":"","background-media":"","overlay-type":"","overlay-color":"","overlay-opacity":"","overlay-gradient":""},"tablet":{"background-color":"var(--ast-global-color-5)","background-image":"","background-repeat":"repeat","background-position":"center center","background-size":"auto","background-attachment":"scroll","background-type":"","background-media":"","overlay-type":"","overlay-color":"","overlay-opacity":"","overlay-gradient":""},"mobile":{"background-color":"var(--ast-global-color-5)","background-image":"","background-repeat":"repeat","background-position":"center center","background-size":"auto","background-attachment":"scroll","background-type":"","background-media":"","overlay-type":"","overlay-color":"","overlay-opacity":"","overlay-gradient":""}},"footnotes":""},"categories":[138,134,139,135,136,137,145,29],"tags":[],"class_list":["post-1748","post","type-post","status-publish","format-standard","has-post-thumbnail","hentry","category-1bat","category-1eso","category-2bat","category-2eso","category-3eso","category-4eso","category-llengues-estrangeres","category-portada"],"post_mailing_queue_ids":[],"_links":{"self":[{"href":"https:\/\/agora.xtec.cat\/iesdauro\/wp-json\/wp\/v2\/posts\/1748","targetHints":{"allow":["GET"]}}],"collection":[{"href":"https:\/\/agora.xtec.cat\/iesdauro\/wp-json\/wp\/v2\/posts"}],"about":[{"href":"https:\/\/agora.xtec.cat\/iesdauro\/wp-json\/wp\/v2\/types\/post"}],"author":[{"embeddable":true,"href":"https:\/\/agora.xtec.cat\/iesdauro\/wp-json\/wp\/v2\/users\/1"}],"replies":[{"embeddable":true,"href":"https:\/\/agora.xtec.cat\/iesdauro\/wp-json\/wp\/v2\/comments?post=1748"}],"version-history":[{"count":3,"href":"https:\/\/agora.xtec.cat\/iesdauro\/wp-json\/wp\/v2\/posts\/1748\/revisions"}],"predecessor-version":[{"id":3224,"href":"https:\/\/agora.xtec.cat\/iesdauro\/wp-json\/wp\/v2\/posts\/1748\/revisions\/3224"}],"wp:featuredmedia":[{"embeddable":true,"href":"https:\/\/agora.xtec.cat\/iesdauro\/wp-json\/wp\/v2\/media\/1750"}],"wp:attachment":[{"href":"https:\/\/agora.xtec.cat\/iesdauro\/wp-json\/wp\/v2\/media?parent=1748"}],"wp:term":[{"taxonomy":"category","embeddable":true,"href":"https:\/\/agora.xtec.cat\/iesdauro\/wp-json\/wp\/v2\/categories?post=1748"},{"taxonomy":"post_tag","embeddable":true,"href":"https:\/\/agora.xtec.cat\/iesdauro\/wp-json\/wp\/v2\/tags?post=1748"}],"curies":[{"name":"wp","href":"https:\/\/api.w.org\/{rel}","templated":true}]}}